{"id":62685,"date":"2023-11-10T14:23:28","date_gmt":"2023-11-10T20:23:28","guid":{"rendered":"http:\/\/losperiodistas.com.mx\/portal\/?p=62685"},"modified":"2023-11-10T14:23:30","modified_gmt":"2023-11-10T20:23:30","slug":"cumbre-mundial-de-activistas-contra-las-dictaduras-todos-compartimos-el-sueno-de-ser-libres-el-mundo","status":"publish","type":"post","link":"https:\/\/losperiodistas.com.mx\/portal\/cumbre-mundial-de-activistas-contra-las-dictaduras-todos-compartimos-el-sueno-de-ser-libres-el-mundo\/","title":{"rendered":"Cumbre mundial de activistas contra las dictaduras: \u00abTodos compartimos el sue\u00f1o de ser libres\u00bb | El Mundo"},"content":{"rendered":"\n<p class=\"has-light-green-cyan-background-color has-background has-medium-font-size\">Gente de Asia, \u00c1frica, Europa y Am\u00e9rica comparten discusiones y estrechan lazos para plantar cara a los tiranos que gobiernan sus pa\u00edses<\/p>\n\n\n\n<figure class=\"wp-block-image size-full is-style-default\"><img fetchpriority=\"high\" decoding=\"async\" width=\"746\" height=\"560\" src=\"https:\/\/losperiodistas.com.mx\/portal\/wp-content\/uploads\/2023\/11\/16996088061288.jpg\" alt=\"\" class=\"wp-image-62686\" srcset=\"https:\/\/losperiodistas.com.mx\/portal\/wp-content\/uploads\/2023\/11\/16996088061288.jpg 746w, https:\/\/losperiodistas.com.mx\/portal\/wp-content\/uploads\/2023\/11\/16996088061288-300x225.jpg 300w\" sizes=\"(max-width: 746px) 100vw, 746px\" \/><figcaption>Foto de familia del encuentro en Vilna.<strong>X. COL\u00c1S<\/strong><\/figcaption><\/figure>\n\n\n\n<p><\/p>\n\n\n\n<p><\/p>\n\n\n\n<p class=\"has-vivid-red-color has-text-color has-medium-font-size\"><strong>XAVIER COL\u00c1S \/ EL MUNDO<\/strong><\/p>\n\n\n\n<p>Fortalecer la cooperaci\u00f3n y propiciar transiciones democr\u00e1ticas para m\u00e1s del 70% de la poblaci\u00f3n mundial que vive bajo reg\u00edmenes autocr\u00e1ticos: \u00e9se es el objetivo del Congreso Mundial por la Libertad (WLC), que ha celebrado esta semana en Vilna su primera Asamblea General. Durante la reuni\u00f3n de tres d\u00edas en la capital lituana, m\u00e1s de 200 disidentes y activistas pro-democracia y libertad de 56 pa\u00edses eligieron un consejo de 34 miembros y secretarios regionales, para coordinar esfuerzos a nivel mundial. Gente de Asia, \u00c1frica, Europa y Am\u00e9rica han compartido discusiones y han estrechado lazos para plantar cara a los tiranos que gobiernan sus pa\u00edses.<\/p>\n\n\n\n<p>\u00abEs sorprendente ver c\u00f3mo personas de todo el mundo se re\u00fanen porque creemos en los valores democr\u00e1ticos fundamentales, en los derechos humanos y en elecciones libres y justas\u00bb, declar\u00f3 el cofundador del WLC, Garry Kasparov.<\/p>\n\n\n\n<p>Del encuentro ha salido tambi\u00e9n un documento \u00fatil para ayudar a los represaliados. &#8216;Camino hacia la Libertad: Manual para la Liberaci\u00f3n de Prisioneros Pol\u00edticos&#8217; espera servir para apoyar a m\u00e1s de un mill\u00f3n de presos pol\u00edticos y a sus familias.<\/p>\n\n\n\n<p>Oleksandra Matvichuk, miembro del WLC y ganadora del Premio Nobel de la Paz 2022 en nombre de la organizaci\u00f3n ucraniana de derechos humanos Centro para las Libertades Civiles, fue la oradora principal: \u00abNuestro futuro no est\u00e1 claro ni est\u00e1 garantizado, pero&nbsp;<strong>tenemos la oportunidad de luchar por un futuro<\/strong>&nbsp;que queremos para nosotros y nuestros hijos\u00bb.<\/p>\n\n\n\n<p>El evento de este a\u00f1o, que fue inaugurado por el ministro lituano de Asuntos Exteriores, Gabrielius Landsbergis, tambi\u00e9n incluy\u00f3 a la reci\u00e9n creada WLC Youth Liberty Alliance, compuesta por 37 j\u00f3venes activistas a favor de la libertad y la democracia de 28 pa\u00edses.<\/p>\n\n\n\n<p>\u00abTodos compartimos el sue\u00f1o de ser libres\u00bb, dijo el cofundador del WLC, Leopoldo L\u00f3pez. \u00abCreemos que la lucha por la libertad, la democracia y los derechos humanos no puede aislarse en un solo pa\u00eds cuando el 70% de la poblaci\u00f3n mundial vive bajo autocracia\u00bb.<\/p>\n\n\n\n<p>\u00abAunque Naciones Unidas se haya convertido en un refugio para dictadores, nosotros, los luchadores por la libertad, estamos unidos\u00bb, a\u00f1adi\u00f3 la cofundadora del WLC, Masih Alinejad. \u00ab<strong>Estamos unidos para poner fin a la autocracia<\/strong>&nbsp;y defender la democracia y hemos creado el espacio para lograrlo\u00bb. Carolina Barrero, disidente cubana, tambi\u00e9n estaba entre las asistentes.<\/p>\n\n\n\n<p>En 2022 el opositor ruso Garry Kasparov, Leopoldo L\u00f3pez (que estuvo encarcelado durante m\u00e1s de siete a\u00f1os en Venezuela) y la l\u00edder iran\u00ed y activista por los derechos de las mujeres, Masih Alinejad, fundaron el WLC en asociaci\u00f3n con otros l\u00edderes mundiales volcados en la democracia, libertad, derechos humanos y otras organizaciones y fundaciones.<\/p>\n\n\n\n<p>Fuente: <a href=\"https:\/\/www.elmundo.es\/internacional\/2023\/11\/10\/654df7e3fc6c83b7158b456e.html\">https:\/\/www.elmundo.es\/internacional\/2023\/11\/10\/654df7e3fc6c83b7158b456e.html<\/a><\/p>\n","protected":false},"excerpt":{"rendered":"<p>Gente de Asia, \u00c1frica, Europa y Am\u00e9rica comparten discusiones y estrechan lazos para plantar cara a los tiranos que gobiernan [&hellip;]<\/p>\n","protected":false},"author":1,"featured_media":62686,"comment_status":"open","ping_status":"open","sticky":false,"template":"","format":"standard","meta":{"site-sidebar-layout":"default","site-content-layout":"","ast-site-content-layout":"default","site-content-style":"default","site-sidebar-style":"default","ast-global-header-display":"","ast-banner-title-visibility":"","ast-main-header-display":"","ast-hfb-above-header-display":"","ast-hfb-below-header-display":"","ast-hfb-mobile-header-display":"","site-post-title":"","ast-breadcrumbs-content":"","ast-featured-img":"","footer-sml-layout":"","theme-transparent-header-meta":"","adv-header-id-meta":"","stick-header-meta":"","header-above-stick-meta":"","header-main-stick-meta":"","header-below-stick-meta":"","astra-migrate-meta-layouts":"default","ast-page-background-enabled":"default","ast-page-background-meta":{"desktop":{"background-color":"var(--ast-global-color-4)","background-image":"","background-repeat":"repeat","background-position":"center center","background-size":"auto","background-attachment":"scroll","background-type":"","background-media":"","overlay-type":"","overlay-color":"","overlay-opacity":"","overlay-gradient":""},"tablet":{"background-color":"","background-image":"","background-repeat":"repeat","background-position":"center center","background-size":"auto","background-attachment":"scroll","background-type":"","background-media":"","overlay-type":"","overlay-color":"","overlay-opacity":"","overlay-gradient":""},"mobile":{"background-color":"","background-image":"","background-repeat":"repeat","background-position":"center center","background-size":"auto","background-attachment":"scroll","background-type":"","background-media":"","overlay-type":"","overlay-color":"","overlay-opacity":"","overlay-gradient":""}},"ast-content-background-meta":{"desktop":{"background-color":"var(--ast-global-color-5)","background-image":"","background-repeat":"repeat","background-position":"center center","background-size":"auto","background-attachment":"scroll","background-type":"","background-media":"","overlay-type":"","overlay-color":"","overlay-opacity":"","overlay-gradient":""},"tablet":{"background-color":"var(--ast-global-color-5)","background-image":"","background-repeat":"repeat","background-position":"center center","background-size":"auto","background-attachment":"scroll","background-type":"","background-media":"","overlay-type":"","overlay-color":"","overlay-opacity":"","overlay-gradient":""},"mobile":{"background-color":"var(--ast-global-color-5)","background-image":"","background-repeat":"repeat","background-position":"center center","background-size":"auto","background-attachment":"scroll","background-type":"","background-media":"","overlay-type":"","overlay-color":"","overlay-opacity":"","overlay-gradient":""}},"footnotes":""},"categories":[8],"tags":[20220,20219,7605,20218],"class_list":["post-62685","post","type-post","status-publish","format-standard","has-post-thumbnail","hentry","category-noticias","tag-camino-hacia-la-libertad","tag-congreso-mundial-por-la-libertad","tag-garry-kasparov","tag-regimenes-autocraticos"],"_links":{"self":[{"href":"https:\/\/losperiodistas.com.mx\/portal\/wp-json\/wp\/v2\/posts\/62685","targetHints":{"allow":["GET"]}}],"collection":[{"href":"https:\/\/losperiodistas.com.mx\/portal\/wp-json\/wp\/v2\/posts"}],"about":[{"href":"https:\/\/losperiodistas.com.mx\/portal\/wp-json\/wp\/v2\/types\/post"}],"author":[{"embeddable":true,"href":"https:\/\/losperiodistas.com.mx\/portal\/wp-json\/wp\/v2\/users\/1"}],"replies":[{"embeddable":true,"href":"https:\/\/losperiodistas.com.mx\/portal\/wp-json\/wp\/v2\/comments?post=62685"}],"version-history":[{"count":1,"href":"https:\/\/losperiodistas.com.mx\/portal\/wp-json\/wp\/v2\/posts\/62685\/revisions"}],"predecessor-version":[{"id":62687,"href":"https:\/\/losperiodistas.com.mx\/portal\/wp-json\/wp\/v2\/posts\/62685\/revisions\/62687"}],"wp:featuredmedia":[{"embeddable":true,"href":"https:\/\/losperiodistas.com.mx\/portal\/wp-json\/wp\/v2\/media\/62686"}],"wp:attachment":[{"href":"https:\/\/losperiodistas.com.mx\/portal\/wp-json\/wp\/v2\/media?parent=62685"}],"wp:term":[{"taxonomy":"category","embeddable":true,"href":"https:\/\/losperiodistas.com.mx\/portal\/wp-json\/wp\/v2\/categories?post=62685"},{"taxonomy":"post_tag","embeddable":true,"href":"https:\/\/losperiodistas.com.mx\/portal\/wp-json\/wp\/v2\/tags?post=62685"}],"curies":[{"name":"wp","href":"https:\/\/api.w.org\/{rel}","templated":true}]}}