{"id":62680,"date":"2023-11-10T10:22:52","date_gmt":"2023-11-10T16:22:52","guid":{"rendered":"http:\/\/losperiodistas.com.mx\/portal\/?p=62680"},"modified":"2023-11-10T10:22:54","modified_gmt":"2023-11-10T16:22:54","slug":"monologos-de-menade-llego-el-dia","status":"publish","type":"post","link":"https:\/\/losperiodistas.com.mx\/portal\/monologos-de-menade-llego-el-dia\/","title":{"rendered":"Mon\u00f3logos de M\u00e9nade | Lleg\u00f3 el d\u00eda"},"content":{"rendered":"\n<p class=\"has-medium-font-size\"><br>\u00bfYa se quedaron sin u\u00f1as? No se preocupen, ya podr\u00e1n dejar de mord\u00e9rselas. \u00bfLes preocupa la quiniela? No se preocupen, hoy cobran o pagan. \u00bfLes preocupa su futuro? No se estresen, han sobrevivido a cambios de partido y a gobernadores cada vez m\u00e1s vengativos.<\/p>\n\n\n\n<figure class=\"wp-block-image size-large is-style-default\"><img fetchpriority=\"high\" decoding=\"async\" width=\"1024\" height=\"576\" src=\"https:\/\/losperiodistas.com.mx\/portal\/wp-content\/uploads\/2023\/11\/Llego-el-dia-1024x576.jpg\" alt=\"\" class=\"wp-image-62681\" srcset=\"https:\/\/losperiodistas.com.mx\/portal\/wp-content\/uploads\/2023\/11\/Llego-el-dia-1024x576.jpg 1024w, https:\/\/losperiodistas.com.mx\/portal\/wp-content\/uploads\/2023\/11\/Llego-el-dia-300x169.jpg 300w, https:\/\/losperiodistas.com.mx\/portal\/wp-content\/uploads\/2023\/11\/Llego-el-dia-768x432.jpg 768w, https:\/\/losperiodistas.com.mx\/portal\/wp-content\/uploads\/2023\/11\/Llego-el-dia.jpg 1200w\" sizes=\"(max-width: 1024px) 100vw, 1024px\" \/><\/figure>\n\n\n\n<p><\/p>\n\n\n\n<p class=\"has-vivid-red-color has-text-color\" style=\"font-size:26px\"><strong><em>Por Itandehui Rodr\u00edguez mart\u00ednez<\/em><\/strong><\/p>\n\n\n\n<p>@Itandehui_RoMa<\/p>\n\n\n\n<p>Por fin lleg\u00f3 el d\u00eda en el que sabremos qui\u00e9n ser\u00e1 el Coordinador de los Comit\u00e9s de Defensa de la 4T en Puebla y, si no la riega de aqu\u00ed al registro, virtual candidato a la gubernatura de Puebla.<\/p>\n\n\n\n<p>Los ataques, las denostaciones y las agresiones no han cejado, desde los memes, las plumas, hasta los audioesc\u00e1ndalos m\u00e1s burdos han pululado esta semana.<\/p>\n\n\n\n<p>Mientras que Olivia Salom\u00f3n, Claudia Rivera, Liz S\u00e1nchez y Rodrigo Abdala pr\u00e1cticamente desaparecieron de la escena p\u00fablica y las redes sociales, Nacho Mier, Alejandro Armenta y Julio Huerta estuvieron m\u00e1s activos que nunca.<\/p>\n\n\n\n<p>Deber\u00edas leer:&nbsp;<a href=\"https:\/\/www.apartadomex.com\/opinion\/monologos-de-menade\/apuntes-sobre-la-interna-de-morena\/24163\/\">Apuntes sobre la interna de Morena<\/a>.<\/p>\n\n\n\n<p>Y aunque parec\u00eda que nunca iba a pasar, por fin lleg\u00f3 el d\u00eda\u2026<\/p>\n\n\n\n<p>Nacho Mier puso muy contento ayer al presidente con la aprobaci\u00f3n del PEF.<\/p>\n\n\n\n<p>Alejandro Armenta estuvo en su comida con directores de medios que no fue proselitismo\u2026 Juzguen Ustedes.<\/p>\n\n\n\n<p>Y por su parte, Julio Huerta continu\u00f3 con las invitaciones a su festejo el s\u00e1bado.<\/p>\n\n\n\n<p>Por supuesto toda la semana todos estuvieron cacareando los resultados de sus respectivas encuestas a trav\u00e9s de sus respectivos matraqueros.<\/p>\n\n\n\n<p>Pero, \u00bfqu\u00e9 va a pasar despu\u00e9s de las 18:00 horas de hoy? Porque seguro habr\u00e1 trascendidos, pero la rueda de prensa ser\u00e1 hasta las 18:00 horas.<\/p>\n\n\n\n<h2 class=\"wp-block-heading\">\u00bfQu\u00e9 pasa si no es Alejandro Armenta?<\/h2>\n\n\n\n<p>Ya dijo que se sumar\u00eda a la campa\u00f1a de Claudia Sheinbaum, \u00bfpor qu\u00e9? Porque evidentemente intentar\u00eda hacer perder a la o el candidato que resultara elegido y saliendo de Puebla, desactivar\u00eda a su estructura.<\/p>\n\n\n\n<p>Su adhesi\u00f3n de tiempo de completo le garantizar\u00eda, por lo menos, una posici\u00f3n como la que tuvo con Pe\u00f1a beb\u00e9.<\/p>\n\n\n\n<p>Si Alejandro Armenta no fuera designado, implicar\u00eda que Claudia Sheinbaum cedi\u00f3 ante Andr\u00e9s Manuel L\u00f3pez Obrador, que est\u00e1n jugando a las vencidas hace semanas.<\/p>\n\n\n\n<h2 class=\"wp-block-heading\">\u00bfQu\u00e9 pasa si no es Nacho Mier?<\/h2>\n\n\n\n<p>Se confirmar\u00eda lo que comenz\u00f3 a palparse esta semana. L\u00f3pezcraist, nuestro se\u00f1or\u2026 presidente, se est\u00e1 preparando para defenderse de Claudia Sheinbaum.<\/p>\n\n\n\n<p>La renuncia de Arturo Zaldivar no es casualidad, est\u00e1 cediendo un espacio para una ministra af\u00edn al presidente.<\/p>\n\n\n\n<p>No te pierdas:&nbsp;<a href=\"https:\/\/www.apartadomex.com\/opinion\/monologos-de-menade\/el-arte-del-engano\/23990\/\">El arte del enga\u00f1o<\/a>.<\/p>\n\n\n\n<p>Si el macuspano decide que Nacho Mier no ser\u00e1 candidato a gobernador, es porque lo va a convertir en contrapeso en el Olimpo y se confirmar\u00e1 lo que ya era evidente, que el de Tecamachalco ya no es parte de la pol\u00edtica aldeana, sino de la nacional.<\/p>\n\n\n\n<p>\u00bfLe esperar\u00edan no solo la presidencia del Senado y la Coordinaci\u00f3n de la bancada de&nbsp;<a href=\"https:\/\/morena.org\/\">Morena<\/a>? Por supuesto. Y recordemos que en autom\u00e1tico eso le da el pase a cualquiera para aspirar a la Presidencia de M\u00e9xico.<\/p>\n\n\n\n<h2 class=\"wp-block-heading\">\u00bfQu\u00e9 pasa si no es Julio Huerta?<\/h2>\n\n\n\n<p>Se va a ir a competir por tierra, \u00bfser\u00e1 una diputaci\u00f3n federal?<\/p>\n\n\n\n<h2 class=\"wp-block-heading\">\u00bfQu\u00e9 pasa si no es Olivia Salom\u00f3n?<\/h2>\n\n\n\n<p>Se podr\u00eda convertir en la competencia de Mario Riestra en la capital poblana.<\/p>\n\n\n\n<h2 class=\"wp-block-heading\">\u00bfQu\u00e9 pasa si no es Claudia Rivera?<\/h2>\n\n\n\n<p>&nbsp;Le podr\u00eda esperar una campa\u00f1a al Senado en segunda f\u00f3rmula.<\/p>\n\n\n\n<h2 class=\"wp-block-heading\">\u00bfQu\u00e9 pasa si no es Liz S\u00e1nchez?<\/h2>\n\n\n\n<p>Podr\u00eda volver a una diputaci\u00f3n local y con ello, a la presidencia del Congreso.<\/p>\n\n\n\n<h2 class=\"wp-block-heading\">\u00bfQu\u00e9 pasa si no es Rodrigo Abdala?<\/h2>\n\n\n\n<p>Pues\u2026 es un buen administrador, seguro ser\u00e1 un buen elemento en alg\u00fan gabiente.<\/p>\n\n\n\n<p>Ya no desesperen m\u00e1s, solo es cuesti\u00f3n de horas, la rueda de prensa ser\u00e1 a las 6:00 pm porque\u2026 por fin lleg\u00f3 el d\u00eda.<\/p>\n\n\n\n<p>Te recomiendo leer:<\/p>\n\n\n\n<blockquote class=\"wp-block-quote is-layout-flow wp-block-quote-is-layout-flow\"><p><a href=\"https:\/\/www.apartadomex.com\/opinion\/monologos-de-menade\/el-rito-de-la-sucesion\/24087\/\">El rito de la sucesi\u00f3n<\/a><\/p><\/blockquote>\n","protected":false},"excerpt":{"rendered":"<p>\u00bfYa se quedaron sin u\u00f1as? No se preocupen, ya podr\u00e1n dejar de mord\u00e9rselas. \u00bfLes preocupa la quiniela? No se preocupen, [&hellip;]<\/p>\n","protected":false},"author":1,"featured_media":62681,"comment_status":"open","ping_status":"open","sticky":false,"template":"","format":"standard","meta":{"site-sidebar-layout":"default","site-content-layout":"","ast-site-content-layout":"default","site-content-style":"default","site-sidebar-style":"default","ast-global-header-display":"","ast-banner-title-visibility":"","ast-main-header-display":"","ast-hfb-above-header-display":"","ast-hfb-below-header-display":"","ast-hfb-mobile-header-display":"","site-post-title":"","ast-breadcrumbs-content":"","ast-featured-img":"","footer-sml-layout":"","theme-transparent-header-meta":"","adv-header-id-meta":"","stick-header-meta":"","header-above-stick-meta":"","header-main-stick-meta":"","header-below-stick-meta":"","astra-migrate-meta-layouts":"default","ast-page-background-enabled":"default","ast-page-background-meta":{"desktop":{"background-color":"var(--ast-global-color-4)","background-image":"","background-repeat":"repeat","background-position":"center center","background-size":"auto","background-attachment":"scroll","background-type":"","background-media":"","overlay-type":"","overlay-color":"","overlay-opacity":"","overlay-gradient":""},"tablet":{"background-color":"","background-image":"","background-repeat":"repeat","background-position":"center center","background-size":"auto","background-attachment":"scroll","background-type":"","background-media":"","overlay-type":"","overlay-color":"","overlay-opacity":"","overlay-gradient":""},"mobile":{"background-color":"","background-image":"","background-repeat":"repeat","background-position":"center center","background-size":"auto","background-attachment":"scroll","background-type":"","background-media":"","overlay-type":"","overlay-color":"","overlay-opacity":"","overlay-gradient":""}},"ast-content-background-meta":{"desktop":{"background-color":"var(--ast-global-color-5)","background-image":"","background-repeat":"repeat","background-position":"center center","background-size":"auto","background-attachment":"scroll","background-type":"","background-media":"","overlay-type":"","overlay-color":"","overlay-opacity":"","overlay-gradient":""},"tablet":{"background-color":"var(--ast-global-color-5)","background-image":"","background-repeat":"repeat","background-position":"center center","background-size":"auto","background-attachment":"scroll","background-type":"","background-media":"","overlay-type":"","overlay-color":"","overlay-opacity":"","overlay-gradient":""},"mobile":{"background-color":"var(--ast-global-color-5)","background-image":"","background-repeat":"repeat","background-position":"center center","background-size":"auto","background-attachment":"scroll","background-type":"","background-media":"","overlay-type":"","overlay-color":"","overlay-opacity":"","overlay-gradient":""}},"footnotes":""},"categories":[8,22],"tags":[5486,725],"class_list":["post-62680","post","type-post","status-publish","format-standard","has-post-thumbnail","hentry","category-noticias","category-opinion-invitada","tag-elecciones-2024","tag-morena-puebla"],"_links":{"self":[{"href":"https:\/\/losperiodistas.com.mx\/portal\/wp-json\/wp\/v2\/posts\/62680","targetHints":{"allow":["GET"]}}],"collection":[{"href":"https:\/\/losperiodistas.com.mx\/portal\/wp-json\/wp\/v2\/posts"}],"about":[{"href":"https:\/\/losperiodistas.com.mx\/portal\/wp-json\/wp\/v2\/types\/post"}],"author":[{"embeddable":true,"href":"https:\/\/losperiodistas.com.mx\/portal\/wp-json\/wp\/v2\/users\/1"}],"replies":[{"embeddable":true,"href":"https:\/\/losperiodistas.com.mx\/portal\/wp-json\/wp\/v2\/comments?post=62680"}],"version-history":[{"count":1,"href":"https:\/\/losperiodistas.com.mx\/portal\/wp-json\/wp\/v2\/posts\/62680\/revisions"}],"predecessor-version":[{"id":62682,"href":"https:\/\/losperiodistas.com.mx\/portal\/wp-json\/wp\/v2\/posts\/62680\/revisions\/62682"}],"wp:featuredmedia":[{"embeddable":true,"href":"https:\/\/losperiodistas.com.mx\/portal\/wp-json\/wp\/v2\/media\/62681"}],"wp:attachment":[{"href":"https:\/\/losperiodistas.com.mx\/portal\/wp-json\/wp\/v2\/media?parent=62680"}],"wp:term":[{"taxonomy":"category","embeddable":true,"href":"https:\/\/losperiodistas.com.mx\/portal\/wp-json\/wp\/v2\/categories?post=62680"},{"taxonomy":"post_tag","embeddable":true,"href":"https:\/\/losperiodistas.com.mx\/portal\/wp-json\/wp\/v2\/tags?post=62680"}],"curies":[{"name":"wp","href":"https:\/\/api.w.org\/{rel}","templated":true}]}}