{"id":6234,"date":"2021-03-26T10:20:22","date_gmt":"2021-03-26T16:20:22","guid":{"rendered":"http:\/\/losperiodistas.com.mx\/portal\/?p=6234"},"modified":"2021-03-27T08:03:40","modified_gmt":"2021-03-27T14:03:40","slug":"jueces-votaron-contra-acuerdo-para-garantizar-estabilidad-de-red-electrica-bartlett-el-financiero","status":"publish","type":"post","link":"https:\/\/losperiodistas.com.mx\/portal\/jueces-votaron-contra-acuerdo-para-garantizar-estabilidad-de-red-electrica-bartlett-el-financiero\/","title":{"rendered":"Jueces votaron contra acuerdo para garantizar estabilidad de red el\u00e9ctrica: Bartlett | El Financiero"},"content":{"rendered":"\n<p style=\"font-size:18px\"><em>El titular de la CFE consider\u00f3 que los jueces no consideran el riesgo que representa la intermitencia en el servicio.<\/em><\/p>\n\n\n\n<figure class=\"wp-block-image size-large\"><img fetchpriority=\"high\" decoding=\"async\" width=\"526\" height=\"292\" src=\"https:\/\/losperiodistas.com.mx\/portal\/wp-content\/uploads\/2021\/03\/Captura-de-Pantalla-2021-03-26-a-las-10.18.20.jpg\" alt=\"\" class=\"wp-image-6235\" srcset=\"https:\/\/losperiodistas.com.mx\/portal\/wp-content\/uploads\/2021\/03\/Captura-de-Pantalla-2021-03-26-a-las-10.18.20.jpg 526w, https:\/\/losperiodistas.com.mx\/portal\/wp-content\/uploads\/2021\/03\/Captura-de-Pantalla-2021-03-26-a-las-10.18.20-300x167.jpg 300w\" sizes=\"(max-width: 526px) 100vw, 526px\" \/><\/figure>\n\n\n\n<p class=\"has-vivid-cyan-blue-color has-text-color has-medium-font-size\">REDACCI\u00d3N \/ EL FINANCIERO<\/p>\n\n\n\n<p>El titular de la Comisi\u00f3n Federal de Electricidad (CFE),&nbsp;<strong>Manuel Bartlett<\/strong>, afirm\u00f3 este viernes que recientemente los&nbsp;<strong>jueces&nbsp;<\/strong>votaron contra la garant\u00eda de la&nbsp;<strong>estabilidad en la red el\u00e9ctrica.<\/strong><\/p>\n\n\n\n<p>Coment\u00f3 que, anteriormente, con la reforma el\u00e9ctrica, la Comisi\u00f3n Reguladora de Energ\u00eda (CRE)&nbsp;<strong>entreg\u00f3 permisos sin ninguna planeaci\u00f3n&nbsp;<\/strong>y sin considerar una posible futura sobreoferta, lo cual puso en riesgo la estabilidad del sistema el\u00e9ctrico.<\/p>\n\n\n\n<p>Esto genera intermitencia, la cual pone en \u00abgrave riesgo\u00bb la estabilidad de la red. Esto es un tema visto y analizado a nivel mundial, apunt\u00f3 Bartlett.<\/p>\n\n\n\n<p>\u00ab<strong>Aqu\u00ed los jueces no se han dado cuenta que la red tiene que mantener un equilibrio y una confiabilidad<\/strong>, porque si se meten (a la red) esta intermitencia y todos estos permisos que han dado de manera irresponsable, ponen en peligro a todos los mexicanos, porque la red es la que nos lleva la electricidad a domicilios, a empresas, a todo el pa\u00eds. No importa,&nbsp;<strong>los jueces no se han dado cuenta de eso, recientemente votaron en contra de un acuerdo para garantizar la estabilidad de la red<\/strong>\u00ab, asegur\u00f3.PUBLICIDAD<\/p>\n\n\n\n<p>El riesgo de la intermitencia es algo de lo que los jueces no se han dado cuenta, y&nbsp;<strong>\u00ables dieron valor\u00bb para votar contra el acuerdo que buscaba exclusivamente la confiabilidad en la red<\/strong>, pues consideraron m\u00e1s valiosos los permisos previamente entregados a particulares, continu\u00f3.<\/p>\n\n\n\n<p>El mi\u00e9rcoles,&nbsp;<a href=\"https:\/\/elfinanciero.com.mx\/economia\/tribunal-desecha-quejas-de-gobierno-de-amlo-contra-suspension-provisional-de-reforma-electrica\" target=\"_blank\" rel=\"noreferrer noopener\">un tribunal federal desech\u00f3 las quejas que interpuso la Presidencia de la Rep\u00fablica, mediante la Secretar\u00eda de Energ\u00eda, contra suspensiones provisionales<\/a>&nbsp;que el juez Juan Pablo G\u00f3mez Fierro conceci\u00f3 el 11 de marzo y que fren\u00f3 la reci\u00e9n promulgada reforma el\u00e9ctrica impulsada por el presidente Andr\u00e9s Manuel L\u00f3pez Obrador.<\/p>\n\n\n\n<p>El mismo d\u00eda por la tarde, la Secretar\u00eda de Energ\u00eda anunci\u00f3 en el Diario Oficial de la Federaci\u00f3n (DOF) la suspensi\u00f3n de esta reforma.<\/p>\n\n\n\n<p>Fuente: para<\/p>\n","protected":false},"excerpt":{"rendered":"<p>El titular de la CFE consider\u00f3 que los jueces no consideran el riesgo que representa la intermitencia en el servicio. [&hellip;]<\/p>\n","protected":false},"author":1,"featured_media":6235,"comment_status":"open","ping_status":"open","sticky":false,"template":"","format":"standard","meta":{"site-sidebar-layout":"default","site-content-layout":"","ast-site-content-layout":"default","site-content-style":"default","site-sidebar-style":"default","ast-global-header-display":"","ast-banner-title-visibility":"","ast-main-header-display":"","ast-hfb-above-header-display":"","ast-hfb-below-header-display":"","ast-hfb-mobile-header-display":"","site-post-title":"","ast-breadcrumbs-content":"","ast-featured-img":"","footer-sml-layout":"","theme-transparent-header-meta":"","adv-header-id-meta":"","stick-header-meta":"","header-above-stick-meta":"","header-main-stick-meta":"","header-below-stick-meta":"","astra-migrate-meta-layouts":"default","ast-page-background-enabled":"default","ast-page-background-meta":{"desktop":{"background-color":"var(--ast-global-color-4)","background-image":"","background-repeat":"repeat","background-position":"center center","background-size":"auto","background-attachment":"scroll","background-type":"","background-media":"","overlay-type":"","overlay-color":"","overlay-opacity":"","overlay-gradient":""},"tablet":{"background-color":"","background-image":"","background-repeat":"repeat","background-position":"center center","background-size":"auto","background-attachment":"scroll","background-type":"","background-media":"","overlay-type":"","overlay-color":"","overlay-opacity":"","overlay-gradient":""},"mobile":{"background-color":"","background-image":"","background-repeat":"repeat","background-position":"center center","background-size":"auto","background-attachment":"scroll","background-type":"","background-media":"","overlay-type":"","overlay-color":"","overlay-opacity":"","overlay-gradient":""}},"ast-content-background-meta":{"desktop":{"background-color":"var(--ast-global-color-5)","background-image":"","background-repeat":"repeat","background-position":"center center","background-size":"auto","background-attachment":"scroll","background-type":"","background-media":"","overlay-type":"","overlay-color":"","overlay-opacity":"","overlay-gradient":""},"tablet":{"background-color":"var(--ast-global-color-5)","background-image":"","background-repeat":"repeat","background-position":"center center","background-size":"auto","background-attachment":"scroll","background-type":"","background-media":"","overlay-type":"","overlay-color":"","overlay-opacity":"","overlay-gradient":""},"mobile":{"background-color":"var(--ast-global-color-5)","background-image":"","background-repeat":"repeat","background-position":"center center","background-size":"auto","background-attachment":"scroll","background-type":"","background-media":"","overlay-type":"","overlay-color":"","overlay-opacity":"","overlay-gradient":""}},"footnotes":""},"categories":[8],"tags":[723],"class_list":["post-6234","post","type-post","status-publish","format-standard","has-post-thumbnail","hentry","category-noticias","tag-manuel-bartlett-cfe-reforma-electrica"],"_links":{"self":[{"href":"https:\/\/losperiodistas.com.mx\/portal\/wp-json\/wp\/v2\/posts\/6234","targetHints":{"allow":["GET"]}}],"collection":[{"href":"https:\/\/losperiodistas.com.mx\/portal\/wp-json\/wp\/v2\/posts"}],"about":[{"href":"https:\/\/losperiodistas.com.mx\/portal\/wp-json\/wp\/v2\/types\/post"}],"author":[{"embeddable":true,"href":"https:\/\/losperiodistas.com.mx\/portal\/wp-json\/wp\/v2\/users\/1"}],"replies":[{"embeddable":true,"href":"https:\/\/losperiodistas.com.mx\/portal\/wp-json\/wp\/v2\/comments?post=6234"}],"version-history":[{"count":1,"href":"https:\/\/losperiodistas.com.mx\/portal\/wp-json\/wp\/v2\/posts\/6234\/revisions"}],"predecessor-version":[{"id":6236,"href":"https:\/\/losperiodistas.com.mx\/portal\/wp-json\/wp\/v2\/posts\/6234\/revisions\/6236"}],"wp:featuredmedia":[{"embeddable":true,"href":"https:\/\/losperiodistas.com.mx\/portal\/wp-json\/wp\/v2\/media\/6235"}],"wp:attachment":[{"href":"https:\/\/losperiodistas.com.mx\/portal\/wp-json\/wp\/v2\/media?parent=6234"}],"wp:term":[{"taxonomy":"category","embeddable":true,"href":"https:\/\/losperiodistas.com.mx\/portal\/wp-json\/wp\/v2\/categories?post=6234"},{"taxonomy":"post_tag","embeddable":true,"href":"https:\/\/losperiodistas.com.mx\/portal\/wp-json\/wp\/v2\/tags?post=6234"}],"curies":[{"name":"wp","href":"https:\/\/api.w.org\/{rel}","templated":true}]}}