{"id":62293,"date":"2023-11-05T05:55:05","date_gmt":"2023-11-05T11:55:05","guid":{"rendered":"http:\/\/losperiodistas.com.mx\/portal\/?p=62293"},"modified":"2023-11-05T05:55:07","modified_gmt":"2023-11-05T11:55:07","slug":"ordena-morena-suspension-de-actos-proselitistas-para-gubernaturas-la-jornada","status":"publish","type":"post","link":"https:\/\/losperiodistas.com.mx\/portal\/ordena-morena-suspension-de-actos-proselitistas-para-gubernaturas-la-jornada\/","title":{"rendered":"Ordena Morena suspensi\u00f3n de actos proselitistas para gubernaturas | La Jornada"},"content":{"rendered":"\n<figure class=\"wp-block-image size-full is-style-default\"><img fetchpriority=\"high\" decoding=\"async\" width=\"853\" height=\"568\" src=\"https:\/\/losperiodistas.com.mx\/portal\/wp-content\/uploads\/2023\/11\/ordena-morena-suspension-de-actos-proselitistas-para-gubernaturas-9931html-morena-6426html-b06adf9f-2b44-454f-9276-b7e2d076be8fljnimgndimagefullsize.jpg\" alt=\"\" class=\"wp-image-62294\" srcset=\"https:\/\/losperiodistas.com.mx\/portal\/wp-content\/uploads\/2023\/11\/ordena-morena-suspension-de-actos-proselitistas-para-gubernaturas-9931html-morena-6426html-b06adf9f-2b44-454f-9276-b7e2d076be8fljnimgndimagefullsize.jpg 853w, https:\/\/losperiodistas.com.mx\/portal\/wp-content\/uploads\/2023\/11\/ordena-morena-suspension-de-actos-proselitistas-para-gubernaturas-9931html-morena-6426html-b06adf9f-2b44-454f-9276-b7e2d076be8fljnimgndimagefullsize-300x200.jpg 300w, https:\/\/losperiodistas.com.mx\/portal\/wp-content\/uploads\/2023\/11\/ordena-morena-suspension-de-actos-proselitistas-para-gubernaturas-9931html-morena-6426html-b06adf9f-2b44-454f-9276-b7e2d076be8fljnimgndimagefullsize-768x511.jpg 768w\" sizes=\"(max-width: 853px) 100vw, 853px\" \/><figcaption>Simpatizantes de Morena en un acto de sus candidatos. Foto tomada del perfil de X de Claudia Sheinbaum<\/figcaption><\/figure>\n\n\n\n<p class=\"has-vivid-red-color has-text-color has-medium-font-size\"><strong>REDACCI\u00d3N LA JORNADA<\/strong><\/p>\n\n\n\n<p>La Comisi\u00f3n Nacional de Elecciones de Morena orden\u00f3 la suspensi\u00f3n de cualquier acto proselitista a partir de este domingo 5 de noviembre en las nueve entidades que renovar\u00e1n gubernaturas el a\u00f1o pr\u00f3ximo.<\/p>\n\n\n\n<p>El pasado 30 de octubre fue emitido un ajuste en las convocatorias para la definici\u00f3n de las coordinaciones en defensa de la transformaci\u00f3n en Chiapas, Ciudad de M\u00e9xico, Guanajuato, Jalisco, Morelos, Puebla, Tabasco, Veracruz y Yucat\u00e1n.<\/p>\n\n\n\n<p>Lo anterior porque este 5 de noviembre da inicio el periodo de precampa\u00f1a para la renovaci\u00f3n del titular del Ejecutivo local en ciudad de M\u00e9xico, Jalisco y Yucat\u00e1n. Y, dado el desfase del inicio de precampa\u00f1as en las entidades referidas \u201cresulta relevante que las y los participantes conduzcan sus actividades de conformidad con la normativa electoral y con ello evitar cualquier tipo de sanciones\u201d, agreg\u00f3 la Comisi\u00f3n.<\/p>\n\n\n\n<p>\u201cSe ordena que a partir del 5 de noviembre del 2023 se suspenda cualquier acto que pueda considerarse como proselitista, de promoci\u00f3n o recorridos, con motivo del desarrollo del proceso de definici\u00f3n de las coordinaciones\u201d, se detalla en el documento publicado en la p\u00e1gina de Morena.<\/p>\n\n\n\n<p>NOTAS RELACIONADAS<\/p>\n\n\n\n<div class=\"wp-block-image is-style-default\"><figure class=\"alignleft is-resized\"><a href=\"https:\/\/www.jornada.com.mx\/noticia\/2023\/11\/04\/capital\/celebra-harfuch-firma-de-alianza-electoral-entre-morena-pt-y-pvem-6100\"><img decoding=\"async\" src=\"https:\/\/www.jornada.com.mx\/ndjsimg\/images\/jornada\/jornadaimg\/celebra-harfuch-firma-de-alianza-electoral-entre-morena-pt-y-pvem-6100\/celebra-harfuch-firma-de-alianza-electoral-entre-morena-pt-y-pvem-6100html-harfuch_crn5077jpeg-1295html-1e965204-d624-478e-9977-630027b70997.jpeg\" alt=\"\" width=\"-580\" height=\"-385\"\/><\/a><\/figure><\/div>\n\n\n\n<h3 class=\"wp-block-heading\"><a href=\"https:\/\/www.jornada.com.mx\/noticia\/2023\/11\/04\/capital\/celebra-harfuch-firma-de-alianza-electoral-entre-morena-pt-y-pvem-6100\">Celebra Harfuch firma de alianza electoral entre Morena, PT y PVEM<\/a><\/h3>\n\n\n\n<p><\/p>\n\n\n\n<div class=\"wp-block-image is-style-default\"><figure class=\"alignleft is-resized\"><a href=\"https:\/\/www.jornada.com.mx\/noticia\/2023\/11\/04\/capital\/no-hay-otro-candidato-que-movilice-tanta-gente-como-yo-clara-brugada-3519\"><img decoding=\"async\" src=\"https:\/\/www.jornada.com.mx\/ndjsimg\/images\/jornada\/jornadaimg\/no-hay-otro-candidato-que-movilice-tanta-gente-como-yo-clara-brugada-3519\/no-hay-otro-candidato-que-movilice-tanta-gente-como-yo-clara-brugada-3519html-brugada_wejpeg-3525html-3e49a676-a2fa-4f76-b0b6-86bc067194ef.jpeg\" alt=\"\" width=\"-595\" height=\"-395\"\/><\/a><\/figure><\/div>\n\n\n\n<h3 class=\"wp-block-heading\"><a href=\"https:\/\/www.jornada.com.mx\/noticia\/2023\/11\/04\/capital\/no-hay-otro-candidato-que-movilice-tanta-gente-como-yo-clara-brugada-3519\">No hay otro candidato que movilice tanta gente como yo: Brugada<\/a><\/h3>\n\n\n\n<p><\/p>\n\n\n\n<p><\/p>\n\n\n\n<div class=\"wp-block-image is-style-default\"><figure class=\"alignleft is-resized\"><a href=\"https:\/\/www.jornada.com.mx\/noticia\/2023\/11\/04\/politica\/morena-y-aliados-se-imponen-y-aprueban-en-comisiones-el-pef-2024-2565\"><img decoding=\"async\" src=\"https:\/\/www.jornada.com.mx\/ndjsimg\/images\/jornada\/jornadaimg\/morena-y-aliados-se-imponen-y-aprueban-en-comisiones-el-pef-2024-2565\/morena-y-aliados-se-imponen-y-aprueban-en-comisiones-el-pef-2024-2565html-comision-presupuestojpeg-5628html-f0bf9d71-19fc-465a-80d3-861fcc67f6cf.jpeg\" alt=\"\" width=\"-593\" height=\"-394\"\/><\/a><\/figure><\/div>\n\n\n\n<h3 class=\"wp-block-heading\"><a href=\"https:\/\/www.jornada.com.mx\/noticia\/2023\/11\/04\/politica\/morena-y-aliados-se-imponen-y-aprueban-en-comisiones-el-pef-2024-2565\">Morena y aliados se imponen y aprueban en comisiones el PEF-2024<\/a><\/h3>\n\n\n\n<p><\/p>\n\n\n\n<div class=\"wp-block-image is-style-default\"><figure class=\"alignleft is-resized\"><a href=\"https:\/\/www.jornada.com.mx\/noticia\/2023\/11\/03\/estados\/firma-sheinbaum-convenios-de-coalicion-en-slp-5368\"><img decoding=\"async\" src=\"https:\/\/www.jornada.com.mx\/ndjsimg\/images\/jornada\/jornadaimg\/firma-sheinbaum-convenios-de-coalicion-en-slp-5368\/firma-sheinbaum-convenios-de-coalicion-en-slp-5368html-slp-4323html-c45b87dc-4dd7-4827-9e13-9861fb9b151a\" alt=\"\" width=\"-596\" height=\"-396\"\/><\/a><\/figure><\/div>\n\n\n\n<h3 class=\"wp-block-heading\"><a href=\"https:\/\/www.jornada.com.mx\/noticia\/2023\/11\/03\/estados\/firma-sheinbaum-convenios-de-coalicion-en-slp-5368\">Firma Sheinbaum convenios de coalici\u00f3n en SLP<\/a><\/h3>\n\n\n\n<p><\/p>\n\n\n\n<p><\/p>\n\n\n\n<p>Fuente: <a href=\"https:\/\/www.jornada.com.mx\/noticia\/2023\/11\/04\/politica\/ordena-morena-suspension-de-actos-proselitistas-para-gubernaturas-9931\">https:\/\/www.jornada.com.mx\/noticia\/2023\/11\/04\/politica\/ordena-morena-suspension-de-actos-proselitistas-para-gubernaturas-9931<\/a><\/p>\n","protected":false},"excerpt":{"rendered":"<p>REDACCI\u00d3N LA JORNADA La Comisi\u00f3n Nacional de Elecciones de Morena orden\u00f3 la suspensi\u00f3n de cualquier acto proselitista a partir de [&hellip;]<\/p>\n","protected":false},"author":1,"featured_media":62294,"comment_status":"open","ping_status":"open","sticky":false,"template":"","format":"standard","meta":{"site-sidebar-layout":"default","site-content-layout":"","ast-site-content-layout":"default","site-content-style":"default","site-sidebar-style":"default","ast-global-header-display":"","ast-banner-title-visibility":"","ast-main-header-display":"","ast-hfb-above-header-display":"","ast-hfb-below-header-display":"","ast-hfb-mobile-header-display":"","site-post-title":"","ast-breadcrumbs-content":"","ast-featured-img":"","footer-sml-layout":"","theme-transparent-header-meta":"","adv-header-id-meta":"","stick-header-meta":"","header-above-stick-meta":"","header-main-stick-meta":"","header-below-stick-meta":"","astra-migrate-meta-layouts":"default","ast-page-background-enabled":"default","ast-page-background-meta":{"desktop":{"background-color":"var(--ast-global-color-4)","background-image":"","background-repeat":"repeat","background-position":"center center","background-size":"auto","background-attachment":"scroll","background-type":"","background-media":"","overlay-type":"","overlay-color":"","overlay-opacity":"","overlay-gradient":""},"tablet":{"background-color":"","background-image":"","background-repeat":"repeat","background-position":"center center","background-size":"auto","background-attachment":"scroll","background-type":"","background-media":"","overlay-type":"","overlay-color":"","overlay-opacity":"","overlay-gradient":""},"mobile":{"background-color":"","background-image":"","background-repeat":"repeat","background-position":"center center","background-size":"auto","background-attachment":"scroll","background-type":"","background-media":"","overlay-type":"","overlay-color":"","overlay-opacity":"","overlay-gradient":""}},"ast-content-background-meta":{"desktop":{"background-color":"var(--ast-global-color-5)","background-image":"","background-repeat":"repeat","background-position":"center center","background-size":"auto","background-attachment":"scroll","background-type":"","background-media":"","overlay-type":"","overlay-color":"","overlay-opacity":"","overlay-gradient":""},"tablet":{"background-color":"var(--ast-global-color-5)","background-image":"","background-repeat":"repeat","background-position":"center center","background-size":"auto","background-attachment":"scroll","background-type":"","background-media":"","overlay-type":"","overlay-color":"","overlay-opacity":"","overlay-gradient":""},"mobile":{"background-color":"var(--ast-global-color-5)","background-image":"","background-repeat":"repeat","background-position":"center center","background-size":"auto","background-attachment":"scroll","background-type":"","background-media":"","overlay-type":"","overlay-color":"","overlay-opacity":"","overlay-gradient":""}},"footnotes":""},"categories":[8],"tags":[2671,5486,6107,11350,3743,247,9709,20083,4989,4027,3618],"class_list":["post-62293","post","type-post","status-publish","format-standard","has-post-thumbnail","hentry","category-noticias","tag-chiapas","tag-elecciones-2024","tag-guanajuato","tag-jalisco","tag-morelos","tag-morena","tag-puebla-2024","tag-suspension-actos-proselitistas","tag-tabasco","tag-veracruz","tag-yucatan"],"_links":{"self":[{"href":"https:\/\/losperiodistas.com.mx\/portal\/wp-json\/wp\/v2\/posts\/62293","targetHints":{"allow":["GET"]}}],"collection":[{"href":"https:\/\/losperiodistas.com.mx\/portal\/wp-json\/wp\/v2\/posts"}],"about":[{"href":"https:\/\/losperiodistas.com.mx\/portal\/wp-json\/wp\/v2\/types\/post"}],"author":[{"embeddable":true,"href":"https:\/\/losperiodistas.com.mx\/portal\/wp-json\/wp\/v2\/users\/1"}],"replies":[{"embeddable":true,"href":"https:\/\/losperiodistas.com.mx\/portal\/wp-json\/wp\/v2\/comments?post=62293"}],"version-history":[{"count":1,"href":"https:\/\/losperiodistas.com.mx\/portal\/wp-json\/wp\/v2\/posts\/62293\/revisions"}],"predecessor-version":[{"id":62295,"href":"https:\/\/losperiodistas.com.mx\/portal\/wp-json\/wp\/v2\/posts\/62293\/revisions\/62295"}],"wp:featuredmedia":[{"embeddable":true,"href":"https:\/\/losperiodistas.com.mx\/portal\/wp-json\/wp\/v2\/media\/62294"}],"wp:attachment":[{"href":"https:\/\/losperiodistas.com.mx\/portal\/wp-json\/wp\/v2\/media?parent=62293"}],"wp:term":[{"taxonomy":"category","embeddable":true,"href":"https:\/\/losperiodistas.com.mx\/portal\/wp-json\/wp\/v2\/categories?post=62293"},{"taxonomy":"post_tag","embeddable":true,"href":"https:\/\/losperiodistas.com.mx\/portal\/wp-json\/wp\/v2\/tags?post=62293"}],"curies":[{"name":"wp","href":"https:\/\/api.w.org\/{rel}","templated":true}]}}