{"id":6227,"date":"2021-03-26T10:01:57","date_gmt":"2021-03-26T16:01:57","guid":{"rendered":"http:\/\/losperiodistas.com.mx\/portal\/?p=6227"},"modified":"2021-03-26T10:01:58","modified_gmt":"2021-03-26T16:01:58","slug":"dante-la-pasion-de-francisco-que-convierte-en-magisterio-la-razon","status":"publish","type":"post","link":"https:\/\/losperiodistas.com.mx\/portal\/dante-la-pasion-de-francisco-que-convierte-en-magisterio-la-razon\/","title":{"rendered":"Dante, la pasi\u00f3n de Francisco que convierte en magisterio | La Raz\u00f3n"},"content":{"rendered":"\n<p style=\"font-size:18px\"><em>Francisco publica un escrito en el que presenta al escritor como referente de denuncia de la corrupci\u00f3n en la Iglesia y \u201cportavoz de una renovaci\u00f3n profunda\u201d<\/em><\/p>\n\n\n\n<figure class=\"wp-block-image size-large\"><img fetchpriority=\"high\" decoding=\"async\" width=\"1024\" height=\"761\" src=\"https:\/\/losperiodistas.com.mx\/portal\/wp-content\/uploads\/2021\/03\/Captura-de-Pantalla-2021-03-26-a-las-9.59.02-1024x761.jpg\" alt=\"\" class=\"wp-image-6228\" srcset=\"https:\/\/losperiodistas.com.mx\/portal\/wp-content\/uploads\/2021\/03\/Captura-de-Pantalla-2021-03-26-a-las-9.59.02-1024x761.jpg 1024w, https:\/\/losperiodistas.com.mx\/portal\/wp-content\/uploads\/2021\/03\/Captura-de-Pantalla-2021-03-26-a-las-9.59.02-300x223.jpg 300w, https:\/\/losperiodistas.com.mx\/portal\/wp-content\/uploads\/2021\/03\/Captura-de-Pantalla-2021-03-26-a-las-9.59.02-768x571.jpg 768w, https:\/\/losperiodistas.com.mx\/portal\/wp-content\/uploads\/2021\/03\/Captura-de-Pantalla-2021-03-26-a-las-9.59.02.jpg 1206w\" sizes=\"(max-width: 1024px) 100vw, 1024px\" \/><\/figure>\n\n\n\n<p class=\"has-vivid-cyan-blue-color has-text-color has-medium-font-size\">J. BELTR\u00c1N \/ LA RAZ\u00d3N<\/p>\n\n\n\n<p>Un Papa dedicando una carta apost\u00f3lica a un escritor. Tan inusual como propio de aquel jesuita que fue profesor de literatura en Santa Fe y en Buenos Aires en los 60. Del religioso que no solo busca referentes en los altares, sino fuera de ellos. As\u00ed es como nace \u201cCandor lucis aeternae\u201d (\u201dResplandor de la luz eterna\u201d), escrito que el Pont\u00edfice firma con la mirada puesta en Dante Alighieri, cuando se cumplen 700 a\u00f1os de su muerte.<\/p>\n\n\n\n<p>Francisco eleva as\u00ed a magisterio las reflexiones del intelectual florentino, el que rompi\u00f3 con toda rigidez de pensamiento a trav\u00e9s de \u2018La Divina Comedia\u2019, el que supo trascender la cortedad de miras teol\u00f3gicas. Un poeta en salida, para un Papa en salida. Como est\u00e1 intentando el Papa argentino, el autor italiano \u201ca la vez que denuncia la corrupci\u00f3n de algunos sectores de la Iglesia, se hace portavoz de una renovaci\u00f3n profunda\u201d.<\/p>\n\n\n\n<p>\u201cLa obra de Dante, en efecto, es parte integrante de nuestra cultura, nos remite a las ra\u00edces cristianas de Europa y de Occidente, representa el patrimonio de ideales y valores que tambi\u00e9n hoy la Iglesia y la sociedad civil proponen como base de la convivencia humana, en la que todos podemos y debemos reconocernos como hermanos\u201d, subraya el Pont\u00edfice, que en su escrito realiza un esbozo biogr\u00e1fico del autor y tambi\u00e9n se detiene en la mirada que sobre \u00e9l han hecho otros papas, deteni\u00e9ndose especialmente en Pablo VI y en Benedicto XVI.<\/p>\n\n\n\n<p>As\u00ed, Francisco le presenta como \u201cel sumo poeta\u201d que \u201caun viviendo sucesos dram\u00e1ticos, tristes y angustiantes, nunca se resign\u00f3, no sucumbi\u00f3, no acept\u00f3 que se suprimiera el anhelo de plenitud y de felicidad presente en su coraz\u00f3n\u201d. De la misma manera, le elogia porque \u201cni mucho menos se resign\u00f3 a ceder a la injusticia, a la hipocres\u00eda, a la arrogancia del poder y al ego\u00edsmo que convierte a nuestro mundo en \u201cla peque\u00f1a tierra que nos hace tan feroces\u201d.<\/p>\n\n\n\n<p>En medio de la reforma de la Iglesia que Francisco tiene entre manos, que implica una conversi\u00f3n pastoral, se fija en Dante, como aquel que es capaz de afrontar \u201cla denuncia y la cr\u00edtica dirigida a los creyentes, sean Pont\u00edfices o simples fieles, que traicionan la adhesi\u00f3n a Cristo y transforman a la Iglesia en un medio para sus propios beneficios, olvidando el esp\u00edritu de las Bienaventuranzas y la caridad hacia los peque\u00f1os y los pobres, e idolatrando el poder y la riqueza\u201d.<\/p>\n\n\n\n<p>Desde ah\u00ed, el Santo Padre apunta como \u201cDante se convierte en palad\u00edn de la dignidad de todo ser humano y de la libertad como condici\u00f3n fundamental tanto de las opciones de vida como de la misma fe\u201d.<\/p>\n\n\n\n<p>Francisco concluye su carta apost\u00f3lica, al estilo de Dante, haciendo una llamada a buscar \u201cla felicidad\u201d, \u201chacia la plenitud de la existencia, hacia la patria \u00faltima donde estaremos en plena comuni\u00f3n con Dios, Amor infinito y eterno\u201d. Por eso le define como \u201cprofeta de esperanza y testigo del deseo humano de felicidad, todav\u00eda puede ofrecernos palabras y ejemplos que dan impulso a nuestro camino\u201d.<\/p>\n\n\n\n<p>Fuente:  https:\/\/www.larazon.es\/sociedad\/20210325\/tqf7xqqvdrf3rngcqwc5edu2oa.html<\/p>\n","protected":false},"excerpt":{"rendered":"<p>Francisco publica un escrito en el que presenta al escritor como referente de denuncia de la corrupci\u00f3n en la Iglesia [&hellip;]<\/p>\n","protected":false},"author":1,"featured_media":6228,"comment_status":"open","ping_status":"open","sticky":false,"template":"","format":"standard","meta":{"site-sidebar-layout":"default","site-content-layout":"","ast-site-content-layout":"default","site-content-style":"default","site-sidebar-style":"default","ast-global-header-display":"","ast-banner-title-visibility":"","ast-main-header-display":"","ast-hfb-above-header-display":"","ast-hfb-below-header-display":"","ast-hfb-mobile-header-display":"","site-post-title":"","ast-breadcrumbs-content":"","ast-featured-img":"","footer-sml-layout":"","theme-transparent-header-meta":"","adv-header-id-meta":"","stick-header-meta":"","header-above-stick-meta":"","header-main-stick-meta":"","header-below-stick-meta":"","astra-migrate-meta-layouts":"default","ast-page-background-enabled":"default","ast-page-background-meta":{"desktop":{"background-color":"var(--ast-global-color-4)","background-image":"","background-repeat":"repeat","background-position":"center center","background-size":"auto","background-attachment":"scroll","background-type":"","background-media":"","overlay-type":"","overlay-color":"","overlay-opacity":"","overlay-gradient":""},"tablet":{"background-color":"","background-image":"","background-repeat":"repeat","background-position":"center center","background-size":"auto","background-attachment":"scroll","background-type":"","background-media":"","overlay-type":"","overlay-color":"","overlay-opacity":"","overlay-gradient":""},"mobile":{"background-color":"","background-image":"","background-repeat":"repeat","background-position":"center center","background-size":"auto","background-attachment":"scroll","background-type":"","background-media":"","overlay-type":"","overlay-color":"","overlay-opacity":"","overlay-gradient":""}},"ast-content-background-meta":{"desktop":{"background-color":"var(--ast-global-color-5)","background-image":"","background-repeat":"repeat","background-position":"center center","background-size":"auto","background-attachment":"scroll","background-type":"","background-media":"","overlay-type":"","overlay-color":"","overlay-opacity":"","overlay-gradient":""},"tablet":{"background-color":"var(--ast-global-color-5)","background-image":"","background-repeat":"repeat","background-position":"center center","background-size":"auto","background-attachment":"scroll","background-type":"","background-media":"","overlay-type":"","overlay-color":"","overlay-opacity":"","overlay-gradient":""},"mobile":{"background-color":"var(--ast-global-color-5)","background-image":"","background-repeat":"repeat","background-position":"center center","background-size":"auto","background-attachment":"scroll","background-type":"","background-media":"","overlay-type":"","overlay-color":"","overlay-opacity":"","overlay-gradient":""}},"footnotes":""},"categories":[8],"tags":[720,718,719],"class_list":["post-6227","post","type-post","status-publish","format-standard","has-post-thumbnail","hentry","category-noticias","tag-dante-alighieri","tag-papa-francisco-escribe-de-dante","tag-resplandor-de-la-luz-eterna"],"_links":{"self":[{"href":"https:\/\/losperiodistas.com.mx\/portal\/wp-json\/wp\/v2\/posts\/6227","targetHints":{"allow":["GET"]}}],"collection":[{"href":"https:\/\/losperiodistas.com.mx\/portal\/wp-json\/wp\/v2\/posts"}],"about":[{"href":"https:\/\/losperiodistas.com.mx\/portal\/wp-json\/wp\/v2\/types\/post"}],"author":[{"embeddable":true,"href":"https:\/\/losperiodistas.com.mx\/portal\/wp-json\/wp\/v2\/users\/1"}],"replies":[{"embeddable":true,"href":"https:\/\/losperiodistas.com.mx\/portal\/wp-json\/wp\/v2\/comments?post=6227"}],"version-history":[{"count":1,"href":"https:\/\/losperiodistas.com.mx\/portal\/wp-json\/wp\/v2\/posts\/6227\/revisions"}],"predecessor-version":[{"id":6229,"href":"https:\/\/losperiodistas.com.mx\/portal\/wp-json\/wp\/v2\/posts\/6227\/revisions\/6229"}],"wp:featuredmedia":[{"embeddable":true,"href":"https:\/\/losperiodistas.com.mx\/portal\/wp-json\/wp\/v2\/media\/6228"}],"wp:attachment":[{"href":"https:\/\/losperiodistas.com.mx\/portal\/wp-json\/wp\/v2\/media?parent=6227"}],"wp:term":[{"taxonomy":"category","embeddable":true,"href":"https:\/\/losperiodistas.com.mx\/portal\/wp-json\/wp\/v2\/categories?post=6227"},{"taxonomy":"post_tag","embeddable":true,"href":"https:\/\/losperiodistas.com.mx\/portal\/wp-json\/wp\/v2\/tags?post=6227"}],"curies":[{"name":"wp","href":"https:\/\/api.w.org\/{rel}","templated":true}]}}