{"id":6224,"date":"2021-03-26T09:43:19","date_gmt":"2021-03-26T15:43:19","guid":{"rendered":"http:\/\/losperiodistas.com.mx\/portal\/?p=6224"},"modified":"2021-03-26T09:43:20","modified_gmt":"2021-03-26T15:43:20","slug":"argentina-suspende-vuelos-regulares-con-brasil-chile-y-mexico-dw","status":"publish","type":"post","link":"https:\/\/losperiodistas.com.mx\/portal\/argentina-suspende-vuelos-regulares-con-brasil-chile-y-mexico-dw\/","title":{"rendered":"Argentina suspende vuelos regulares con Brasil, Chile y M\u00e9xico | DW"},"content":{"rendered":"\n<p style=\"font-size:18px\"><em>El gobierno argentino de Alberto Fern\u00e1ndez busca prevenir una segunda ola de contagios mientras avanza con su campa\u00f1a de vacunaci\u00f3n.<\/em><\/p>\n\n\n\n<figure class=\"wp-block-image size-large\"><img fetchpriority=\"high\" decoding=\"async\" width=\"1024\" height=\"576\" src=\"https:\/\/losperiodistas.com.mx\/portal\/wp-content\/uploads\/2021\/03\/Captura-de-Pantalla-2021-03-26-a-las-9.41.22-1024x576.jpg\" alt=\"\" class=\"wp-image-6225\" srcset=\"https:\/\/losperiodistas.com.mx\/portal\/wp-content\/uploads\/2021\/03\/Captura-de-Pantalla-2021-03-26-a-las-9.41.22-1024x576.jpg 1024w, https:\/\/losperiodistas.com.mx\/portal\/wp-content\/uploads\/2021\/03\/Captura-de-Pantalla-2021-03-26-a-las-9.41.22-300x169.jpg 300w, https:\/\/losperiodistas.com.mx\/portal\/wp-content\/uploads\/2021\/03\/Captura-de-Pantalla-2021-03-26-a-las-9.41.22-768x432.jpg 768w, https:\/\/losperiodistas.com.mx\/portal\/wp-content\/uploads\/2021\/03\/Captura-de-Pantalla-2021-03-26-a-las-9.41.22.jpg 1408w\" sizes=\"(max-width: 1024px) 100vw, 1024px\" \/><\/figure>\n\n\n\n<p class=\"has-vivid-cyan-blue-color has-text-color has-medium-font-size\">DW<\/p>\n\n\n\n<p>El Gobierno argentino que dirige Alberto Fern\u00e1ndez suspender\u00e1 a partir del s\u00e1bado todos los vuelos regulares que conectan al pa\u00eds con Brasil, Chile y M\u00e9xico, informaron este jueves (25.03.2021) fuentes oficiales despu\u00e9s del aumento de casos de COVID-19 en esas naciones.<\/p>\n\n\n\n<p>As\u00ed, esos tres pa\u00edses se suman a Reino Unido como pa\u00edses con los cuales Argentina tiene suspendidos los vuelos, ante el temor de las autoridades a una segunda ola de contagios en suelo propio.<\/p>\n\n\n\n<p>Son medidas que el Gobierno toma \u00abconsiderando la r\u00e1pida evoluci\u00f3n de las condiciones epidemiol\u00f3gicas\u00bb, con diversas variantes de COVID-19 en circulaci\u00f3n que Argentina busca prevenir mientras avanza con su campa\u00f1a de vacunaci\u00f3n, que hasta el momento tiene 2,8 millones de vacunados con la primera dosis y cerca de 650.000 con ambas dosis, entre sus 45 millones de habitantes.<\/p>\n\n\n\n<p>Esa decisi\u00f3n administrativa emana del jefe de Gabinete, Santiago Cafiero, y aumenta las restricciones anunciadas el pasado 13 de marzo, en las que ya hab\u00eda reducciones en las frecuencias a\u00e9reas con Brasil y Chile, entre otros pa\u00edses.<\/p>\n\n\n\n<h2 class=\"wp-block-heading\"><strong>Controles m\u00e1s estrictos para los que ingresen<\/strong><\/h2>\n\n\n\n<p>Habr\u00e1 adem\u00e1s m\u00e1s controles para los argentinos y residentes que regresen del exterior. Al test de detecci\u00f3n de coronavirus que se debe presentar antes de embarcar hacia Argentina, se sumar\u00e1 otro test que deber\u00e1n hacerse al llegar al pa\u00eds y uno m\u00e1s pasados siete d\u00edas del reingreso, siempre a cargo del pasajero.<\/p>\n\n\n\n<p>Las fronteras argentinas permanecer\u00e1n asimismo cerradas al turismo externo y \u00abtodo aquel que no sea argentino y quiera ingresar al pa\u00eds con el prop\u00f3sito de hacer turismo no podr\u00e1 hacerlo\u00bb.<\/p>\n\n\n\n<p>Con estas medidas el Gobierno argentino \u00abrecomienda a todos los argentinos y residentes no viajar al exterior\u00bb, en especial a aquellos que pertenezcan a grupos de riesgo.<\/p>\n\n\n\n<p>Miembros del Gobierno han tratado en las \u00faltimas semanas de desalentar, a trav\u00e9s de sus declaraciones, el turismo desde Argentina a pa\u00edses que s\u00ed lo permiten.<\/p>\n\n\n\n<p>Argentina registr\u00f3 este jueves 8.238 nuevos casos del coronavirus SARS-CoV-2, con lo que la cifra total de positivos se elev\u00f3 a 2.278.115, mientras que los decesos ascendieron a 55.092, tras ser confirmadas 146 muertes en las \u00faltimas 24 horas.<\/p>\n\n\n\n<p>Se trata de 62 casos menos que en la jornada del mi\u00e9rcoles, cuando hubo 8.300 positivos.<\/p>\n\n\n\n<p>mg (efe, Clar\u00edn)<\/p>\n\n\n\n<p>Fuente: https:\/\/www.dw.com\/es\/argentina-suspende-vuelos-regulares-con-brasil-chile-y-m%C3%A9xico\/a-57009622<\/p>\n","protected":false},"excerpt":{"rendered":"<p>El gobierno argentino de Alberto Fern\u00e1ndez busca prevenir una segunda ola de contagios mientras avanza con su campa\u00f1a de vacunaci\u00f3n. [&hellip;]<\/p>\n","protected":false},"author":1,"featured_media":6225,"comment_status":"open","ping_status":"open","sticky":false,"template":"","format":"standard","meta":{"site-sidebar-layout":"default","site-content-layout":"","ast-site-content-layout":"default","site-content-style":"default","site-sidebar-style":"default","ast-global-header-display":"","ast-banner-title-visibility":"","ast-main-header-display":"","ast-hfb-above-header-display":"","ast-hfb-below-header-display":"","ast-hfb-mobile-header-display":"","site-post-title":"","ast-breadcrumbs-content":"","ast-featured-img":"","footer-sml-layout":"","theme-transparent-header-meta":"","adv-header-id-meta":"","stick-header-meta":"","header-above-stick-meta":"","header-main-stick-meta":"","header-below-stick-meta":"","astra-migrate-meta-layouts":"default","ast-page-background-enabled":"default","ast-page-background-meta":{"desktop":{"background-color":"var(--ast-global-color-4)","background-image":"","background-repeat":"repeat","background-position":"center center","background-size":"auto","background-attachment":"scroll","background-type":"","background-media":"","overlay-type":"","overlay-color":"","overlay-opacity":"","overlay-gradient":""},"tablet":{"background-color":"","background-image":"","background-repeat":"repeat","background-position":"center center","background-size":"auto","background-attachment":"scroll","background-type":"","background-media":"","overlay-type":"","overlay-color":"","overlay-opacity":"","overlay-gradient":""},"mobile":{"background-color":"","background-image":"","background-repeat":"repeat","background-position":"center center","background-size":"auto","background-attachment":"scroll","background-type":"","background-media":"","overlay-type":"","overlay-color":"","overlay-opacity":"","overlay-gradient":""}},"ast-content-background-meta":{"desktop":{"background-color":"var(--ast-global-color-5)","background-image":"","background-repeat":"repeat","background-position":"center center","background-size":"auto","background-attachment":"scroll","background-type":"","background-media":"","overlay-type":"","overlay-color":"","overlay-opacity":"","overlay-gradient":""},"tablet":{"background-color":"var(--ast-global-color-5)","background-image":"","background-repeat":"repeat","background-position":"center center","background-size":"auto","background-attachment":"scroll","background-type":"","background-media":"","overlay-type":"","overlay-color":"","overlay-opacity":"","overlay-gradient":""},"mobile":{"background-color":"var(--ast-global-color-5)","background-image":"","background-repeat":"repeat","background-position":"center center","background-size":"auto","background-attachment":"scroll","background-type":"","background-media":"","overlay-type":"","overlay-color":"","overlay-opacity":"","overlay-gradient":""}},"footnotes":""},"categories":[8],"tags":[716],"class_list":["post-6224","post","type-post","status-publish","format-standard","has-post-thumbnail","hentry","category-noticias","tag-argentina-suspende-vuelos-a-mexico-por-covid-19"],"_links":{"self":[{"href":"https:\/\/losperiodistas.com.mx\/portal\/wp-json\/wp\/v2\/posts\/6224","targetHints":{"allow":["GET"]}}],"collection":[{"href":"https:\/\/losperiodistas.com.mx\/portal\/wp-json\/wp\/v2\/posts"}],"about":[{"href":"https:\/\/losperiodistas.com.mx\/portal\/wp-json\/wp\/v2\/types\/post"}],"author":[{"embeddable":true,"href":"https:\/\/losperiodistas.com.mx\/portal\/wp-json\/wp\/v2\/users\/1"}],"replies":[{"embeddable":true,"href":"https:\/\/losperiodistas.com.mx\/portal\/wp-json\/wp\/v2\/comments?post=6224"}],"version-history":[{"count":1,"href":"https:\/\/losperiodistas.com.mx\/portal\/wp-json\/wp\/v2\/posts\/6224\/revisions"}],"predecessor-version":[{"id":6226,"href":"https:\/\/losperiodistas.com.mx\/portal\/wp-json\/wp\/v2\/posts\/6224\/revisions\/6226"}],"wp:featuredmedia":[{"embeddable":true,"href":"https:\/\/losperiodistas.com.mx\/portal\/wp-json\/wp\/v2\/media\/6225"}],"wp:attachment":[{"href":"https:\/\/losperiodistas.com.mx\/portal\/wp-json\/wp\/v2\/media?parent=6224"}],"wp:term":[{"taxonomy":"category","embeddable":true,"href":"https:\/\/losperiodistas.com.mx\/portal\/wp-json\/wp\/v2\/categories?post=6224"},{"taxonomy":"post_tag","embeddable":true,"href":"https:\/\/losperiodistas.com.mx\/portal\/wp-json\/wp\/v2\/tags?post=6224"}],"curies":[{"name":"wp","href":"https:\/\/api.w.org\/{rel}","templated":true}]}}