{"id":62207,"date":"2023-11-03T08:49:56","date_gmt":"2023-11-03T14:49:56","guid":{"rendered":"http:\/\/losperiodistas.com.mx\/portal\/?p=62207"},"modified":"2023-11-03T08:49:58","modified_gmt":"2023-11-03T14:49:58","slug":"mexico-reporta-primer-brote-de-gripe-aviar-h5n1-en-granja-avicola-reuters","status":"publish","type":"post","link":"https:\/\/losperiodistas.com.mx\/portal\/mexico-reporta-primer-brote-de-gripe-aviar-h5n1-en-granja-avicola-reuters\/","title":{"rendered":"M\u00e9xico reporta primer brote de gripe aviar H5N1 en granja av\u00edcola\u00a0| Reuters"},"content":{"rendered":"\n<figure class=\"wp-block-image size-large is-style-default\"><img fetchpriority=\"high\" decoding=\"async\" width=\"1024\" height=\"685\" src=\"https:\/\/losperiodistas.com.mx\/portal\/wp-content\/uploads\/2023\/11\/Captura-de-Pantalla-2023-11-03-a-las-8.44.55-1024x685.jpg\" alt=\"\" class=\"wp-image-62208\" srcset=\"https:\/\/losperiodistas.com.mx\/portal\/wp-content\/uploads\/2023\/11\/Captura-de-Pantalla-2023-11-03-a-las-8.44.55-1024x685.jpg 1024w, https:\/\/losperiodistas.com.mx\/portal\/wp-content\/uploads\/2023\/11\/Captura-de-Pantalla-2023-11-03-a-las-8.44.55-300x201.jpg 300w, https:\/\/losperiodistas.com.mx\/portal\/wp-content\/uploads\/2023\/11\/Captura-de-Pantalla-2023-11-03-a-las-8.44.55-768x513.jpg 768w, https:\/\/losperiodistas.com.mx\/portal\/wp-content\/uploads\/2023\/11\/Captura-de-Pantalla-2023-11-03-a-las-8.44.55.jpg 1412w\" sizes=\"(max-width: 1024px) 100vw, 1024px\" \/><figcaption>En esta ilustraci\u00f3n se ven tubos est etiquetados \u00abGripe aviar\u00bb y huevos, 14 de enero de 2023. REUTERS\/Dado Ruvic\/Ilustraci\u00f3n\/Foto de archivo<\/figcaption><\/figure>\n\n\n\n<p class=\"has-vivid-red-color has-text-color has-medium-font-size\"><strong>REUTERS<\/strong><\/p>\n\n\n\n<p>PAR\u00cdS, 2 nov (Reuters) &#8211; M\u00e9xico inform\u00f3 su primer brote esta temporada de la altamente pat\u00f3gena gripe aviar H5N1 en una granja, dijo el jueves la Organizaci\u00f3n Mundial de Sanidad Animal (WOAH), apenas un mes despu\u00e9s de que M\u00e9xico declarara que estaba libre de la enfermedad. enfermedad.<\/p>\n\n\n\n<p>El brote detectado en el estado noroccidental de Sonora mat\u00f3 a 15.000 de una bandada de 90.000 gallinas ponedoras, y las aves restantes fueron sacrificadas, dijo la WOAH, con sede en Par\u00eds, citando a las autoridades mexicanas.<\/p>\n\n\n\n<p>\u00abEl primer brote de influenza aviar altamente pat\u00f3gena H5 de esta temporada se report\u00f3 en una unidad de producci\u00f3n av\u00edcola del municipio de Cajeme, Sonora\u00bb, inform\u00f3 la WOAH en un informe.<\/p>\n\n\n\n<p>Agreg\u00f3 que el subtipo del virus encontrado es el H5N1, que no es peligroso para los humanos a trav\u00e9s del consumo de carne o huevos.<\/p>\n\n\n\n<p>La Secretar\u00eda de Agricultura de M\u00e9xico dijo en un comunicado el mi\u00e9rcoles que se hab\u00eda establecido una cuarentena para evitar la propagaci\u00f3n.Anuncio \u00b7 Despl\u00e1cese para continuar<\/p>\n\n\n\n<p>El ministerio tambi\u00e9n inform\u00f3 que la enfermedad fue detectada en otra granja a tres kil\u00f3metros de distancia, que albergaba 54.000 aves, y donde se estaba realizando una desinfecci\u00f3n.<\/p>\n\n\n\n<p>M\u00e9xico es uno de los 10 mayores productores de carne de pollo del mundo, pero exporta menos del 1% de su carne de pollo, seg\u00fan la agencia estadounidense GAIN.<\/p>\n\n\n\n<p>A\u00fan as\u00ed, la propagaci\u00f3n del virus altamente contagioso est\u00e1 generando preocupaci\u00f3n entre los gobiernos y la industria av\u00edcola despu\u00e9s de haber devastado reba\u00f1os en todo el mundo en a\u00f1os anteriores, interrumpiendo el suministro, impulsando los precios de los alimentos y planteando un riesgo de transmisi\u00f3n humana.Anuncio \u00b7 Despl\u00e1cese para continuarReportar este anuncio<\/p>\n\n\n\n<p>Rusia,&nbsp;<a href=\"https:\/\/www.reuters.com\/business\/healthcare-pharmaceuticals\/safricas-quantum-foods-says-about-2-mln-chickens-killed-by-bird-flu-2023-09-22\/\">Sud\u00e1frica<\/a>&nbsp;y partes de&nbsp;<a href=\"https:\/\/www.reuters.com\/world\/europe\/romania-reports-h5n1-bird-flu-among-backyard-poultry-2023-10-27\/\">Europa del Este<\/a>&nbsp;tambi\u00e9n han informado de brotes concentrados del virus en los \u00faltimos meses.<\/p>\n\n\n\n<p>Las autoridades mexicanas de seguridad animal hab\u00edan confirmado a principios del mes pasado el primer caso de influenza aviar H5N1&nbsp;<a href=\"https:\/\/www.reuters.com\/world\/americas\/mexico-declares-country-free-h5n1-bird-flu-2023-10-04\/\">en un ave silvestre<\/a>&nbsp;despu\u00e9s de declarar las granjas av\u00edcolas del pa\u00eds&nbsp;<a href=\"https:\/\/www.reuters.com\/world\/americas\/mexico-declares-country-free-h5n1-bird-flu-2023-10-04\/\">libres del virus<\/a>&nbsp;ese mismo d\u00eda.<\/p>\n\n\n\n<p>Esto se produce despu\u00e9s de que M\u00e9xico lanzara el a\u00f1o pasado una gran campa\u00f1a de vacunaci\u00f3n de aves en \u00e1reas de alto riesgo, incluida Sonora, para prevenir la propagaci\u00f3n del H5N1.<\/p>\n\n\n\n<p>Otro comunicado del Ministerio de Agricultura la semana pasada, anunciando por primera vez la detecci\u00f3n del virus, dijo que se estaban realizando pruebas para ver si \u00abla vacuna aplicada el a\u00f1o pasado es eficaz para enfrentar el virus que entr\u00f3 en 2023\u00bb.<\/p>\n\n\n\n<p>Una nueva estrategia de vacunaci\u00f3n podr\u00eda comenzar en los primeros d\u00edas de este mes, a\u00f1adi\u00f3.<\/p>\n\n\n\n<p>La agencia de seguridad animal de M\u00e9xico, Senascia, inst\u00f3 a los agricultores locales a reforzar las medidas de bioseguridad en sus granjas y notificar de inmediato cualquier anomal\u00eda observada en sus animales para proteger la producci\u00f3n av\u00edcola nacional, agreg\u00f3 la WOAH.<\/p>\n\n\n\n<p>Informaci\u00f3n de Sybille de La Hamaide en Par\u00eds;\u00a0Informaci\u00f3n adicional de Isabel Woodford en Ciudad de M\u00e9xico;\u00a0Edici\u00f3n de Alison Williams y David Evans<\/p>\n\n\n\n<p>Fuente: <a href=\"https:\/\/sputniknews.lat\/20220711\/por-la-inflacion-los-brasilenos-comienzan-a-cambiar-los-almuerzos-por-bocadillos-1128071548.html\">https:\/\/sputniknews.lat\/20220711\/por-la-inflacion-los-brasilenos-comienzan-a-cambiar-los-almuerzos-por-bocadillos-1128071548.html<\/a><\/p>\n","protected":false},"excerpt":{"rendered":"<p>REUTERS PAR\u00cdS, 2 nov (Reuters) &#8211; M\u00e9xico inform\u00f3 su primer brote esta temporada de la altamente pat\u00f3gena gripe aviar H5N1 [&hellip;]<\/p>\n","protected":false},"author":1,"featured_media":62208,"comment_status":"open","ping_status":"open","sticky":false,"template":"","format":"standard","meta":{"site-sidebar-layout":"default","site-content-layout":"","ast-site-content-layout":"default","site-content-style":"default","site-sidebar-style":"default","ast-global-header-display":"","ast-banner-title-visibility":"","ast-main-header-display":"","ast-hfb-above-header-display":"","ast-hfb-below-header-display":"","ast-hfb-mobile-header-display":"","site-post-title":"","ast-breadcrumbs-content":"","ast-featured-img":"","footer-sml-layout":"","theme-transparent-header-meta":"","adv-header-id-meta":"","stick-header-meta":"","header-above-stick-meta":"","header-main-stick-meta":"","header-below-stick-meta":"","astra-migrate-meta-layouts":"default","ast-page-background-enabled":"default","ast-page-background-meta":{"desktop":{"background-color":"var(--ast-global-color-4)","background-image":"","background-repeat":"repeat","background-position":"center center","background-size":"auto","background-attachment":"scroll","background-type":"","background-media":"","overlay-type":"","overlay-color":"","overlay-opacity":"","overlay-gradient":""},"tablet":{"background-color":"","background-image":"","background-repeat":"repeat","background-position":"center center","background-size":"auto","background-attachment":"scroll","background-type":"","background-media":"","overlay-type":"","overlay-color":"","overlay-opacity":"","overlay-gradient":""},"mobile":{"background-color":"","background-image":"","background-repeat":"repeat","background-position":"center center","background-size":"auto","background-attachment":"scroll","background-type":"","background-media":"","overlay-type":"","overlay-color":"","overlay-opacity":"","overlay-gradient":""}},"ast-content-background-meta":{"desktop":{"background-color":"var(--ast-global-color-5)","background-image":"","background-repeat":"repeat","background-position":"center center","background-size":"auto","background-attachment":"scroll","background-type":"","background-media":"","overlay-type":"","overlay-color":"","overlay-opacity":"","overlay-gradient":""},"tablet":{"background-color":"var(--ast-global-color-5)","background-image":"","background-repeat":"repeat","background-position":"center center","background-size":"auto","background-attachment":"scroll","background-type":"","background-media":"","overlay-type":"","overlay-color":"","overlay-opacity":"","overlay-gradient":""},"mobile":{"background-color":"var(--ast-global-color-5)","background-image":"","background-repeat":"repeat","background-position":"center center","background-size":"auto","background-attachment":"scroll","background-type":"","background-media":"","overlay-type":"","overlay-color":"","overlay-opacity":"","overlay-gradient":""}},"footnotes":""},"categories":[8],"tags":[1482,20039,9808,12397],"class_list":["post-62207","post","type-post","status-publish","format-standard","has-post-thumbnail","hentry","category-noticias","tag-cajeme","tag-gripe-aviar","tag-h5n1","tag-sonora"],"_links":{"self":[{"href":"https:\/\/losperiodistas.com.mx\/portal\/wp-json\/wp\/v2\/posts\/62207","targetHints":{"allow":["GET"]}}],"collection":[{"href":"https:\/\/losperiodistas.com.mx\/portal\/wp-json\/wp\/v2\/posts"}],"about":[{"href":"https:\/\/losperiodistas.com.mx\/portal\/wp-json\/wp\/v2\/types\/post"}],"author":[{"embeddable":true,"href":"https:\/\/losperiodistas.com.mx\/portal\/wp-json\/wp\/v2\/users\/1"}],"replies":[{"embeddable":true,"href":"https:\/\/losperiodistas.com.mx\/portal\/wp-json\/wp\/v2\/comments?post=62207"}],"version-history":[{"count":1,"href":"https:\/\/losperiodistas.com.mx\/portal\/wp-json\/wp\/v2\/posts\/62207\/revisions"}],"predecessor-version":[{"id":62209,"href":"https:\/\/losperiodistas.com.mx\/portal\/wp-json\/wp\/v2\/posts\/62207\/revisions\/62209"}],"wp:featuredmedia":[{"embeddable":true,"href":"https:\/\/losperiodistas.com.mx\/portal\/wp-json\/wp\/v2\/media\/62208"}],"wp:attachment":[{"href":"https:\/\/losperiodistas.com.mx\/portal\/wp-json\/wp\/v2\/media?parent=62207"}],"wp:term":[{"taxonomy":"category","embeddable":true,"href":"https:\/\/losperiodistas.com.mx\/portal\/wp-json\/wp\/v2\/categories?post=62207"},{"taxonomy":"post_tag","embeddable":true,"href":"https:\/\/losperiodistas.com.mx\/portal\/wp-json\/wp\/v2\/tags?post=62207"}],"curies":[{"name":"wp","href":"https:\/\/api.w.org\/{rel}","templated":true}]}}