{"id":62204,"date":"2023-11-03T08:31:41","date_gmt":"2023-11-03T14:31:41","guid":{"rendered":"http:\/\/losperiodistas.com.mx\/portal\/?p=62204"},"modified":"2023-11-03T08:31:44","modified_gmt":"2023-11-03T14:31:44","slug":"sheinbaum-y-la-eleccion-interna-de-morena-pleito-en-casa-proceso","status":"publish","type":"post","link":"https:\/\/losperiodistas.com.mx\/portal\/sheinbaum-y-la-eleccion-interna-de-morena-pleito-en-casa-proceso\/","title":{"rendered":"Sheinbaum y la elecci\u00f3n interna de Morena: pleito \u201cen casa\u201d | Proceso"},"content":{"rendered":"\n<p class=\"has-light-green-cyan-background-color has-background has-medium-font-size\"><strong>Cuando falta una semana para que Morena defina a su virtual candidato o candidata a jefe de gobierno de la Ciudad de M\u00e9xico, afloran los signos de divisi\u00f3n y pugnas internas en la \u201cpropia casa\u201d de la abanderada nacional del partido, Claudia Sheinbaum.<\/strong><\/p>\n\n\n\n<p><\/p>\n\n\n\n<figure class=\"wp-block-image size-full is-style-default\"><img fetchpriority=\"high\" decoding=\"async\" width=\"685\" height=\"385\" src=\"https:\/\/losperiodistas.com.mx\/portal\/wp-content\/uploads\/2023\/11\/f685x385-186125_223818_5050.jpg\" alt=\"\" class=\"wp-image-62205\" srcset=\"https:\/\/losperiodistas.com.mx\/portal\/wp-content\/uploads\/2023\/11\/f685x385-186125_223818_5050.jpg 685w, https:\/\/losperiodistas.com.mx\/portal\/wp-content\/uploads\/2023\/11\/f685x385-186125_223818_5050-300x169.jpg 300w\" sizes=\"(max-width: 685px) 100vw, 685px\" \/><figcaption>Sheinbaum. Proceso interno en CDMX. Foto: Miguel Dimayuga<\/figcaption><\/figure>\n\n\n\n<p>SARA PANTOJA \/ PROCESO<\/p>\n\n\n\n<p><strong>Ciudad de M\u00e9xico (Proceso).&#8211;<\/strong>\u00a0A finales de junio pasado, cuando inici\u00f3 su gira de promoci\u00f3n para ganar la encuesta interna de Morena y convertirse en la virtual candidata presidencial de la Cuarta Transformaci\u00f3n, Claudia Sheinbaum Pardo asegur\u00f3 que \u201cuna encuesta\u201d que hizo el gobierno de la Ciudad de M\u00e9xico -que nunca transparent\u00f3- arroj\u00f3 que 70% de los capitalinos le dijeron \u201c\u00a1Camina Claudia!\u201d.<\/p>\n\n\n\n<p><strong>NOTICIAS RELACIONADAS<\/strong><\/p>\n\n\n\n<ul class=\"wp-block-list\"><li><a href=\"https:\/\/www.proceso.com.mx\/nacional\/2023\/11\/1\/garcia-harfuch-recibio-el-respaldo-de-consejeros-de-morena-en-reunion-privada-317728.html\">Garc\u00eda Harfuch recibi\u00f3 el respaldo de consejeros de Morena en reuni\u00f3n privada<\/a><\/li><li><a href=\"https:\/\/www.proceso.com.mx\/nacional\/2023\/10\/31\/morena-aplica-vacuna-contra-berdejazos-para-evitar-division-por-regla-de-paridad-317713.html\">Morena aplica \u201cvacuna contra berdejazos\u201d para evitar divisi\u00f3n por regla de paridad<\/a><\/li><li><a href=\"https:\/\/www.proceso.com.mx\/nacional\/2023\/10\/31\/pvem-romperia-alianza-con-morena-si-garcia-harfuch-no-es-el-candidato-sesma-317697.html\">PVEM romper\u00eda alianza con Morena si Garc\u00eda Harfuch no es el candidato: Sesma<\/a><\/li><\/ul>\n\n\n\n<p>Sin embargo, cuatro meses despu\u00e9s, esa aceptaci\u00f3n parece entrar en turbulencia. La raz\u00f3n: la divisi\u00f3n interna que sufre Morena-CDMX en torno a la elecci\u00f3n de la persona que coordinar\u00e1 la defensa de la Cuarta Transformaci\u00f3n y que, en los hechos, ser\u00e1 el candidato o la candidata a la Jefatura de Gobierno.<\/p>\n\n\n\n<p>Una muestra de la crisis en la que est\u00e1 el partido en la capital que Sheinbaum Pardo gobern\u00f3 durante casi cinco a\u00f1os, es lo ocurrido el martes 24 de octubre en el Estadio Azul, donde se esperaba el acto m\u00e1s masivo de los 23 que llevaba con la promoci\u00f3n del \u201cAcuerdo por la Unidad\u201d, pero fracas\u00f3, pues el estadio luci\u00f3 semivac\u00edo.<\/p>\n\n\n\n<p>Ese innegable fracaso fue la evidencia de varios elementos que amenazan a Morena en la \u201cpropia casa\u201d de la exjefa de gobierno: falta de organizaci\u00f3n, rechazo del sector \u201cduro\u201d de la militancia y enojo dentro del partido por decisiones de la exmandataria local y la dirigencia morenista.<\/p>\n\n\n\n<p>Casualidad o no, despu\u00e9s de ese evento fallido, la dirigencia de Morena aplaz\u00f3 11 d\u00edas el resultado de las encuestas -programado para el lunes 30-, que definir\u00e1n a los virtuales candidatos a las gubernaturas en los ocho estados y la Ciudad de M\u00e9xico rumbo a las elecciones del 2024.<\/p>\n\n\n\n<p><strong>\u201cNo tengo favoritos\u201d: Sheinbaum<\/strong><\/p>\n\n\n\n<p>El mi\u00e9rcoles 1 de noviembre, la coordinadora nacional se vio obligada a grabar un video y subirlo a sus redes sociales para aclarar que \u201cno tiene favoritos\u201d en la contienda por la coordinaci\u00f3n en la CDMX. Tambi\u00e9n llam\u00f3 a \u201cno caer en politiquer\u00edas ni en divisiones internas\u201d, sino a sumar por la unidad y la organizaci\u00f3n.<\/p>\n\n\n\n<figure class=\"wp-block-embed is-type-rich is-provider-twitter wp-block-embed-twitter\"><div class=\"wp-block-embed__wrapper\">\n<blockquote class=\"twitter-tweet\" data-width=\"500\" data-dnt=\"true\"><p lang=\"es\" dir=\"ltr\">Les informo sobre el proceso para la selecci\u00f3n de coordinadores estatales de los Comit\u00e9s de la Defensa de la Transformaci\u00f3n. En Morena decide el pueblo. <a href=\"https:\/\/t.co\/UgRILMB7oe\">pic.twitter.com\/UgRILMB7oe<\/a><\/p>&mdash; Claudia Sheinbaum Pardo (@Claudiashein) <a href=\"https:\/\/twitter.com\/Claudiashein\/status\/1719825453047832972?ref_src=twsrc%5Etfw\">November 1, 2023<\/a><\/blockquote><script async src=\"https:\/\/platform.twitter.com\/widgets.js\" charset=\"utf-8\"><\/script>\n<\/div><\/figure>\n\n\n\n<p>El llamado se dio unas horas despu\u00e9s de que fue difundido en redes sociales un audio presuntamente con la voz del jefe de gobierno, Mart\u00ed Batres, en el que da indicaciones para \u201cbajar\u201d al exsecretario de Seguridad Ciudadana, Omar Garc\u00eda Harfuch, de la contienda e impulsar a la exalcaldesa de Iztapalapa, Clara Brugada.<\/p>\n\n\n\n<p>De inmediato, por la misma v\u00eda, el morenista desminti\u00f3 la autor\u00eda de ese audio y acus\u00f3 que fue hecho con inteligencia artificial.<\/p>\n\n\n\n<p>No obstante, ese llamado de Sheinbaum lleg\u00f3 tarde, pues la militancia y los liderazgos morenistas llevaban ya semanas divididos entre quienes apoyan a Brugada, y quienes est\u00e1n con Garc\u00eda Harfuch.<\/p>\n\n\n\n<p>Y es que, desde principios de septiembre, cuando el exjefe de la polic\u00eda renunci\u00f3 a su cargo, luego de m\u00e1s de un a\u00f1o de encabezar las encuestas y de negar que le interesara la pol\u00edtica, se supo entre pasillos que era la apuesta de Sheinbaum Pardo para recuperar el voto de la clase media de los capitalinos que Morena perdi\u00f3 en las elecciones intermedias de 2021.<\/p>\n\n\n\n<figure class=\"wp-block-image is-style-default\"><img decoding=\"async\" src=\"https:\/\/www.proceso.com.mx\/u\/fotografias\/m\/2023\/11\/2\/f768x1-186127_186254_15.jpg\" alt=\"\"\/><figcaption>Garc\u00eda Harfuch. El voto de la clase media. Foto: Germ\u00e1n Canseco<\/figcaption><\/figure>\n\n\n\n<p>Desde entonces, diputados locales y algunos federales, adem\u00e1s de alcaldes, apostaron por uno y otro. El consejero presidente de Morena-CDMX, Francisco Ch\u00edguil, solicit\u00f3 licencia temporal para separarse de su cargo y coordinar los recorridos de la exalcaldesa por la capital. El senador C\u00e9sar Cravioto, suplente de Batres Guadarrama en la C\u00e1mara Alta, se convirti\u00f3 en su vocero para esta etapa del proceso. Los tres son identificados con el lado \u201cduro\u201d del partido.<\/p>\n\n\n\n<figure class=\"wp-block-image is-style-default\"><img decoding=\"async\" src=\"https:\/\/www.proceso.com.mx\/u\/fotografias\/m\/2023\/11\/2\/f768x1-186128_186255_15.jpg\" alt=\"\"\/><figcaption>Brugada. El lado \u00abduro\u00bb. Foto: Miguel Dimayuga<\/figcaption><\/figure>\n\n\n\n<p>A la exlegisladora federal y local la han apoyado en sus eventos intelectuales, escritores, actores y dem\u00e1s personalidades simpatizantes de la 4T y que, otrora han acompa\u00f1ado a la misma Sheinbaum en sus actos masivos en la capital; entre ellos, la escritora Elena Poniatowska y el director del Fondo de Cultura Econ\u00f3mica, Paco Ignacio Taibo II, por nombrar algunos.<\/p>\n\n\n\n<p>En tanto, el alcalde de Iztacalco, Armando Quintero, comenz\u00f3 a aparecer en actos masivos de Garc\u00eda Harfuch; varios de ellos, por cierto, hechos en instalaciones de esa demarcaci\u00f3n. Otras alcaldesas que se han dejado ver sonrientes en esos actos son Berenice Hern\u00e1ndez, de Tl\u00e1huac, y Evelyn Parra, de Venustiano Carranza, quienes tambi\u00e9n han facilitado locaciones cerradas, por seguridad, para la visita del que ya es comparado como Batman, \u201cel caballero de la CDMX\u201d. A la vicecoordinadora de Morena en el Congreso local, Guadalupe Morales, el aspirante ya la llama \u201cLupita\u201d en sus eventos.<\/p>\n\n\n\n<p>Otro personaje que llam\u00f3 la atenci\u00f3n al encabezar un acto masivo en la alcald\u00eda Benito Ju\u00e1rez es Ren\u00e9 Bejarano, presidente del Movimiento Nacional por la Esperanza, recordado por el videoesc\u00e1ndalo en el que se le ve recibir fajos de billetes atados con ligas que le entreg\u00f3 al empresario argentino, Carlos Ahumada en 2004, cuando Bejarano era secretario particular del entonces jefe de gobierno, Andr\u00e9s Manuel L\u00f3pez Obrador.<\/p>\n\n\n\n<p>El mismo 24 de octubre, Manuel Oropeza, autoridad del Centro Hist\u00f3rico y exl\u00edder local del PRD y fiel bejaranista, renunci\u00f3 a ese Movimiento con el argumento de que apoya a Brugada y que \u201cla otra visi\u00f3n significa dar un salto al vac\u00edo en el coraz\u00f3n del proyecto de la 4T en la CDMX\u201d.<\/p>\n\n\n\n<p>El pasado lunes 30, en varias entrevistas con la prensa, Jes\u00fas Sesma, coordinador de la bancada del Partido Verde Ecologista de M\u00e9xico (PVEM), amenaz\u00f3 con romper la alianza con el partido oficial y el del Trabajo, si \u201cel superh\u00e9roe\u201d como lo llam\u00f3 en octubre del 2022, no es el elegido.<\/p>\n\n\n\n<figure class=\"wp-block-image is-style-default\"><img decoding=\"async\" src=\"https:\/\/www.proceso.com.mx\/u\/fotografias\/m\/2023\/11\/2\/f768x1-186129_186256_15.jpg\" alt=\"\"\/><figcaption>Sheinbaum y Sesma. Alianza<\/figcaption><\/figure>\n\n\n\n<p>Esos son apenas unos ejemplos del tama\u00f1o de divisi\u00f3n que priva en Morena-CDMX a una semana de que se den a conocer los resultados de las encuestas internas y que la Comisi\u00f3n Nacional de Elecciones decida si ser\u00e1 un hombre o una mujer qui\u00e9n contienda por refrendar el triunfo de la 4T en la capital.<\/p>\n\n\n\n<p><strong>\u201cNos falt\u00f3 organizaci\u00f3n\u201d: Delgado y Ram\u00edrez<\/strong><\/p>\n\n\n\n<p>La tarde del martes 24, el Estadio Azul no recibi\u00f3 ni una cuarta parte de las poco m\u00e1s de 36 mil 600 personas que pueden sentarse en sus gradas. Tampoco vio llena la zona VIP de los \u201cinvitados especiales\u201d destinada en la cancha que, de por s\u00ed ya estaba ocupada en una parte por el gran escenario con dos pantallas gigantes.<\/p>\n\n\n\n<p>La exmandataria local se qued\u00f3 entre los pasillos del inmueble sin importar que dejaba plantados a los pocos miles que s\u00ed llegaron desde al menos tres horas antes para aplaudirle. Entonces, el grito de \u201c\u00a1pre-si-den-ta!\u201d al que est\u00e1 acostumbrada a recibir, se torn\u00f3 en silencio.<\/p>\n\n\n\n<p>Mario Delgado, presidente nacional de Morena, s\u00f3lo atin\u00f3 a decir: \u201cEl d\u00eda de hoy hay que reconocer que nos falt\u00f3 organizaci\u00f3n. Hay mucha gente que quisiera estar aqu\u00ed que no se enter\u00f3\u201d. Y convoc\u00f3 a la gente a volver al mismo sitio el domingo 12 para recibir \u201ccomo se merece\u201d a la coordinadora nacional de la defensa de la transformaci\u00f3n.<\/p>\n\n\n\n<p>Sebasti\u00e1n Ram\u00edrez, l\u00edder de Morena en la CDMX y excoordinador de Comunicaci\u00f3n Ciudadana del gobierno de Sheinbaum, lleg\u00f3 corriendo al estadio, su rostro denotaba preocupaci\u00f3n y c\u00f3lera. En algunas entrevistas repiti\u00f3: \u201cnos falt\u00f3 organizaci\u00f3n\u201d.<\/p>\n\n\n\n<figure class=\"wp-block-image is-style-default\"><img decoding=\"async\" src=\"https:\/\/www.proceso.com.mx\/u\/fotografias\/m\/2023\/11\/2\/f768x400-186130_230033_33.jpg\" alt=\"\"\/><figcaption>Estadio Azul. Evento fallido. Foto: Especial<\/figcaption><\/figure>\n\n\n\n<p>Esa tarde-noche, Claudia Sheinbaum dej\u00f3 a un lado su activa participaci\u00f3n en sus redes sociales y no hizo ni una sola menci\u00f3n del hecho. Tampoco hizo referencia en su evento masivo en Parral, Chihuahua, el mi\u00e9rcoles 25, donde se present\u00f3 como si un d\u00eda antes no hubiera ocurrido el primer gran vac\u00edo en sus m\u00edtines camino a las elecciones del 2024.<\/p>\n\n\n\n<p>Peor a\u00fan, el fiasco estaba consumado en uno de los lugares p\u00fablicos m\u00e1s emblem\u00e1ticos de la alcald\u00eda Benito Ju\u00e1rez, gobernada por el PAN. La misma demarcaci\u00f3n que durante la administraci\u00f3n de Sheinbaum en la capital fue sometida, como ninguna otra, a la investigaci\u00f3n penal de la Fiscal\u00eda General de Justicia de la Ciudad de M\u00e9xico (FGJCDMX) y al se\u00f1alamiento p\u00fablico de ella misma por el esc\u00e1ndalo de corrupci\u00f3n inmobiliaria.<\/p>\n\n\n\n<p>Es tambi\u00e9n la demarcaci\u00f3n donde el PAN ha gobernado los \u00faltimos 23 a\u00f1os y cuyo m\u00e1s reciente alcalde, Santiago Taboada, solicit\u00f3 licencia para separarse temporalmente del cargo y competir por la candidatura de la alianza \u201cVa por la CDMX\u201d, formada por PAN, PRI, PRD, para la elecci\u00f3n del pr\u00f3ximo jefe de gobierno de la capital.<\/p>\n\n\n\n<p><strong>Fallas en la log\u00edstica<\/strong><\/p>\n\n\n\n<p>En las dos giras nacionales que ha encabezado Claudia Sheinbaum desde finales de junio, cuando se separ\u00f3 de la Jefatura de Gobierno, -la primera para posicionarse y ganar la encuesta interna de Morena y la segunda para promover la firma del \u201cAcuerdo por la Unidad\u201d-, ha sido evidente la intervenci\u00f3n de los gobiernos estatales y las presidencias municipales morenistas.<\/p>\n\n\n\n<p>Como lo ha comprobado la reportera, lo han reportado diversos medios de comunicaci\u00f3n locales y nacionales y como tambi\u00e9n lo denunci\u00f3 el excanciller Marcelo Ebrard, en la organizaci\u00f3n, log\u00edstica y acarreo de personas en esos eventos masivos en lugares p\u00fablicos han intervenido los gobernadores y gobernadoras militantes de Morena: apoyan con el transporte para llevar y regresar a la gente de comunidades alejadas al punto de reuni\u00f3n, con la entrega de banderines, playeras y gorras; con la renta de sillas, lonas y equipo de audio y hasta con polic\u00edas estatales para controlar las vialidades.&nbsp;<\/p>\n\n\n\n<p>Sin embargo, el martes 24 en la CDMX pr\u00e1cticamente no hubo ninguno de los dos elementos. El jefe de gobierno, Mart\u00ed Batres, ha declarado varias veces que, aunque es morenista y apoya a Sheinbaum, se mantendr\u00e1 ajeno al proceso pol\u00edtico nacional y local.<\/p>\n\n\n\n<figure class=\"wp-block-image is-style-default\"><img decoding=\"async\" src=\"https:\/\/www.proceso.com.mx\/u\/fotografias\/m\/2023\/11\/2\/f768x400-186131_230034_15.jpg\" alt=\"\"\/><figcaption>Batres. \u00abAjeno al proceso\u00bb. Foto: Germ\u00e1n Canseco<\/figcaption><\/figure>\n\n\n\n<p>A diferencia de otros gobernadores como Layda Sansores de Campeche, Salom\u00f3n Jara de Oaxaca, y Lorena Cu\u00e9llar de Tlaxcala, que recibieron a Sheinbaum a la entrada de las plazas, la acompa\u00f1aron al templete y se quedaron en primera fila del evento, el exsenador no fue al acto en el Estadio Azul.<\/p>\n\n\n\n<p>No es secreto que el morenista simpatiza con Brugada. Coincidencia o no, voces consultadas por la reportera lo acusan de presuntamente \u201camedrentar\u201d a funcionarios del gabinete central para no aparecerse en eventos de la virtual candidata presidencial, pese a que el 15 de junio pr\u00e1cticamente le cedi\u00f3 el poder en la CDMX al proponerlo al Congreso de la CDMX como su sustituto.<\/p>\n\n\n\n<p>Por el lado del partido en la CDMX, su dirigente Sebasti\u00e1n Ram\u00edrez destac\u00f3 por su \u201cinexperiencia pol\u00edtica\u201d, su \u201csoberbia\u201d y su \u201cp\u00e9sima organizaci\u00f3n\u201d, seg\u00fan coincidieron militantes, trabajadores de secretarias del gobierno local y empleados de distintas alcald\u00edas consultadas por&nbsp;<strong>Proceso<\/strong>.<\/p>\n\n\n\n<p>De acuerdo con los testimonios obtenidos por la reportera, cuyas voces pidieron el anonimato por temor a represalias, el exaspirante a diputado local por Coyoac\u00e1n \u201cse confi\u00f3\u201d en que los capitalinos tendr\u00edan la misma respuesta de asistencia que hay cuando se trata de un acto masivo del presidente Andr\u00e9s Manuel L\u00f3pez Obrador. \u201cPero Claudia no es Andr\u00e9s Manuel\u201d, dicen.<\/p>\n\n\n\n<p>Detallan que, a diferencia de otros actos masivos, esta vez el partido no dio apoyo de microbuses o autobuses que llevaran y regresaran a los habitantes de zonas alejadas del estadio. \u201cLa gente va a llegar porque tiene que llegar\u201d, recuerdan que dijo Ram\u00edrez Mendoza; pero eso no ocurri\u00f3. De acuerdo con los entrevistados, \u201cla soberbia\u201d del inexperto l\u00edder local lo hizo pensar que la gente llegar\u00eda en Metro o como pudiera.<\/p>\n\n\n\n<p>Adem\u00e1s, seg\u00fan los testimonios, el dirigente morenista orden\u00f3 que la entrada al estadio fuera s\u00f3lo con boleto en mano. La reportera confirm\u00f3 que esa era la \u00fanica manera de entrar al mismo, excepto para los que ten\u00edan gafete de \u201cinvitado especial\u201d y la prensa que, previo registro por internet, apenas alcanz\u00f3 una improvisada etiqueta fluorescente con letras escritas a plum\u00f3n.<\/p>\n\n\n\n<figure class=\"wp-block-image is-style-default\"><img decoding=\"async\" src=\"https:\/\/www.proceso.com.mx\/u\/fotografias\/m\/2023\/11\/2\/f768x400-186133_230036_3.jpg\" alt=\"\"\/><figcaption>Mendoza. \u00abSe confi\u00f3\u00bb. Foto: Benjam\u00edn Flores<\/figcaption><\/figure>\n\n\n\n<p>Sin embargo, las fuentes consultadas aseguran que la presidencia local de Morena reparti\u00f3 \u201cpocos boletos\u201d. Seg\u00fan esa versi\u00f3n, a los representantes de secretar\u00edas de gabinete les repartieron mil 500, a las alcald\u00edas menos de 50 y a los diputados, apenas cinco. El d\u00eda del evento, hubo gente que quiso entrar, pero como no tra\u00eda boleto, qued\u00f3 fuera. Eso le pas\u00f3 a decenas de integrantes del Instituto de la Juventud (Injuve) convocados de \u00faltimo momento.<\/p>\n\n\n\n<p>Otra falla, refieren los declarantes, es que era un d\u00eda y horario laboral, adem\u00e1s de que no hubo la convocatoria con tiempo suficiente. Y s\u00ed, hasta ese evento que intent\u00f3 ser masivo, en las colonias populares de la CDMX era com\u00fan observar posters en las paredes, mercados y otros sitios p\u00fablicos invitando al acto con la hora y lugar de donde saldr\u00eda el autob\u00fas. Para este evento, no hubo nada de eso.<\/p>\n\n\n\n<p>Una voz que ha atendido varias convocatorias masivas, asegur\u00f3: \u201ccomo que esta vez el presidente de Morena local no convoc\u00f3 a los l\u00edderes, sino s\u00f3lo a sus cuates\u201d.<\/p>\n\n\n\n<p>De acuerdo con los declarantes, desde ese chasco ya se empez\u00f3 a organizar el evento del domingo 12 de noviembre, pero esta vez ya bajo el mando del equipo de Sheinbaum Pardo, que ha demostrado ser experto en eventos con miles de acarreados.<\/p>\n\n\n\n<p><strong>Proceso<\/strong>&nbsp;solicit\u00f3 directamente una entrevista con Sebasti\u00e1n Ram\u00edrez para tener su versi\u00f3n de estos se\u00f1alamientos, pero su \u00fanica respuesta fue un breve mensaje de texto:<\/p>\n\n\n\n<p>\u201cComo lo coment\u00e9 en su momento nos falt\u00f3 organizaci\u00f3n. Ante esto le ofrecimos una disculpa a la Doctora Claudia Sheinbaum y le propusimos realizar un nuevo evento. Nuestra coordinadora nacional de los Comit\u00e9s de Defensa de la Cuarta Transformaci\u00f3n es muy querida aqu\u00ed en la Ciudad y hay muchas personas que la quieren ver y estar cerca de ella y por ello estamos trabajando para que el pr\u00f3ximo encuentro que tenga con la militancia de la capital sea memorable\u201d.<\/p>\n\n\n\n<p>Fuente: <a href=\"https:\/\/www.proceso.com.mx\/nacional\/2023\/11\/3\/sheinbaum-la-eleccion-interna-de-morena-pleito-en-casa-317829.html\">https:\/\/www.proceso.com.mx\/nacional\/2023\/11\/3\/sheinbaum-la-eleccion-interna-de-morena-pleito-en-casa-317829.html<\/a><\/p>\n","protected":false},"excerpt":{"rendered":"<p>Cuando falta una semana para que Morena defina a su virtual candidato o candidata a jefe de gobierno de la [&hellip;]<\/p>\n","protected":false},"author":1,"featured_media":62205,"comment_status":"open","ping_status":"open","sticky":false,"template":"","format":"standard","meta":{"site-sidebar-layout":"default","site-content-layout":"","ast-site-content-layout":"default","site-content-style":"default","site-sidebar-style":"default","ast-global-header-display":"","ast-banner-title-visibility":"","ast-main-header-display":"","ast-hfb-above-header-display":"","ast-hfb-below-header-display":"","ast-hfb-mobile-header-display":"","site-post-title":"","ast-breadcrumbs-content":"","ast-featured-img":"","footer-sml-layout":"","theme-transparent-header-meta":"","adv-header-id-meta":"","stick-header-meta":"","header-above-stick-meta":"","header-main-stick-meta":"","header-below-stick-meta":"","astra-migrate-meta-layouts":"default","ast-page-background-enabled":"default","ast-page-background-meta":{"desktop":{"background-color":"var(--ast-global-color-4)","background-image":"","background-repeat":"repeat","background-position":"center center","background-size":"auto","background-attachment":"scroll","background-type":"","background-media":"","overlay-type":"","overlay-color":"","overlay-opacity":"","overlay-gradient":""},"tablet":{"background-color":"","background-image":"","background-repeat":"repeat","background-position":"center center","background-size":"auto","background-attachment":"scroll","background-type":"","background-media":"","overlay-type":"","overlay-color":"","overlay-opacity":"","overlay-gradient":""},"mobile":{"background-color":"","background-image":"","background-repeat":"repeat","background-position":"center center","background-size":"auto","background-attachment":"scroll","background-type":"","background-media":"","overlay-type":"","overlay-color":"","overlay-opacity":"","overlay-gradient":""}},"ast-content-background-meta":{"desktop":{"background-color":"var(--ast-global-color-5)","background-image":"","background-repeat":"repeat","background-position":"center center","background-size":"auto","background-attachment":"scroll","background-type":"","background-media":"","overlay-type":"","overlay-color":"","overlay-opacity":"","overlay-gradient":""},"tablet":{"background-color":"var(--ast-global-color-5)","background-image":"","background-repeat":"repeat","background-position":"center center","background-size":"auto","background-attachment":"scroll","background-type":"","background-media":"","overlay-type":"","overlay-color":"","overlay-opacity":"","overlay-gradient":""},"mobile":{"background-color":"var(--ast-global-color-5)","background-image":"","background-repeat":"repeat","background-position":"center center","background-size":"auto","background-attachment":"scroll","background-type":"","background-media":"","overlay-type":"","overlay-color":"","overlay-opacity":"","overlay-gradient":""}},"footnotes":""},"categories":[8],"tags":[20034,20035,5486,20033,20037],"class_list":["post-62204","post","type-post","status-publish","format-standard","has-post-thumbnail","hentry","category-noticias","tag-clara-brugada","tag-claudia-sheinbaumn","tag-elecciones-2024","tag-harfuch","tag-morena-division"],"_links":{"self":[{"href":"https:\/\/losperiodistas.com.mx\/portal\/wp-json\/wp\/v2\/posts\/62204","targetHints":{"allow":["GET"]}}],"collection":[{"href":"https:\/\/losperiodistas.com.mx\/portal\/wp-json\/wp\/v2\/posts"}],"about":[{"href":"https:\/\/losperiodistas.com.mx\/portal\/wp-json\/wp\/v2\/types\/post"}],"author":[{"embeddable":true,"href":"https:\/\/losperiodistas.com.mx\/portal\/wp-json\/wp\/v2\/users\/1"}],"replies":[{"embeddable":true,"href":"https:\/\/losperiodistas.com.mx\/portal\/wp-json\/wp\/v2\/comments?post=62204"}],"version-history":[{"count":1,"href":"https:\/\/losperiodistas.com.mx\/portal\/wp-json\/wp\/v2\/posts\/62204\/revisions"}],"predecessor-version":[{"id":62206,"href":"https:\/\/losperiodistas.com.mx\/portal\/wp-json\/wp\/v2\/posts\/62204\/revisions\/62206"}],"wp:featuredmedia":[{"embeddable":true,"href":"https:\/\/losperiodistas.com.mx\/portal\/wp-json\/wp\/v2\/media\/62205"}],"wp:attachment":[{"href":"https:\/\/losperiodistas.com.mx\/portal\/wp-json\/wp\/v2\/media?parent=62204"}],"wp:term":[{"taxonomy":"category","embeddable":true,"href":"https:\/\/losperiodistas.com.mx\/portal\/wp-json\/wp\/v2\/categories?post=62204"},{"taxonomy":"post_tag","embeddable":true,"href":"https:\/\/losperiodistas.com.mx\/portal\/wp-json\/wp\/v2\/tags?post=62204"}],"curies":[{"name":"wp","href":"https:\/\/api.w.org\/{rel}","templated":true}]}}