{"id":6220,"date":"2021-03-26T09:36:09","date_gmt":"2021-03-26T15:36:09","guid":{"rendered":"http:\/\/losperiodistas.com.mx\/portal\/?p=6220"},"modified":"2021-03-26T09:36:11","modified_gmt":"2021-03-26T15:36:11","slug":"agenda-electoral-de-derechos-humanos","status":"publish","type":"post","link":"https:\/\/losperiodistas.com.mx\/portal\/agenda-electoral-de-derechos-humanos\/","title":{"rendered":"Agenda electoral de Derechos humanos"},"content":{"rendered":"\n<figure class=\"wp-block-image size-large\"><img fetchpriority=\"high\" decoding=\"async\" width=\"650\" height=\"360\" src=\"https:\/\/losperiodistas.com.mx\/portal\/wp-content\/uploads\/2021\/03\/elecciones-conteo-voto-extranjero-382986-650x360-1.jpeg\" alt=\"\" class=\"wp-image-6221\" srcset=\"https:\/\/losperiodistas.com.mx\/portal\/wp-content\/uploads\/2021\/03\/elecciones-conteo-voto-extranjero-382986-650x360-1.jpeg 650w, https:\/\/losperiodistas.com.mx\/portal\/wp-content\/uploads\/2021\/03\/elecciones-conteo-voto-extranjero-382986-650x360-1-300x166.jpeg 300w\" sizes=\"(max-width: 650px) 100vw, 650px\" \/><\/figure>\n\n\n\n<p class=\"has-vivid-cyan-blue-color has-text-color\" style=\"font-size:26px\"><em>Por Luis Soriano Peregrina<\/em><\/p>\n\n\n\n<p>La organizaci\u00f3n Voz Ciudadana por los Derechos Humanos (VCxDH), defensores, acad\u00e9micos, profesionistas, l\u00edderes de opini\u00f3n y activistas que la conforman, refrendamos nuestro compromiso de ser aliados de los derechos humanos, para generar alternativas de soluci\u00f3n \u00a0a los problemas fundamentales en materia de Derechos Humanos que aqueja en nuestro Pa\u00eds, decidiendo el colectivo ser una organizaci\u00f3n que busque sumar y no restar, se\u00f1alar el error pero con una propuesta que resuelva o rompa con ese error, es decir, tomar a la propuesta como herramienta de cr\u00edtica, dejando a un lado la maldici\u00f3n acida sin propuesta que no lleva a nada, ver a la reconciliaci\u00f3n como medio para romper con el enfrentamiento de intereses traidores, nos comprometemos en caminar todos los d\u00edas en mantenernos en la ruta del respeto y que busque acabar con el desprecio de quienes han sido crueles con los sectores vulnerables, desde esta trinchera, VCxDH busca construir procesos de paz que den certidumbre y estabilidad en nuestra sociedad, caminando hacia la cohesi\u00f3n social y reconstrucci\u00f3n del tejido social con sustento en la dignidad de los derechos humanos y la necesidad de vernos como un colectivo y no solo como seres individualistas, por tal raz\u00f3n ponemos sobre la mesa la \u201c<strong><em><u>AGENDA DE DERECHOS HUMANOS; En la b\u00fasqueda de la dignidad humana y la municipalizaci\u00f3n de los derechos humanos\u201d<\/u><\/em><\/strong>, para que sea analizada por las actuales autoridades, los aspirantes y futuros candidatos y autoridades, as\u00ed como las organizaciones sociales, defensores de derechos humanos, activistas, defensores del medio ambiente y todo aquel que est\u00e9 dispuesto a proponer para fortalecer y estimular el crecimiento de esta agenda de Derechos Humanos en el Pa\u00eds.<\/p>\n\n\n\n<p>Desde hace unos a\u00f1os, el desarrollo de los derechos humanos ha mostrado una presencia hist\u00f3rica, jur\u00eddica y cultural cada vez m\u00e1s din\u00e1mica en la sociedad, pero concretamente a finales de la d\u00e9cada pasada y a principios de este siglo, ha sido cuando su aceptaci\u00f3n, reconocimiento y respeto se constituyeron en una permanente aspiraci\u00f3n de la mayor\u00eda de los pa\u00edses que conforman la comunidad internacional, incluyendo a M\u00e9xico.<\/p>\n\n\n\n<p>A su vez, el tema de los derechos humanos corresponde a una materia extremadamente amplia y que ha cobrado una importancia cada vez m\u00e1s relevante en el desarrollo econ\u00f3mico, social y cultural de nuestra sociedad. La doctrina de los derechos humanos nos ense\u00f1a que todos los derechos de las personas son indivisibles, es decir, que integran una unidad total cuya raz\u00f3n reside en la dignidad del ser humano. Este atributo de la persona, la dignidad, padecer\u00e1 un menoscabo cuando alguno de los derechos sea vulnerado. Cualquiera sea la materia sobre la que recayera la limitaci\u00f3n \u2013vida, salud, educaci\u00f3n, libertad personal, libertad de expresi\u00f3n, etc.\u2013 y sin orden de importancia, tanto hombres como mujeres sufrir\u00e1n en su dignidad.<\/p>\n\n\n\n<p>En la actualidad, el reto del Gobierno Federal, as\u00ed como de los Gobiernos de los Estados es cerrar la brecha existente entre el marco normativo en materia de derechos humanos, las metas ordenadas a nivel internacional \u00a0y su apoyo irrestricto a estos derechos con la realidad que experimentan un gran n\u00famero de habitantes cuando buscan una justicia pronta y efectiva, haciendo que las entidades federativas y la federaci\u00f3n se vean constantemente sobrepasados de las exigencias y necesidad, sin que logren dignificar los derechos de todas y todos, enfoc\u00e1ndose exclusivamente a ser juzgados de derechos humanos, dejando a un lado las acciones propias que se necesitan para dignificar los derechos de todas las personas. Por lo tanto, el gran desaf\u00edo que M\u00e9xico debe enfrentar hoy por hoy, es lograr desde la cultura de la paz, una efectiva prevenci\u00f3n de la violencia y una correcta investigaci\u00f3n de las causas que motivan la discriminaci\u00f3n y las fuentes de las diversas violaciones de derechos humanos, debemos redescubrirnos y ver a futuro del enfoque que hasta hoy se tiene de procesos, pasos procesales, sanciones y sus alcances que se tienen hoy instaurados en el Estado Mexicano para castigar a los responsables de violaciones de derechos humanos, pero a\u00fan m\u00e1s importante es evitar estas violaciones y en caso que se comentan realizar las acciones necesarias de no repetici\u00f3n, pues no tiene ning\u00fan sentido caminar en la ruta de la sanci\u00f3n cuando cada vez son m\u00e1s y m\u00e1s las personas que violentan la dignidad del ser humano y nada motiva el inhibir o romper con el ciclo perverso de la violaci\u00f3n de los derechos, urge rompen con la impunidad existente en aquellos violentan y degradan al medio ambiente y buscar sensibilizar y potencializar el valor de los seres vivos no humanos como piezas fundamentales para un M\u00e9xico mejor, urge tomar medidas que generen un cambio radicar en cuanto a la cultura popular, fortalecer principios y valores que no precisamente sean religiosos o de culto, pero que si nos permitan vivir con mayor felicidad, reciprocidad, solidaridad, camarader\u00eda, honestidad, colectividad, pues cada d\u00eda que pasa olvidamos todo esto haci\u00e9ndonos insensibles, perversos, \u00e1cidos y t\u00f3xicos. <\/p>\n\n\n\n<p>Nuestro sistema de derechos humanos est\u00e1 totalmente sobrepasado, debiendo dirigir todos sus recursos y tiempo a ser juzgados de buena fe y cuando el tiempo se los permite a ser talleristas de cursos que no tienen ninguna trascendencia en la sociedad, por lo mismo la instancias nacionales y estatales sigan trabajando y sean fortalecidas con 2,446 instancias que a nivel municipal deber\u00e1n atender entre otras cosas, los planes municipales de derechos humanos, prevenci\u00f3n de la violencia y no discriminaci\u00f3n, propuesta de Voz Ciudadana que hoy ya es una obligaci\u00f3n en el Estado de Puebla y que los 217 municipios de Puebla tienen la obligaci\u00f3n de tener instaurados en el Gobierno Interino de Puebla en el a\u00f1o 2019.<\/p>\n\n\n\n<p>Es necesario se\u00f1alar que si bien es cierto en la Constituci\u00f3n Federal como en las Locales, la responsabilidad de velar por los derechos humanos recae a nivel estatal o federal a trav\u00e9s de las Comisiones de Derechos Humanos, lo cierto es que tambi\u00e9n el art\u00edculo primero establece que todas y todos tienen esta obligaci\u00f3n, aunque no est\u00e9 precisado en el art\u00edculo 115 constitucional, sin embargo, municipios que no est\u00e1n sensibilizados en los temas de derechos humanos, utilizan este argumento de mientras el 115 no se los ordene, ellos no tienen por qu\u00e9 atender estos temas, sin embargo, pierden de vista que atender los derechos humanos en sus municipios potencializa a la autoridad municipal, la hace digna desde el inicio y legitima su gobierno, pues provoca un sentido de pertenencia y de importancia al habitante del municipio, provocando un sentimiento de solidaridad con su autoridad municipal, siendo este un valor enorme para el emprender los retos que tienen por delante como la autoridad m\u00e1s importante de la estructura gubernamental en el Pa\u00eds, tambi\u00e9n la autoridad dejar de ver a las personas como objetos de comercio y los empieza apoyar como sujetos de derechos, hace que la actividad p\u00fablica municipal sea digna, pues rompe con el asistencialismo como tradicionalmente lo conocemos y lo transforma en acciones de cohesi\u00f3n social, reconstrucci\u00f3n del tejido social y econom\u00eda solidaria, entre otras cosas.<\/p>\n\n\n\n<p>Este art\u00edculo es el pre\u00e1mbulo de la agenda que daremos a conocer p\u00fablicamente en unos d\u00edas m\u00e1s y haremos llegar a tantas personas tengan inter\u00e9s y nos permitan hablemos de lo que desde el colectivo visualizamos para abonar en la dignificaci\u00f3n de los derechos humanos en M\u00e9xico y potencializar la cohesi\u00f3n social trabajada desde la base, sin dejar de caminar en diversas l\u00edneas paralelas, se proponen reformas a las Constituci\u00f3n Federal y de los Estados, a las leyes estatales que regulan la administraci\u00f3n Municipal, c\u00f3digos, reglamentos, bandos y dem\u00e1s normativas municipales que nos permitan darle sustento legal a la lucha a favor de los derechos humanos, pero tambi\u00e9n debemos de buscar alternativas de acci\u00f3n para todo aquello que los municipios tienen permitido hacer y que muchos gastos no representa mayores gastos y si mayores beneficios en su ejercicio como autoridades p\u00fablicas municipales, al final este documento se vuelva una realidad, requiere colaboraci\u00f3n y organizaci\u00f3n y principalmente voluntad pol\u00edtica, si esto \u00faltimo, nada ser\u00e1 posible, por lo mismo es que en Voz Ciudadana por los Derechos Humanos estamos proponiendo a todas y todos que juntos trabajemos esta agenda y la hagamos v\u00e1lida y legitima para todo el Pa\u00eds, en nuestras publicaciones posteriores, hablaremos ampliamente de cada uno de los puntos que en la agenda se tienen se\u00f1aladas.<\/p>\n\n\n\n<p>Para cualquier informaci\u00f3n o incluso si est\u00e1n interesado a ser parte de esta iniciativa ciudadana nos sentiremos honrados en recibir sus comentarios a @LuisSorianoVC en Twitter, Facebook, Instagram y dem\u00e1s redes sociales.<\/p>\n","protected":false},"excerpt":{"rendered":"<p>Por Luis Soriano Peregrina La organizaci\u00f3n Voz Ciudadana por los Derechos Humanos (VCxDH), defensores, acad\u00e9micos, profesionistas, l\u00edderes de opini\u00f3n y [&hellip;]<\/p>\n","protected":false},"author":1,"featured_media":6222,"comment_status":"open","ping_status":"open","sticky":false,"template":"","format":"standard","meta":{"site-sidebar-layout":"default","site-content-layout":"","ast-site-content-layout":"default","site-content-style":"default","site-sidebar-style":"default","ast-global-header-display":"","ast-banner-title-visibility":"","ast-main-header-display":"","ast-hfb-above-header-display":"","ast-hfb-below-header-display":"","ast-hfb-mobile-header-display":"","site-post-title":"","ast-breadcrumbs-content":"","ast-featured-img":"","footer-sml-layout":"","theme-transparent-header-meta":"","adv-header-id-meta":"","stick-header-meta":"","header-above-stick-meta":"","header-main-stick-meta":"","header-below-stick-meta":"","astra-migrate-meta-layouts":"default","ast-page-background-enabled":"default","ast-page-background-meta":{"desktop":{"background-color":"var(--ast-global-color-4)","background-image":"","background-repeat":"repeat","background-position":"center center","background-size":"auto","background-attachment":"scroll","background-type":"","background-media":"","overlay-type":"","overlay-color":"","overlay-opacity":"","overlay-gradient":""},"tablet":{"background-color":"","background-image":"","background-repeat":"repeat","background-position":"center center","background-size":"auto","background-attachment":"scroll","background-type":"","background-media":"","overlay-type":"","overlay-color":"","overlay-opacity":"","overlay-gradient":""},"mobile":{"background-color":"","background-image":"","background-repeat":"repeat","background-position":"center center","background-size":"auto","background-attachment":"scroll","background-type":"","background-media":"","overlay-type":"","overlay-color":"","overlay-opacity":"","overlay-gradient":""}},"ast-content-background-meta":{"desktop":{"background-color":"var(--ast-global-color-5)","background-image":"","background-repeat":"repeat","background-position":"center center","background-size":"auto","background-attachment":"scroll","background-type":"","background-media":"","overlay-type":"","overlay-color":"","overlay-opacity":"","overlay-gradient":""},"tablet":{"background-color":"var(--ast-global-color-5)","background-image":"","background-repeat":"repeat","background-position":"center center","background-size":"auto","background-attachment":"scroll","background-type":"","background-media":"","overlay-type":"","overlay-color":"","overlay-opacity":"","overlay-gradient":""},"mobile":{"background-color":"var(--ast-global-color-5)","background-image":"","background-repeat":"repeat","background-position":"center center","background-size":"auto","background-attachment":"scroll","background-type":"","background-media":"","overlay-type":"","overlay-color":"","overlay-opacity":"","overlay-gradient":""}},"footnotes":""},"categories":[8,22],"tags":[714,715],"class_list":["post-6220","post","type-post","status-publish","format-standard","has-post-thumbnail","hentry","category-noticias","category-opinion-invitada","tag-agenda-electoral-de-derechos-humanos","tag-luis-soriano-peregrina"],"_links":{"self":[{"href":"https:\/\/losperiodistas.com.mx\/portal\/wp-json\/wp\/v2\/posts\/6220","targetHints":{"allow":["GET"]}}],"collection":[{"href":"https:\/\/losperiodistas.com.mx\/portal\/wp-json\/wp\/v2\/posts"}],"about":[{"href":"https:\/\/losperiodistas.com.mx\/portal\/wp-json\/wp\/v2\/types\/post"}],"author":[{"embeddable":true,"href":"https:\/\/losperiodistas.com.mx\/portal\/wp-json\/wp\/v2\/users\/1"}],"replies":[{"embeddable":true,"href":"https:\/\/losperiodistas.com.mx\/portal\/wp-json\/wp\/v2\/comments?post=6220"}],"version-history":[{"count":1,"href":"https:\/\/losperiodistas.com.mx\/portal\/wp-json\/wp\/v2\/posts\/6220\/revisions"}],"predecessor-version":[{"id":6223,"href":"https:\/\/losperiodistas.com.mx\/portal\/wp-json\/wp\/v2\/posts\/6220\/revisions\/6223"}],"wp:featuredmedia":[{"embeddable":true,"href":"https:\/\/losperiodistas.com.mx\/portal\/wp-json\/wp\/v2\/media\/6222"}],"wp:attachment":[{"href":"https:\/\/losperiodistas.com.mx\/portal\/wp-json\/wp\/v2\/media?parent=6220"}],"wp:term":[{"taxonomy":"category","embeddable":true,"href":"https:\/\/losperiodistas.com.mx\/portal\/wp-json\/wp\/v2\/categories?post=6220"},{"taxonomy":"post_tag","embeddable":true,"href":"https:\/\/losperiodistas.com.mx\/portal\/wp-json\/wp\/v2\/tags?post=6220"}],"curies":[{"name":"wp","href":"https:\/\/api.w.org\/{rel}","templated":true}]}}