{"id":61812,"date":"2023-10-28T09:17:07","date_gmt":"2023-10-28T14:17:07","guid":{"rendered":"http:\/\/losperiodistas.com.mx\/portal\/?p=61812"},"modified":"2023-10-28T09:17:14","modified_gmt":"2023-10-28T14:17:14","slug":"morena-aplaza-dos-semanas-resultados-de-encuesta-para-gubernatura-de-puebla-e-consulta","status":"publish","type":"post","link":"https:\/\/losperiodistas.com.mx\/portal\/morena-aplaza-dos-semanas-resultados-de-encuesta-para-gubernatura-de-puebla-e-consulta\/","title":{"rendered":"Morena aplaza dos semanas resultados de encuesta para gubernatura de Puebla | e-consulta"},"content":{"rendered":"\n<p class=\"has-medium-font-size\">La nueva fecha ser\u00e1 el 10 de noviembre, a pesar de que ser\u00eda el 30 de octubre cuando se dar\u00edan a conocer<\/p>\n\n\n\n<figure class=\"wp-block-image size-full is-style-default\"><img fetchpriority=\"high\" decoding=\"async\" width=\"640\" height=\"426\" src=\"https:\/\/losperiodistas.com.mx\/portal\/wp-content\/uploads\/2023\/10\/morena_aplaza_dos_semanas_resultados_de_encuesta_para_gubernatura_de_puebla.jpg\" alt=\"\" class=\"wp-image-61813\" srcset=\"https:\/\/losperiodistas.com.mx\/portal\/wp-content\/uploads\/2023\/10\/morena_aplaza_dos_semanas_resultados_de_encuesta_para_gubernatura_de_puebla.jpg 640w, https:\/\/losperiodistas.com.mx\/portal\/wp-content\/uploads\/2023\/10\/morena_aplaza_dos_semanas_resultados_de_encuesta_para_gubernatura_de_puebla-300x200.jpg 300w\" sizes=\"(max-width: 640px) 100vw, 640px\" \/><figcaption>Foto \/ e-consulta<br><a href=\"https:\/\/www.facebook.com\/sharer\/sharer.php?u=https:\/\/www.e-consulta.com\/nota\/2023-10-27\/elecciones\/morena-aplaza-dos-semanas-resultados-de-encuesta-para-gubernatura-de\" target=\"_blank\" rel=\"noreferrer noopener\"><\/a><a href=\"https:\/\/twitter.com\/intent\/tweet?text=Morena%20aplaza%20dos%20semanas%20resultados%20de%20encuesta%20para%20gubernatura%20de%20Puebla&amp;url=https:\/\/www.e-consulta.com\/nota\/2023-10-27\/elecciones\/morena-aplaza-dos-semanas-resultados-de-encuesta-para-gubernatura-de&amp;via=e_consulta\" target=\"_blank\" rel=\"noreferrer noopener\"><\/a><a href=\"whatsapp:\/\/send?text=Morena%20aplaza%20dos%20semanas%20resultados%20de%20encuesta%20para%20gubernatura%20de%20Puebla%20-%20[Leer]%20https:\/\/www.e-consulta.com\/nota\/2023-10-27\/elecciones\/morena-aplaza-dos-semanas-resultados-de-encuesta-para-gubernatura-de\"><\/a><a href=\"\/\/www.e-consulta.com\/nota\/2023-10-27\/elecciones\/morena-aplaza-dos-semanas-resultados-de-encuesta-para-gubernatura-de\" target=\"_blank\" rel=\"noreferrer noopener\"><\/a><\/figcaption><\/figure>\n\n\n\n<p class=\"has-vivid-red-color has-text-color has-medium-font-size\"><strong>ANAID PI\u00d1AS<\/strong><\/p>\n\n\n\n<p>El l\u00edder nacional de Morena,&nbsp;<strong>Mario Delgado Carrillo<\/strong>, revel\u00f3 que ser\u00e1 hasta el 10 de noviembre cuando se den a conocer los resultados de las encuestas para definir a los que ser\u00e1n los y las&nbsp;<strong>coordinadores de Defensa de la Transformaci\u00f3n<\/strong>&nbsp;en las nueve entidades federativas en donde habr\u00e1 elecci\u00f3n a gobernador.<\/p>\n\n\n\n<p>Es decir, que la tensi\u00f3n para saber qui\u00e9n ser\u00e1 el virtual candidato a la gubernatura de Puebla se prolongar\u00e1&nbsp;<strong>por dos semanas m\u00e1s.<\/strong><\/p>\n\n\n\n<p>Este viernes, a trav\u00e9s de un breve comunicado, se inform\u00f3 que el partido decidi\u00f3 aplazar la fecha en que se conocer\u00eda a los aspirantes a la gubernatura en\u00a0<strong>Puebla, Ciudad de M\u00e9xico, Chiapas, Guanajuato, Jalisco, Morelos, Tabasco, Veracruz y Yucat\u00e1n<\/strong>.<\/p>\n\n\n\n<figure class=\"wp-block-embed is-type-rich is-provider-twitter wp-block-embed-twitter\"><div class=\"wp-block-embed__wrapper\">\nhttps:\/\/twitter.com\/e_consulta\/status\/1718065759069393330?ref_src=twsrc%5Etfw%7Ctwcamp%5Etweetembed%7Ctwterm%5E1718065759069393330%7Ctwgr%5Ebfb19134d9c73e47c729ff2c499d135046f46e63%7Ctwcon%5Es1_c10&#038;ref_url=https%3A%2F%2Fwww.e-consulta.com%2Fnota%2F2023-10-27%2Felecciones%2Fmorena-aplaza-dos-semanas-resultados-de-encuesta-para-gubernatura-de\n<\/div><\/figure>\n\n\n\n<p>La nueva\u00a0<strong>fecha ser\u00e1 el 10 de noviembre<\/strong>, a pesar de que Delgado Carrillo dijo hace unos d\u00edas que ser\u00eda el 30 de octubre cuando se destapar\u00eda a sus corcholatas.<\/p>\n\n\n\n<p>En el caso de Puebla,&nbsp;<strong>hay siete<\/strong>: la expresidenta municipal de Puebla, Claudia Rivera Vivanco; la extitular de la Secretar\u00eda de Econom\u00eda, Olivia Salom\u00f3n Vivaldo; as\u00ed como la exsecretaria de Bienestar y representaci\u00f3n del Partido del Trabajo (PT), Lizeth S\u00e1nchez Garc\u00eda.<\/p>\n\n\n\n<p>Tambi\u00e9n el senador Alejandro Armenta Mier; el diputado federal Ignacio Mier Velazco; el exsecretario de Gobernaci\u00f3n, Julio Huerta G\u00f3mez; y el exdelegado de Bienestar, Rodrigo Abdala Dart\u00edgues.<\/p>\n\n\n\n<figure class=\"wp-block-embed is-type-rich is-provider-twitter wp-block-embed-twitter\"><div class=\"wp-block-embed__wrapper\">\nhttps:\/\/twitter.com\/mario_delgado\/status\/1718061383873417337?ref_src=twsrc%5Etfw%7Ctwcamp%5Etweetembed%7Ctwterm%5E1718061383873417337%7Ctwgr%5Ebfb19134d9c73e47c729ff2c499d135046f46e63%7Ctwcon%5Es1_c10&#038;ref_url=https%3A%2F%2Fwww.e-consulta.com%2Fnota%2F2023-10-27%2Felecciones%2Fmorena-aplaza-dos-semanas-resultados-de-encuesta-para-gubernatura-de\n<\/div><\/figure>\n\n\n\n<p>Una vez que se conozcan los resultados de las encuestas de Morena para elegir a los coordinadores de la Defensa de la Cuarta Transformaci\u00f3n en nueve entidades<strong>, se definir\u00e1 el g\u00e9nero de las candidaturas a dichas gubernaturas<\/strong>, incluida la de Puebla.<\/p>\n\n\n\n<p>Fuente: <a href=\"https:\/\/www.e-consulta.com\/nota\/2023-10-27\/elecciones\/morena-aplaza-dos-semanas-resultados-de-encuesta-para-gubernatura-de\">https:\/\/www.e-consulta.com\/nota\/2023-10-27\/elecciones\/morena-aplaza-dos-semanas-resultados-de-encuesta-para-gubernatura-de<\/a><\/p>\n","protected":false},"excerpt":{"rendered":"<p>La nueva fecha ser\u00e1 el 10 de noviembre, a pesar de que ser\u00eda el 30 de octubre cuando se dar\u00edan [&hellip;]<\/p>\n","protected":false},"author":1,"featured_media":61813,"comment_status":"open","ping_status":"open","sticky":false,"template":"","format":"standard","meta":{"site-sidebar-layout":"default","site-content-layout":"","ast-site-content-layout":"default","site-content-style":"default","site-sidebar-style":"default","ast-global-header-display":"","ast-banner-title-visibility":"","ast-main-header-display":"","ast-hfb-above-header-display":"","ast-hfb-below-header-display":"","ast-hfb-mobile-header-display":"","site-post-title":"","ast-breadcrumbs-content":"","ast-featured-img":"","footer-sml-layout":"","theme-transparent-header-meta":"","adv-header-id-meta":"","stick-header-meta":"","header-above-stick-meta":"","header-main-stick-meta":"","header-below-stick-meta":"","astra-migrate-meta-layouts":"default","ast-page-background-enabled":"default","ast-page-background-meta":{"desktop":{"background-color":"var(--ast-global-color-4)","background-image":"","background-repeat":"repeat","background-position":"center center","background-size":"auto","background-attachment":"scroll","background-type":"","background-media":"","overlay-type":"","overlay-color":"","overlay-opacity":"","overlay-gradient":""},"tablet":{"background-color":"","background-image":"","background-repeat":"repeat","background-position":"center center","background-size":"auto","background-attachment":"scroll","background-type":"","background-media":"","overlay-type":"","overlay-color":"","overlay-opacity":"","overlay-gradient":""},"mobile":{"background-color":"","background-image":"","background-repeat":"repeat","background-position":"center center","background-size":"auto","background-attachment":"scroll","background-type":"","background-media":"","overlay-type":"","overlay-color":"","overlay-opacity":"","overlay-gradient":""}},"ast-content-background-meta":{"desktop":{"background-color":"var(--ast-global-color-5)","background-image":"","background-repeat":"repeat","background-position":"center center","background-size":"auto","background-attachment":"scroll","background-type":"","background-media":"","overlay-type":"","overlay-color":"","overlay-opacity":"","overlay-gradient":""},"tablet":{"background-color":"var(--ast-global-color-5)","background-image":"","background-repeat":"repeat","background-position":"center center","background-size":"auto","background-attachment":"scroll","background-type":"","background-media":"","overlay-type":"","overlay-color":"","overlay-opacity":"","overlay-gradient":""},"mobile":{"background-color":"var(--ast-global-color-5)","background-image":"","background-repeat":"repeat","background-position":"center center","background-size":"auto","background-attachment":"scroll","background-type":"","background-media":"","overlay-type":"","overlay-color":"","overlay-opacity":"","overlay-gradient":""}},"footnotes":""},"categories":[8],"tags":[5486,7927,725],"class_list":["post-61812","post","type-post","status-publish","format-standard","has-post-thumbnail","hentry","category-noticias","tag-elecciones-2024","tag-encuestas","tag-morena-puebla"],"_links":{"self":[{"href":"https:\/\/losperiodistas.com.mx\/portal\/wp-json\/wp\/v2\/posts\/61812","targetHints":{"allow":["GET"]}}],"collection":[{"href":"https:\/\/losperiodistas.com.mx\/portal\/wp-json\/wp\/v2\/posts"}],"about":[{"href":"https:\/\/losperiodistas.com.mx\/portal\/wp-json\/wp\/v2\/types\/post"}],"author":[{"embeddable":true,"href":"https:\/\/losperiodistas.com.mx\/portal\/wp-json\/wp\/v2\/users\/1"}],"replies":[{"embeddable":true,"href":"https:\/\/losperiodistas.com.mx\/portal\/wp-json\/wp\/v2\/comments?post=61812"}],"version-history":[{"count":1,"href":"https:\/\/losperiodistas.com.mx\/portal\/wp-json\/wp\/v2\/posts\/61812\/revisions"}],"predecessor-version":[{"id":61814,"href":"https:\/\/losperiodistas.com.mx\/portal\/wp-json\/wp\/v2\/posts\/61812\/revisions\/61814"}],"wp:featuredmedia":[{"embeddable":true,"href":"https:\/\/losperiodistas.com.mx\/portal\/wp-json\/wp\/v2\/media\/61813"}],"wp:attachment":[{"href":"https:\/\/losperiodistas.com.mx\/portal\/wp-json\/wp\/v2\/media?parent=61812"}],"wp:term":[{"taxonomy":"category","embeddable":true,"href":"https:\/\/losperiodistas.com.mx\/portal\/wp-json\/wp\/v2\/categories?post=61812"},{"taxonomy":"post_tag","embeddable":true,"href":"https:\/\/losperiodistas.com.mx\/portal\/wp-json\/wp\/v2\/tags?post=61812"}],"curies":[{"name":"wp","href":"https:\/\/api.w.org\/{rel}","templated":true}]}}