{"id":6174,"date":"2021-03-25T08:11:38","date_gmt":"2021-03-25T14:11:38","guid":{"rendered":"http:\/\/losperiodistas.com.mx\/portal\/?p=6174"},"modified":"2021-03-25T08:11:40","modified_gmt":"2021-03-25T14:11:40","slug":"el-ultimo-bastion-del-sistema-de-contrapesos","status":"publish","type":"post","link":"https:\/\/losperiodistas.com.mx\/portal\/el-ultimo-bastion-del-sistema-de-contrapesos\/","title":{"rendered":"El \u00faltimo basti\u00f3n del sistema de contrapesos"},"content":{"rendered":"\n<figure class=\"wp-block-image size-large\"><img fetchpriority=\"high\" decoding=\"async\" width=\"1024\" height=\"609\" src=\"https:\/\/losperiodistas.com.mx\/portal\/wp-content\/uploads\/2021\/03\/Captura-de-Pantalla-2021-03-25-a-las-8.09.29-1024x609.jpg\" alt=\"\" class=\"wp-image-6175\" srcset=\"https:\/\/losperiodistas.com.mx\/portal\/wp-content\/uploads\/2021\/03\/Captura-de-Pantalla-2021-03-25-a-las-8.09.29-1024x609.jpg 1024w, https:\/\/losperiodistas.com.mx\/portal\/wp-content\/uploads\/2021\/03\/Captura-de-Pantalla-2021-03-25-a-las-8.09.29-300x178.jpg 300w, https:\/\/losperiodistas.com.mx\/portal\/wp-content\/uploads\/2021\/03\/Captura-de-Pantalla-2021-03-25-a-las-8.09.29-768x456.jpg 768w, https:\/\/losperiodistas.com.mx\/portal\/wp-content\/uploads\/2021\/03\/Captura-de-Pantalla-2021-03-25-a-las-8.09.29.jpg 1124w\" sizes=\"(max-width: 1024px) 100vw, 1024px\" \/><\/figure>\n\n\n\n<p class=\"has-vivid-cyan-blue-color has-text-color\" style=\"font-size:26px\"><em>Por Humberto Aguilar Coronado<\/em><\/p>\n\n\n\n<p>Cuando se empez\u00f3 a medir la dimensi\u00f3n de la concentraci\u00f3n de poder en manos del presidente, el tema del funcionamiento de la democracia y de los mecanismos de control del poder adquirieron enorme relevancia.<\/p>\n\n\n\n<p>Con la figura de las coaliciones, pudo evadir los l\u00edmites de sobre representaci\u00f3n que estipula la Constituci\u00f3n y gracias a ello, se asegur\u00f3 el control del Poder Legislativo. As\u00ed, fuimos testigos de un nuevo equilibrio en el que el Presidente no encuentra resistencias &nbsp;y que el legislativo obedece hasta el extremo, de aceptar que se le exija <em>aprobar proyectos de ley del presidente sin modificarles ni una coma.<\/em><\/p>\n\n\n\n<p>Los gobiernos locales est\u00e1n controlados por el Gobierno Central gracias al manejo del presupuesto, con la posibilidad de asfixiarlos frente a eventuales resistencias o rebeld\u00edas.<\/p>\n\n\n\n<p>En los medios de comunicaci\u00f3n poco a poco se impone la narrativa gubernamental en los espacios medi\u00e1ticos, que durante horas y horas, replican los mensajes matutinos del Presidente.<\/p>\n\n\n\n<p>Las capacidades de control de los \u00f3rganos aut\u00f3nomos est\u00e1n dise\u00f1adas para atender aspectos t\u00e9cnicos de temas espec\u00edficos, pero no est\u00e1n dotadas para resistir ataques pol\u00edticos.<\/p>\n\n\n\n<p>El Presidente ha usado con sa\u00f1a su fuerza pol\u00edtica para dominar las capacidades de contrapeso de esas organizaciones, parece convencido de que su capacidad de concretar sus proyectos de transformaci\u00f3n pol\u00edtica exigen como condici\u00f3n la inexistencia de resistencias institucionales, por lo que ha dedicado sus primeros dos a\u00f1os de gobierno a erradicar esas posibles resistencias.<\/p>\n\n\n\n<p>Frente a esta realidad, la b\u00fasqueda de contrapesos est\u00e1 llevando inevitablemente a que la Suprema Corte de Justicia de la Naci\u00f3n se convierta en el \u00faltimo reducto de esperanza.<\/p>\n\n\n\n<p>Cuando casi todos los instrumentos de control pol\u00edtico del poder del Presidente han sido met\u00f3dicamente minados, no queda m\u00e1s remedio que construir la resistencia desde el Derecho.<\/p>\n\n\n\n<p>La defensa de los Derechos Humanos ser\u00e1 la \u00faltima pista de batalla durante los siguientes a\u00f1os en M\u00e9xico.<\/p>\n\n\n\n<p>El Presidente anticip\u00f3 este escenario y, por ello, desde los primeros meses de su gesti\u00f3n lanz\u00f3 un misil teledirigido al Ministro Medina Mora que le obsequi\u00f3 un asiento para colocar un ministro incondicional.<\/p>\n\n\n\n<p>Por otra parte, ha desarrollado una estrategia de apariencia de respeto institucional, que se funda en una supuesta relaci\u00f3n armoniosa con el Ministro Presidente de la Corte, y amenazas medi\u00e1ticas de corte populista, visibles como la ejercida en el proceso de an\u00e1lisis de la constitucionalidad de la consulta popular para juzgar a los ex presidentes, que acab\u00f3 convertida en un circo&nbsp; en la que la Corte intentaba defender su papel de revisor constitucional sin chocar definitivamente con el Presidente.<\/p>\n\n\n\n<p>La nueva ofensiva presidencial hacia la Suprema Corte de Justicia de la Naci\u00f3n, a sus jueces y a la figura del amparo, puede ser la batalla final por preservar un sistema democr\u00e1tico en M\u00e9xico.<\/p>\n\n\n\n<p>Si el Derecho es incapaz de controlar las pulsiones del poder presidencial en M\u00e9xico vamos directo a una regresi\u00f3n de impredecibles consecuencias.<\/p>\n\n\n\n<p>*Es politologo y Maestro en Negociaci\u00f3n por la Universidad Carlos III de Madrid<\/p>\n\n\n\n<p>Facebook: <a href=\"https:\/\/www.facebook.com\/TigreAguilarC\">https:\/\/www.facebook.com\/TigreAguilarC<\/a><\/p>\n\n\n\n<p>Instagram: humbertoaguilareltigre<\/p>\n\n\n\n<p>Twitter: @Tigre_Aguilar_C<\/p>\n\n\n\n<p><\/p>\n","protected":false},"excerpt":{"rendered":"<p>Por Humberto Aguilar Coronado Cuando se empez\u00f3 a medir la dimensi\u00f3n de la concentraci\u00f3n de poder en manos del presidente, [&hellip;]<\/p>\n","protected":false},"author":1,"featured_media":6175,"comment_status":"open","ping_status":"open","sticky":false,"template":"","format":"standard","meta":{"site-sidebar-layout":"default","site-content-layout":"","ast-site-content-layout":"default","site-content-style":"default","site-sidebar-style":"default","ast-global-header-display":"","ast-banner-title-visibility":"","ast-main-header-display":"","ast-hfb-above-header-display":"","ast-hfb-below-header-display":"","ast-hfb-mobile-header-display":"","site-post-title":"","ast-breadcrumbs-content":"","ast-featured-img":"","footer-sml-layout":"","theme-transparent-header-meta":"","adv-header-id-meta":"","stick-header-meta":"","header-above-stick-meta":"","header-main-stick-meta":"","header-below-stick-meta":"","astra-migrate-meta-layouts":"default","ast-page-background-enabled":"default","ast-page-background-meta":{"desktop":{"background-color":"var(--ast-global-color-4)","background-image":"","background-repeat":"repeat","background-position":"center center","background-size":"auto","background-attachment":"scroll","background-type":"","background-media":"","overlay-type":"","overlay-color":"","overlay-opacity":"","overlay-gradient":""},"tablet":{"background-color":"","background-image":"","background-repeat":"repeat","background-position":"center center","background-size":"auto","background-attachment":"scroll","background-type":"","background-media":"","overlay-type":"","overlay-color":"","overlay-opacity":"","overlay-gradient":""},"mobile":{"background-color":"","background-image":"","background-repeat":"repeat","background-position":"center center","background-size":"auto","background-attachment":"scroll","background-type":"","background-media":"","overlay-type":"","overlay-color":"","overlay-opacity":"","overlay-gradient":""}},"ast-content-background-meta":{"desktop":{"background-color":"var(--ast-global-color-5)","background-image":"","background-repeat":"repeat","background-position":"center center","background-size":"auto","background-attachment":"scroll","background-type":"","background-media":"","overlay-type":"","overlay-color":"","overlay-opacity":"","overlay-gradient":""},"tablet":{"background-color":"var(--ast-global-color-5)","background-image":"","background-repeat":"repeat","background-position":"center center","background-size":"auto","background-attachment":"scroll","background-type":"","background-media":"","overlay-type":"","overlay-color":"","overlay-opacity":"","overlay-gradient":""},"mobile":{"background-color":"var(--ast-global-color-5)","background-image":"","background-repeat":"repeat","background-position":"center center","background-size":"auto","background-attachment":"scroll","background-type":"","background-media":"","overlay-type":"","overlay-color":"","overlay-opacity":"","overlay-gradient":""}},"footnotes":""},"categories":[8,18],"tags":[695,249],"class_list":["post-6174","post","type-post","status-publish","format-standard","has-post-thumbnail","hentry","category-noticias","category-palabra-de-tigre","tag-contrapesos-politicos-mexico","tag-humberto-aguilar-coronado"],"_links":{"self":[{"href":"https:\/\/losperiodistas.com.mx\/portal\/wp-json\/wp\/v2\/posts\/6174","targetHints":{"allow":["GET"]}}],"collection":[{"href":"https:\/\/losperiodistas.com.mx\/portal\/wp-json\/wp\/v2\/posts"}],"about":[{"href":"https:\/\/losperiodistas.com.mx\/portal\/wp-json\/wp\/v2\/types\/post"}],"author":[{"embeddable":true,"href":"https:\/\/losperiodistas.com.mx\/portal\/wp-json\/wp\/v2\/users\/1"}],"replies":[{"embeddable":true,"href":"https:\/\/losperiodistas.com.mx\/portal\/wp-json\/wp\/v2\/comments?post=6174"}],"version-history":[{"count":1,"href":"https:\/\/losperiodistas.com.mx\/portal\/wp-json\/wp\/v2\/posts\/6174\/revisions"}],"predecessor-version":[{"id":6176,"href":"https:\/\/losperiodistas.com.mx\/portal\/wp-json\/wp\/v2\/posts\/6174\/revisions\/6176"}],"wp:featuredmedia":[{"embeddable":true,"href":"https:\/\/losperiodistas.com.mx\/portal\/wp-json\/wp\/v2\/media\/6175"}],"wp:attachment":[{"href":"https:\/\/losperiodistas.com.mx\/portal\/wp-json\/wp\/v2\/media?parent=6174"}],"wp:term":[{"taxonomy":"category","embeddable":true,"href":"https:\/\/losperiodistas.com.mx\/portal\/wp-json\/wp\/v2\/categories?post=6174"},{"taxonomy":"post_tag","embeddable":true,"href":"https:\/\/losperiodistas.com.mx\/portal\/wp-json\/wp\/v2\/tags?post=6174"}],"curies":[{"name":"wp","href":"https:\/\/api.w.org\/{rel}","templated":true}]}}