{"id":61533,"date":"2023-10-24T06:11:11","date_gmt":"2023-10-24T11:11:11","guid":{"rendered":"http:\/\/losperiodistas.com.mx\/portal\/?p=61533"},"modified":"2023-10-24T06:11:13","modified_gmt":"2023-10-24T11:11:13","slug":"tve-muestra-por-primera-vez-imagenes-en-movimiento-del-poeta-miguel-hernandez-rtve","status":"publish","type":"post","link":"https:\/\/losperiodistas.com.mx\/portal\/tve-muestra-por-primera-vez-imagenes-en-movimiento-del-poeta-miguel-hernandez-rtve\/","title":{"rendered":"TVE muestra por primera vez im\u00e1genes en movimiento del poeta Miguel Hern\u00e1ndez | Rtve"},"content":{"rendered":"\n<ul class=\"has-luminous-vivid-amber-to-luminous-vivid-orange-gradient-background has-background has-medium-font-size wp-block-list\"><li>El hallazgo ha tenido lugar gracias a un&nbsp;espectador que se puso en contacto&nbsp;al ver un&nbsp;reportaje&nbsp;del poeta en TVE<\/li><li>En el v\u00eddeo se puede observar a Miguel Hern\u00e1ndez asistiendo al Congreso de escritores antifascista de 1937 en Valencia<\/li><\/ul>\n\n\n\n<p><\/p>\n\n\n\n<figure class=\"wp-block-image size-large is-style-default\"><img fetchpriority=\"high\" decoding=\"async\" width=\"1024\" height=\"571\" src=\"https:\/\/losperiodistas.com.mx\/portal\/wp-content\/uploads\/2023\/10\/Captura-de-Pantalla-2023-10-24-a-las-5.04.04-1024x571.jpg\" alt=\"\" class=\"wp-image-61534\" srcset=\"https:\/\/losperiodistas.com.mx\/portal\/wp-content\/uploads\/2023\/10\/Captura-de-Pantalla-2023-10-24-a-las-5.04.04-1024x571.jpg 1024w, https:\/\/losperiodistas.com.mx\/portal\/wp-content\/uploads\/2023\/10\/Captura-de-Pantalla-2023-10-24-a-las-5.04.04-300x167.jpg 300w, https:\/\/losperiodistas.com.mx\/portal\/wp-content\/uploads\/2023\/10\/Captura-de-Pantalla-2023-10-24-a-las-5.04.04-768x428.jpg 768w, https:\/\/losperiodistas.com.mx\/portal\/wp-content\/uploads\/2023\/10\/Captura-de-Pantalla-2023-10-24-a-las-5.04.04-1536x857.jpg 1536w, https:\/\/losperiodistas.com.mx\/portal\/wp-content\/uploads\/2023\/10\/Captura-de-Pantalla-2023-10-24-a-las-5.04.04-2048x1142.jpg 2048w\" sizes=\"(max-width: 1024px) 100vw, 1024px\" \/><figcaption><a href=\"https:\/\/www.rtve.es\/play\/videos\/telediario-2\/miguel-hernandez-imagenes-movimiento-video\/6995994\/\">VIDEO<\/a><\/figcaption><\/figure>\n\n\n\n<p class=\"has-vivid-red-color has-text-color has-medium-font-size\">RTVE<\/p>\n\n\n\n<p>Se han descubierto las que probablemente sean las \u00fanicas im\u00e1genes en movimiento de Miguel Hern\u00e1ndez. Rodadas en 1937, en ellas se puede observar al poeta,&nbsp;<strong>con 26 a\u00f1os<\/strong>, acudiendo al II Congreso de escritores en defensa de la cultura.<\/p>\n\n\n\n<p>Este nuevo descubrimiento ha sido gracias a un espectador, que comparti\u00f3 con RTVE su teor\u00eda sobre este v\u00eddeo.&nbsp;<\/p>\n\n\n\n<p>El<strong>\u00a0<\/strong>espectador\u00a0<strong>Bernardo L\u00f3pez Minguez\u00a0<\/strong>vio hace poco un reportaje en TVE sobre una exposici\u00f3n de Miguel Hern\u00e1ndez en la Biblioteca Nacional. Y revisando las im\u00e1genes bastante deterioradas del Congreso\u00a0de escritores\u00a0antifascista de 1937 en Valencia, L\u00f3pez Minguez\u00a0crey\u00f3\u00a0ver al dramaturgo\u00a0entre los asistentes.<img decoding=\"async\" src=\"https:\/\/img2.rtve.es\/v\/6987983?w=1600&amp;preview=1697053149416.jpg\" alt=\"La Biblioteca Nacional rescata cuentos, juguetes y poemas que Miguel Hern\u00e1ndez hizo para su hijo desde la c\u00e1rcel\"><a href=\"https:\/\/www.rtve.es\/play\/videos\/telediario-2\/biblioteca-nacional-miguel-hernandez-hijo\/6987983\/\">La Biblioteca Nacional rescata cuentos, juguetes y poemas que Miguel Hern\u00e1ndez hizo para su hijo desde la c\u00e1rcel<\/a><\/p>\n\n\n\n<h3 class=\"wp-block-heading\"><strong>Las fotos de Walter Reuters ayudan a confirmar que se trata del poeta<\/strong><\/h3>\n\n\n\n<p>Desde RTVE se ha investigado&nbsp;si esas im\u00e1genes filmadas se correspond\u00edan con el poeta de Orihuela. Y tras una exploraci\u00f3n profunda, junto con las&nbsp;fotos, hasta hace poco in\u00e9ditas, de Walter Reuters, se ha podido confirmar que Miguel Hern\u00e1ndez estuvo en ese congreso.<\/p>\n\n\n\n<p>La primera pista que lleva a apreciar las similitudes entre ambas im\u00e1genes&nbsp;es&nbsp;<strong>su vestimenta<\/strong>, ya que en una de las fotos de Reuters&nbsp;se puede observar que vest\u00eda camisa clara remangada y&nbsp;pantal\u00f3n oscuro, que coinciden as\u00ed con la ropa que lleva en el v\u00eddeo.<\/p>\n\n\n\n<p>En esa grabaci\u00f3n&nbsp;se puede ver que&nbsp;Miguel Hern\u00e1ndez&nbsp;<strong>est\u00e1&nbsp;sentado en las escaleras del&nbsp;congreso<\/strong>, y&nbsp;otras dos fotos de Walter Reuters corroboran que estuvo sentado ah\u00ed.<\/p>\n\n\n\n<p>Adem\u00e1s, la postura que Hern\u00e1ndez ten\u00eda en las escaleras se corresponde con la que se ve en el v\u00eddeo, y la figura de un hombre calvo con camisa clara y corbata a su lado terminan de ratificar&nbsp;que se trata del poeta.&nbsp;Por lo tanto, se puede afirmar que coincide tanto&nbsp;la vestimenta, la fisionom\u00eda o el hombre de al lado en unas im\u00e1genes con otras.<\/p>\n\n\n\n<p>Adem\u00e1s, a \u00faltima hora de la tarde, lleg\u00f3 a RTVE una \u00faltima confirmaci\u00f3n definitiva. Se trata del visionado de&nbsp;otro plano que se hab\u00eda pasado por alto, en el que se observa al&nbsp;hombre calvo al lado de Miguel Hern\u00e1ndez, y&nbsp;<strong>al poeta&nbsp;con la mano apoyada en la barbilla escuchando el congreso<\/strong>, como aparece en una de las fotograf\u00edas de Walter Reuters.<\/p>\n\n\n\n<p>Sin duda, un hallazgo in\u00e9dito que no cambia ning\u00fan punto de la historia, pero que emociona haber encontrado.<\/p>\n\n\n\n<p>Fuente: <a href=\"https:\/\/www.rtve.es\/noticias\/20231024\/miguel-hernandez-primera-vez-video\/2459077.shtml\">https:\/\/www.rtve.es\/noticias\/20231024\/miguel-hernandez-primera-vez-video\/2459077.shtml<\/a><\/p>\n","protected":false},"excerpt":{"rendered":"<p>El hallazgo ha tenido lugar gracias a un&nbsp;espectador que se puso en contacto&nbsp;al ver un&nbsp;reportaje&nbsp;del poeta en TVE En el [&hellip;]<\/p>\n","protected":false},"author":1,"featured_media":61534,"comment_status":"open","ping_status":"open","sticky":false,"template":"","format":"standard","meta":{"site-sidebar-layout":"default","site-content-layout":"","ast-site-content-layout":"default","site-content-style":"default","site-sidebar-style":"default","ast-global-header-display":"","ast-banner-title-visibility":"","ast-main-header-display":"","ast-hfb-above-header-display":"","ast-hfb-below-header-display":"","ast-hfb-mobile-header-display":"","site-post-title":"","ast-breadcrumbs-content":"","ast-featured-img":"","footer-sml-layout":"","theme-transparent-header-meta":"","adv-header-id-meta":"","stick-header-meta":"","header-above-stick-meta":"","header-main-stick-meta":"","header-below-stick-meta":"","astra-migrate-meta-layouts":"default","ast-page-background-enabled":"default","ast-page-background-meta":{"desktop":{"background-color":"var(--ast-global-color-4)","background-image":"","background-repeat":"repeat","background-position":"center center","background-size":"auto","background-attachment":"scroll","background-type":"","background-media":"","overlay-type":"","overlay-color":"","overlay-opacity":"","overlay-gradient":""},"tablet":{"background-color":"","background-image":"","background-repeat":"repeat","background-position":"center center","background-size":"auto","background-attachment":"scroll","background-type":"","background-media":"","overlay-type":"","overlay-color":"","overlay-opacity":"","overlay-gradient":""},"mobile":{"background-color":"","background-image":"","background-repeat":"repeat","background-position":"center center","background-size":"auto","background-attachment":"scroll","background-type":"","background-media":"","overlay-type":"","overlay-color":"","overlay-opacity":"","overlay-gradient":""}},"ast-content-background-meta":{"desktop":{"background-color":"var(--ast-global-color-5)","background-image":"","background-repeat":"repeat","background-position":"center center","background-size":"auto","background-attachment":"scroll","background-type":"","background-media":"","overlay-type":"","overlay-color":"","overlay-opacity":"","overlay-gradient":""},"tablet":{"background-color":"var(--ast-global-color-5)","background-image":"","background-repeat":"repeat","background-position":"center center","background-size":"auto","background-attachment":"scroll","background-type":"","background-media":"","overlay-type":"","overlay-color":"","overlay-opacity":"","overlay-gradient":""},"mobile":{"background-color":"var(--ast-global-color-5)","background-image":"","background-repeat":"repeat","background-position":"center center","background-size":"auto","background-attachment":"scroll","background-type":"","background-media":"","overlay-type":"","overlay-color":"","overlay-opacity":"","overlay-gradient":""}},"footnotes":""},"categories":[8],"tags":[19804,19803,19806],"class_list":["post-61533","post","type-post","status-publish","format-standard","has-post-thumbnail","hentry","category-noticias","tag-miguel-hernandez","tag-rtve","tag-video-inedito"],"_links":{"self":[{"href":"https:\/\/losperiodistas.com.mx\/portal\/wp-json\/wp\/v2\/posts\/61533","targetHints":{"allow":["GET"]}}],"collection":[{"href":"https:\/\/losperiodistas.com.mx\/portal\/wp-json\/wp\/v2\/posts"}],"about":[{"href":"https:\/\/losperiodistas.com.mx\/portal\/wp-json\/wp\/v2\/types\/post"}],"author":[{"embeddable":true,"href":"https:\/\/losperiodistas.com.mx\/portal\/wp-json\/wp\/v2\/users\/1"}],"replies":[{"embeddable":true,"href":"https:\/\/losperiodistas.com.mx\/portal\/wp-json\/wp\/v2\/comments?post=61533"}],"version-history":[{"count":1,"href":"https:\/\/losperiodistas.com.mx\/portal\/wp-json\/wp\/v2\/posts\/61533\/revisions"}],"predecessor-version":[{"id":61535,"href":"https:\/\/losperiodistas.com.mx\/portal\/wp-json\/wp\/v2\/posts\/61533\/revisions\/61535"}],"wp:featuredmedia":[{"embeddable":true,"href":"https:\/\/losperiodistas.com.mx\/portal\/wp-json\/wp\/v2\/media\/61534"}],"wp:attachment":[{"href":"https:\/\/losperiodistas.com.mx\/portal\/wp-json\/wp\/v2\/media?parent=61533"}],"wp:term":[{"taxonomy":"category","embeddable":true,"href":"https:\/\/losperiodistas.com.mx\/portal\/wp-json\/wp\/v2\/categories?post=61533"},{"taxonomy":"post_tag","embeddable":true,"href":"https:\/\/losperiodistas.com.mx\/portal\/wp-json\/wp\/v2\/tags?post=61533"}],"curies":[{"name":"wp","href":"https:\/\/api.w.org\/{rel}","templated":true}]}}