{"id":61529,"date":"2023-10-24T05:48:38","date_gmt":"2023-10-24T10:48:38","guid":{"rendered":"http:\/\/losperiodistas.com.mx\/portal\/?p=61529"},"modified":"2023-10-24T05:48:40","modified_gmt":"2023-10-24T10:48:40","slug":"rodrigoabdala-se-acerca-a-ser-el-aspirante-para-coordinar-la-defensa-de-la-transformacion-en-puebla-con-mejor-aceptacion-y-crecimiento-mas-rapido-que-sus-competidores","status":"publish","type":"post","link":"https:\/\/losperiodistas.com.mx\/portal\/rodrigoabdala-se-acerca-a-ser-el-aspirante-para-coordinar-la-defensa-de-la-transformacion-en-puebla-con-mejor-aceptacion-y-crecimiento-mas-rapido-que-sus-competidores\/","title":{"rendered":"#RodrigoAbdala se acerca a ser el aspirante para coordinar la defensa de la transformaci\u00f3n en Puebla, con mejor aceptaci\u00f3n y crecimiento m\u00e1s r\u00e1pido que sus competidores"},"content":{"rendered":"\n<ul class=\"has-white-color has-vivid-red-background-color has-text-color has-background has-medium-font-size wp-block-list\"><li>En escenarios estad\u00edsticos, aparece como el \u00fanico aspirante que garantizar\u00eda la continuidad de Morena en Puebla.<\/li><li>En tan s\u00f3lo un mes ya se ha posicionado como el perfil de Morena mejor aceptado en el estado.<\/li><\/ul>\n\n\n\n<figure class=\"wp-block-image size-large is-style-default\"><img fetchpriority=\"high\" decoding=\"async\" width=\"1024\" height=\"682\" src=\"https:\/\/losperiodistas.com.mx\/portal\/wp-content\/uploads\/2023\/10\/FOTO-3-BOLETIN-024-1024x682.jpeg\" alt=\"\" class=\"wp-image-61530\" srcset=\"https:\/\/losperiodistas.com.mx\/portal\/wp-content\/uploads\/2023\/10\/FOTO-3-BOLETIN-024-1024x682.jpeg 1024w, https:\/\/losperiodistas.com.mx\/portal\/wp-content\/uploads\/2023\/10\/FOTO-3-BOLETIN-024-300x200.jpeg 300w, https:\/\/losperiodistas.com.mx\/portal\/wp-content\/uploads\/2023\/10\/FOTO-3-BOLETIN-024-768x512.jpeg 768w, https:\/\/losperiodistas.com.mx\/portal\/wp-content\/uploads\/2023\/10\/FOTO-3-BOLETIN-024-1536x1023.jpeg 1536w, https:\/\/losperiodistas.com.mx\/portal\/wp-content\/uploads\/2023\/10\/FOTO-3-BOLETIN-024.jpeg 1600w\" sizes=\"(max-width: 1024px) 100vw, 1024px\" \/><figcaption>Cortes\u00eda<\/figcaption><\/figure>\n\n\n\n<p class=\"has-vivid-red-color has-text-color has-medium-font-size\"><strong>COMUNICADO<\/strong><\/p>\n\n\n\n<p>Rodrigo Abdala, aspirante a coordinar la defensa de la transformaci\u00f3n en el estado de Puebla, present\u00f3 los resultados del trabajo territorial que encabeza en la entidad, y celebr\u00f3 los resultados del m\u00e1s reciente sondeo de opini\u00f3n en Puebla, realizado por Sinergia Empresarial Consultiva donde se demuestra que es el aspirante m\u00e1s competitivo y con mejor imagen entre las y los ciudadanos. \u00abEstamos regresando a nuestro origen, que fue hace muchos a\u00f1os: incidir en la conciencia de los ciudadanos, lo cual no hemos dejado de hacer\u00bb, explic\u00f3 Abdala frente a sus Coordinadores de Organizaci\u00f3n Territorial y medios de comunicaci\u00f3n. Record\u00f3 que la organizaci\u00f3n en que ha participado desde su fundaci\u00f3n, el Movimiento de Regeneraci\u00f3n Nacional, no va a renunciar nunca al camino que tiene que emprender para construir una sociedad m\u00e1s participativa y justa.<\/p>\n\n\n\n<p>Gissel Santander, consejera nacional de Morena, explic\u00f3 el trabajo territorial que, con Rodrigo Abdala a la cabeza, ha fortalecido a Morena en Puebla. Lo hizo con trabajo de campo, organizaci\u00f3n territorial y presencia en las calles de los 217 municipios del estado. \u201cSe han formado Coordinadores de Organizaci\u00f3n Territorial (COT) en todo el territorio. Ellos son el coraz\u00f3n del movimiento desde 2015, cuando el presidente Andr\u00e9s Manuel L\u00f3pez Obrador les encarg\u00f3, siendo todos voluntarios, defender el voto. Con Rodrigo Abdala al frente de esa responsabilidad, para 2018 la estructura construida pudo cubrir 90% de las casillas en todo Puebla, y se obtuvieron y recuperaron m\u00e1s de 90% de las actas el 1 de julio de 2018.\u201d Puntualiz\u00f3.<\/p>\n\n\n\n<p>Hoy se han organizado 1,000 Comit\u00e9s de Defensa de la Cuarta Transformaci\u00f3n en el estado de Puebla. El movimiento no busca candidatos que ganen concursos de popularidad, sino cuadros como Rodrigo Abdala, que sean competitivos con trabajo a ras de suelo, con presencia territorial. Se ha contactado ya a 1 de cada 4 militantes y simpatizantes de Morena en Puebla.<\/p>\n\n\n\n<p>En el mismo sentido, H\u00e9ctor Serrano, director de Sinergia Empresarial Consultiva, present\u00f3 los resultados del \u00faltimo de una serie de sondeos que han medido las preferencias de los diferentes actores en la entidad poblana, donde 58% de los votantes creen que Morena deber\u00eda seguir gobernando Puebla:<\/p>\n\n\n\n<p>La aceptaci\u00f3n de Rodrigo Abdala se ha disparado notablemente, en un mes ha llegado a 21%; de continuar esta tendencia, f\u00e1cilmente alcanzar\u00e1 el primer lugar. Es el perfil mejor evaluado de Morena con 58% de los entrevistados que tienen buena opini\u00f3n de \u00e9l, mientras que solo 41% ven bien a Alejandro Armenta y solo 39% a Ignacio Mier. En un escenario estad\u00edstico, Abdala ganar\u00eda la elecci\u00f3n con m\u00e1s de 50% de todos los votos del estado, mientras que su m\u00e1s cercano competidor en este momento est\u00e1 s\u00f3lo 3 puntos por encima de Eduardo Rivera.<\/p>\n\n\n\n<p>Rodrigo Abdala concluy\u00f3 la conferencia de prensa celebrando el trabajo territorial que hace d\u00eda a d\u00eda con su equipo. Recientemente estuvo en la Sierra Negra, Sierra Norte, Sierra Nororiental, el Valle de Serd\u00e1n, El Seco, y en los pr\u00f3ximos d\u00edas visitar\u00e1 la Mixteca y la Sierra Nororiental. En esos actos presenciales, destac\u00f3 Abdala, se explica la importancia de seguir construyendo la transformaci\u00f3n de M\u00e9xico \u201calgo que ser\u00eda imposible de hacer sin la buena aceptaci\u00f3n de los ciudadanos.\u201d<\/p>\n\n\n\n<p>Record\u00f3 que la estructura que encabeza fue un factor fundamental para que el presidente L\u00f3pez Obrador llegara a m\u00e1s de 35 millones de votos en 2018. \u201cEl proyecto de pa\u00eds que \u00e9l encabeza y ha venido promoviendo debe ser reforzado; se lograr\u00e1 solo apelando de nuevo a la organizaci\u00f3n que se est\u00e1 construyendo.\u201d<\/p>\n","protected":false},"excerpt":{"rendered":"<p>En escenarios estad\u00edsticos, aparece como el \u00fanico aspirante que garantizar\u00eda la continuidad de Morena en Puebla. En tan s\u00f3lo un [&hellip;]<\/p>\n","protected":false},"author":1,"featured_media":61531,"comment_status":"open","ping_status":"open","sticky":false,"template":"","format":"standard","meta":{"site-sidebar-layout":"default","site-content-layout":"","ast-site-content-layout":"default","site-content-style":"default","site-sidebar-style":"default","ast-global-header-display":"","ast-banner-title-visibility":"","ast-main-header-display":"","ast-hfb-above-header-display":"","ast-hfb-below-header-display":"","ast-hfb-mobile-header-display":"","site-post-title":"","ast-breadcrumbs-content":"","ast-featured-img":"","footer-sml-layout":"","theme-transparent-header-meta":"","adv-header-id-meta":"","stick-header-meta":"","header-above-stick-meta":"","header-main-stick-meta":"","header-below-stick-meta":"","astra-migrate-meta-layouts":"default","ast-page-background-enabled":"default","ast-page-background-meta":{"desktop":{"background-color":"var(--ast-global-color-4)","background-image":"","background-repeat":"repeat","background-position":"center center","background-size":"auto","background-attachment":"scroll","background-type":"","background-media":"","overlay-type":"","overlay-color":"","overlay-opacity":"","overlay-gradient":""},"tablet":{"background-color":"","background-image":"","background-repeat":"repeat","background-position":"center center","background-size":"auto","background-attachment":"scroll","background-type":"","background-media":"","overlay-type":"","overlay-color":"","overlay-opacity":"","overlay-gradient":""},"mobile":{"background-color":"","background-image":"","background-repeat":"repeat","background-position":"center center","background-size":"auto","background-attachment":"scroll","background-type":"","background-media":"","overlay-type":"","overlay-color":"","overlay-opacity":"","overlay-gradient":""}},"ast-content-background-meta":{"desktop":{"background-color":"var(--ast-global-color-5)","background-image":"","background-repeat":"repeat","background-position":"center center","background-size":"auto","background-attachment":"scroll","background-type":"","background-media":"","overlay-type":"","overlay-color":"","overlay-opacity":"","overlay-gradient":""},"tablet":{"background-color":"var(--ast-global-color-5)","background-image":"","background-repeat":"repeat","background-position":"center center","background-size":"auto","background-attachment":"scroll","background-type":"","background-media":"","overlay-type":"","overlay-color":"","overlay-opacity":"","overlay-gradient":""},"mobile":{"background-color":"var(--ast-global-color-5)","background-image":"","background-repeat":"repeat","background-position":"center center","background-size":"auto","background-attachment":"scroll","background-type":"","background-media":"","overlay-type":"","overlay-color":"","overlay-opacity":"","overlay-gradient":""}},"footnotes":""},"categories":[8],"tags":[15580,5486,725],"class_list":["post-61529","post","type-post","status-publish","format-standard","has-post-thumbnail","hentry","category-noticias","tag-rodrigoabdala","tag-elecciones-2024","tag-morena-puebla"],"_links":{"self":[{"href":"https:\/\/losperiodistas.com.mx\/portal\/wp-json\/wp\/v2\/posts\/61529","targetHints":{"allow":["GET"]}}],"collection":[{"href":"https:\/\/losperiodistas.com.mx\/portal\/wp-json\/wp\/v2\/posts"}],"about":[{"href":"https:\/\/losperiodistas.com.mx\/portal\/wp-json\/wp\/v2\/types\/post"}],"author":[{"embeddable":true,"href":"https:\/\/losperiodistas.com.mx\/portal\/wp-json\/wp\/v2\/users\/1"}],"replies":[{"embeddable":true,"href":"https:\/\/losperiodistas.com.mx\/portal\/wp-json\/wp\/v2\/comments?post=61529"}],"version-history":[{"count":1,"href":"https:\/\/losperiodistas.com.mx\/portal\/wp-json\/wp\/v2\/posts\/61529\/revisions"}],"predecessor-version":[{"id":61532,"href":"https:\/\/losperiodistas.com.mx\/portal\/wp-json\/wp\/v2\/posts\/61529\/revisions\/61532"}],"wp:featuredmedia":[{"embeddable":true,"href":"https:\/\/losperiodistas.com.mx\/portal\/wp-json\/wp\/v2\/media\/61531"}],"wp:attachment":[{"href":"https:\/\/losperiodistas.com.mx\/portal\/wp-json\/wp\/v2\/media?parent=61529"}],"wp:term":[{"taxonomy":"category","embeddable":true,"href":"https:\/\/losperiodistas.com.mx\/portal\/wp-json\/wp\/v2\/categories?post=61529"},{"taxonomy":"post_tag","embeddable":true,"href":"https:\/\/losperiodistas.com.mx\/portal\/wp-json\/wp\/v2\/tags?post=61529"}],"curies":[{"name":"wp","href":"https:\/\/api.w.org\/{rel}","templated":true}]}}