{"id":61416,"date":"2023-10-22T20:59:40","date_gmt":"2023-10-23T01:59:40","guid":{"rendered":"http:\/\/losperiodistas.com.mx\/portal\/?p=61416"},"modified":"2023-10-22T20:59:45","modified_gmt":"2023-10-23T01:59:45","slug":"por-migracion-mexico-y-11-paises-mas-firman-la-declaracion-de-palenque-nacion-321","status":"publish","type":"post","link":"https:\/\/losperiodistas.com.mx\/portal\/por-migracion-mexico-y-11-paises-mas-firman-la-declaracion-de-palenque-nacion-321\/","title":{"rendered":"Por migraci\u00f3n, M\u00e9xico y 11 pa\u00edses m\u00e1s firman la &#8216;Declaraci\u00f3n de Palenque&#8217; | Naci\u00f3n 321"},"content":{"rendered":"\n<figure class=\"wp-block-image size-full\"><img fetchpriority=\"high\" decoding=\"async\" width=\"1024\" height=\"600\" src=\"https:\/\/losperiodistas.com.mx\/portal\/wp-content\/uploads\/2023\/10\/3e33b970f21d2_position1_regular.jpeg\" alt=\"\" class=\"wp-image-61417\" srcset=\"https:\/\/losperiodistas.com.mx\/portal\/wp-content\/uploads\/2023\/10\/3e33b970f21d2_position1_regular.jpeg 1024w, https:\/\/losperiodistas.com.mx\/portal\/wp-content\/uploads\/2023\/10\/3e33b970f21d2_position1_regular-300x176.jpeg 300w, https:\/\/losperiodistas.com.mx\/portal\/wp-content\/uploads\/2023\/10\/3e33b970f21d2_position1_regular-768x450.jpeg 768w\" sizes=\"(max-width: 1024px) 100vw, 1024px\" \/><figcaption><strong>Encuentro en Palenque.<\/strong>\u201cSe trata de un asunto humanitario en el que tenemos que trabajar unidos\u201d, afirm\u00f3 AMLO | Especial<\/figcaption><\/figure>\n\n\n\n<p class=\"has-vivid-red-color has-text-color has-medium-font-size\"><strong>NACI\u00d3N 321<\/strong><\/p>\n\n\n\n<p>Presidentes y representantes de 12 pa\u00edses de pa\u00edses firmaron la &#8216;<strong>Declaraci\u00f3n de Palenque<\/strong>&#8216;, en la que se comprometieron a atender las causas que originan la migraci\u00f3n.<\/p>\n\n\n\n<p>En este sentido, &nbsp;el mexicano presidente&nbsp;<strong>Andr\u00e9s Manuel L\u00f3pez Obrador<\/strong>&nbsp;ofreci\u00f3 su apoyo de cooperaci\u00f3n y asistencia, con algunos de sus programas insignia, como&nbsp;<strong>J\u00f3venes Construyendo el Futuro<\/strong>&nbsp;y&nbsp;<strong>Sembrando Vida<\/strong>.&nbsp;<\/p>\n\n\n\n<p>Durante el &#8216;<strong>Encuentro de Palenque&#8217;<\/strong>\u00a0L\u00f3pez Obrador afirm\u00f3 que la suma de esfuerzos, voluntades y recursos de los pa\u00edses de\u00a0<strong>Am\u00e9rica Latina, Centroam\u00e9rica y el Caribe<\/strong>\u00a0es fundamental para solucionar el fen\u00f3meno migratorio desde la atenci\u00f3n a las causas.<\/p>\n\n\n\n<p class=\"has-cyan-bluish-gray-background-color has-background\"><a href=\"https:\/\/www.nacion321.com\/gobierno\/previo-a-cumbre-amlo-presume-a-presidentes-zona-arqueologica-de-palenque\">Relacionada: Previo a cumbre, AMLO presume a Presidentes zona arqueol\u00f3gica de Palenque<\/a><\/p>\n\n\n\n<p>\u201cSe trata de un asunto humanitario en el que tenemos que trabajar unidos\u201d, afirm\u00f3.<\/p>\n\n\n\n<p>En &nbsp;tanto, en un mensaje a medios, la canciller&nbsp;<strong>Alicia B\u00e1rcena<\/strong>&nbsp;dijo que en el encuentro &#8216;<strong>Encuentro de Palenque, p<\/strong><strong>or una Vecindad Fraterna y con Bienestar<\/strong>&#8216;, el gobierno mexicano tambi\u00e9n ofreci\u00f3 su cooperaci\u00f3n en materia de petr\u00f3leo, electricidad, energ\u00eda renovables y gas.<\/p>\n\n\n\n<p>A la &#8216;<strong>Declaraci\u00f3n de Palenque<\/strong>&#8216; se sumaron M\u00e9xico, Costa Rica, El Salvador, Belice, Panam\u00e1, Hait\u00ed, Cuba, Colombia, Honduras, Venezuela, \u00a0Ecuador y Guatemala.<\/p>\n\n\n\n<figure class=\"wp-block-embed is-type-rich is-provider-twitter wp-block-embed-twitter\"><div class=\"wp-block-embed__wrapper\">\n<blockquote class=\"twitter-tweet\" data-width=\"500\" data-dnt=\"true\"><p lang=\"es\" dir=\"ltr\">\ud83d\udcf8 En Chiapas, la canciller <a href=\"https:\/\/twitter.com\/aliciabarcena?ref_src=twsrc%5Etfw\">@aliciabarcena<\/a> subray\u00f3 el fomento de otros acuerdos alcanzados por los 12 pa\u00edses que participaron en el &quot;Encuentro de Palenque, por una vecindad fraterna y con bienestar&quot;, que encabez\u00f3 el presidente <a href=\"https:\/\/twitter.com\/lopezobrador_?ref_src=twsrc%5Etfw\">@lopezobrador_<\/a> con representantes de los pueblos\u2026 <a href=\"https:\/\/t.co\/hv9p7ixbGg\">pic.twitter.com\/hv9p7ixbGg<\/a><\/p>&mdash; Relaciones Exteriores (@SRE_mx) <a href=\"https:\/\/twitter.com\/SRE_mx\/status\/1716227810010792134?ref_src=twsrc%5Etfw\">October 22, 2023<\/a><\/blockquote><script async src=\"https:\/\/platform.twitter.com\/widgets.js\" charset=\"utf-8\"><\/script>\n<\/div><\/figure>\n","protected":false},"excerpt":{"rendered":"<p>NACI\u00d3N 321 Presidentes y representantes de 12 pa\u00edses de pa\u00edses firmaron la &#8216;Declaraci\u00f3n de Palenque&#8216;, en la que se comprometieron [&hellip;]<\/p>\n","protected":false},"author":1,"featured_media":61417,"comment_status":"open","ping_status":"open","sticky":false,"template":"","format":"standard","meta":{"site-sidebar-layout":"default","site-content-layout":"","ast-site-content-layout":"default","site-content-style":"default","site-sidebar-style":"default","ast-global-header-display":"","ast-banner-title-visibility":"","ast-main-header-display":"","ast-hfb-above-header-display":"","ast-hfb-below-header-display":"","ast-hfb-mobile-header-display":"","site-post-title":"","ast-breadcrumbs-content":"","ast-featured-img":"","footer-sml-layout":"","theme-transparent-header-meta":"","adv-header-id-meta":"","stick-header-meta":"","header-above-stick-meta":"","header-main-stick-meta":"","header-below-stick-meta":"","astra-migrate-meta-layouts":"default","ast-page-background-enabled":"default","ast-page-background-meta":{"desktop":{"background-color":"var(--ast-global-color-4)","background-image":"","background-repeat":"repeat","background-position":"center center","background-size":"auto","background-attachment":"scroll","background-type":"","background-media":"","overlay-type":"","overlay-color":"","overlay-opacity":"","overlay-gradient":""},"tablet":{"background-color":"","background-image":"","background-repeat":"repeat","background-position":"center center","background-size":"auto","background-attachment":"scroll","background-type":"","background-media":"","overlay-type":"","overlay-color":"","overlay-opacity":"","overlay-gradient":""},"mobile":{"background-color":"","background-image":"","background-repeat":"repeat","background-position":"center center","background-size":"auto","background-attachment":"scroll","background-type":"","background-media":"","overlay-type":"","overlay-color":"","overlay-opacity":"","overlay-gradient":""}},"ast-content-background-meta":{"desktop":{"background-color":"var(--ast-global-color-5)","background-image":"","background-repeat":"repeat","background-position":"center center","background-size":"auto","background-attachment":"scroll","background-type":"","background-media":"","overlay-type":"","overlay-color":"","overlay-opacity":"","overlay-gradient":""},"tablet":{"background-color":"var(--ast-global-color-5)","background-image":"","background-repeat":"repeat","background-position":"center center","background-size":"auto","background-attachment":"scroll","background-type":"","background-media":"","overlay-type":"","overlay-color":"","overlay-opacity":"","overlay-gradient":""},"mobile":{"background-color":"var(--ast-global-color-5)","background-image":"","background-repeat":"repeat","background-position":"center center","background-size":"auto","background-attachment":"scroll","background-type":"","background-media":"","overlay-type":"","overlay-color":"","overlay-opacity":"","overlay-gradient":""}},"footnotes":""},"categories":[8],"tags":[199,19767,3828],"class_list":["post-61416","post","type-post","status-publish","format-standard","has-post-thumbnail","hentry","category-noticias","tag-amlo","tag-declaracion-de-palenque","tag-migrantes"],"_links":{"self":[{"href":"https:\/\/losperiodistas.com.mx\/portal\/wp-json\/wp\/v2\/posts\/61416","targetHints":{"allow":["GET"]}}],"collection":[{"href":"https:\/\/losperiodistas.com.mx\/portal\/wp-json\/wp\/v2\/posts"}],"about":[{"href":"https:\/\/losperiodistas.com.mx\/portal\/wp-json\/wp\/v2\/types\/post"}],"author":[{"embeddable":true,"href":"https:\/\/losperiodistas.com.mx\/portal\/wp-json\/wp\/v2\/users\/1"}],"replies":[{"embeddable":true,"href":"https:\/\/losperiodistas.com.mx\/portal\/wp-json\/wp\/v2\/comments?post=61416"}],"version-history":[{"count":1,"href":"https:\/\/losperiodistas.com.mx\/portal\/wp-json\/wp\/v2\/posts\/61416\/revisions"}],"predecessor-version":[{"id":61418,"href":"https:\/\/losperiodistas.com.mx\/portal\/wp-json\/wp\/v2\/posts\/61416\/revisions\/61418"}],"wp:featuredmedia":[{"embeddable":true,"href":"https:\/\/losperiodistas.com.mx\/portal\/wp-json\/wp\/v2\/media\/61417"}],"wp:attachment":[{"href":"https:\/\/losperiodistas.com.mx\/portal\/wp-json\/wp\/v2\/media?parent=61416"}],"wp:term":[{"taxonomy":"category","embeddable":true,"href":"https:\/\/losperiodistas.com.mx\/portal\/wp-json\/wp\/v2\/categories?post=61416"},{"taxonomy":"post_tag","embeddable":true,"href":"https:\/\/losperiodistas.com.mx\/portal\/wp-json\/wp\/v2\/tags?post=61416"}],"curies":[{"name":"wp","href":"https:\/\/api.w.org\/{rel}","templated":true}]}}