{"id":61027,"date":"2023-10-17T06:19:18","date_gmt":"2023-10-17T11:19:18","guid":{"rendered":"http:\/\/losperiodistas.com.mx\/portal\/?p=61027"},"modified":"2023-10-17T06:19:35","modified_gmt":"2023-10-17T11:19:35","slug":"alejandro-armenta-renuncia-al-senado-y-reta-a-eduardo-rivera-a-dejar-el-cargo-oem","status":"publish","type":"post","link":"https:\/\/losperiodistas.com.mx\/portal\/alejandro-armenta-renuncia-al-senado-y-reta-a-eduardo-rivera-a-dejar-el-cargo-oem\/","title":{"rendered":"Alejandro Armenta renuncia al Senado y reta a Eduardo Rivera a dejar el cargo | OEM"},"content":{"rendered":"\n<h3 class=\"has-medium-font-size wp-block-heading\">Armenta Mier ret\u00f3 al alcalde poblano a debatir el pr\u00f3ximo domingo en la explanada del z\u00f3calo de Puebla<\/h3>\n\n\n\n<figure class=\"wp-block-image size-large is-style-default\"><img fetchpriority=\"high\" decoding=\"async\" width=\"1024\" height=\"699\" src=\"https:\/\/losperiodistas.com.mx\/portal\/wp-content\/uploads\/2023\/10\/Captura-de-Pantalla-2023-10-17-a-las-5.14.31-1024x699.jpg\" alt=\"\" class=\"wp-image-61028\" srcset=\"https:\/\/losperiodistas.com.mx\/portal\/wp-content\/uploads\/2023\/10\/Captura-de-Pantalla-2023-10-17-a-las-5.14.31-1024x699.jpg 1024w, https:\/\/losperiodistas.com.mx\/portal\/wp-content\/uploads\/2023\/10\/Captura-de-Pantalla-2023-10-17-a-las-5.14.31-300x205.jpg 300w, https:\/\/losperiodistas.com.mx\/portal\/wp-content\/uploads\/2023\/10\/Captura-de-Pantalla-2023-10-17-a-las-5.14.31-768x524.jpg 768w, https:\/\/losperiodistas.com.mx\/portal\/wp-content\/uploads\/2023\/10\/Captura-de-Pantalla-2023-10-17-a-las-5.14.31.jpg 1498w\" sizes=\"(max-width: 1024px) 100vw, 1024px\" \/><\/figure>\n\n\n\n<p><\/p>\n\n\n\n<p class=\"has-vivid-red-color has-text-color has-medium-font-size\"><strong>VICTORIA VENTURA \/ EL SOL DE PUEBLA<\/strong><\/p>\n\n\n\n<p>El senador&nbsp;<strong>Alejandro Armenta Mier solicit\u00f3 licencia al cargo<\/strong>&nbsp;para buscar la&nbsp;<strong>candidatura de Morena<\/strong>&nbsp;al gobierno de Puebla y ret\u00f3 al alcalde capitalino,&nbsp;<strong>Eduardo Rivera P\u00e9rez<\/strong>, a que haga lo mismo para debatir el pr\u00f3ximo domingo en la explanada del Z\u00f3calo de Puebla.<\/p>\n\n\n\n<p>En conferencia con medios de comunicaci\u00f3n desde el Senado de la Rep\u00fablica, el legislador inform\u00f3 que<strong>\u00a0entreg\u00f3 el oficio a la Mesa Directiva de la C\u00e1mara de Senadores,<\/strong>\u00a0para que su suplente pueda asumir las funciones como senador, con la finalidad de entrar de lleno a la contienda interna de Morena.<\/p>\n\n\n\n<p><em><strong>\u201cMe separo del cargo porque entiendo que las y los poblanos tomar\u00e1n una decisi\u00f3n en los pr\u00f3ximos d\u00edas y estoy preparado para asumir esa decisi\u00f3n, para asumirla con rigor, con entereza, con pasi\u00f3n, como lo he hecho a lo largo de mi vida\u201d,<\/strong><\/em>\u00a0puntualiz\u00f3.<\/p>\n\n\n\n<p>En el documento dirigido a la senadora\u00a0<strong>Ana Lilia Rivera Rivera,<\/strong>\u00a0presidenta de la Mesa Directiva del Senado, se precis\u00f3 que la decisi\u00f3n est\u00e1 fundamentada en los art\u00edculos 62 de la Constituci\u00f3n Pol\u00edtica de los Estados Unidos Mexicanos; 8, numeral 1, fracci\u00f3n XIII, 11, 12 y 13, numeral 1, del Reglamento del Senado de la Rep\u00fablica.<\/p>\n\n\n\n<p><em>\u201cLe pido amablemente, someta a la consideraci\u00f3n del Pleno, mi solicitud de licencia por tiempo indefinido, para separarme del cargo como Senador de la Rep\u00fablica, con efectos a partir del 18 de octubre del presente a\u00f1o\u201d&nbsp;<\/em>dice.<\/p>\n\n\n\n<p>En este sentido,&nbsp;<strong>ret\u00f3 a Eduardo Rivera a que deje la alcald\u00eda capitalina<\/strong>&nbsp;y, posteriormente,<strong>&nbsp;se encuentren en un debate<\/strong>&nbsp;en el Z\u00f3calo de la ciudad de Puebla para que contraste con los poblanos.<\/p>\n\n\n\n<p><em>\u201c<strong>Estoy preparado para enfrentarlo y estoy preparado para ganarle<\/strong>, lo convoco para que se separe esta misma semana y el pr\u00f3ximo domingo al mediod\u00eda en el Z\u00f3calo de Puebla lo convoco a un debate para que abordemos los problemas que tiene nuestro estado. Espero que en congruencia con el planteamiento de hacernos temblar presentes tu separaci\u00f3n del cargo para que en condiciones de igualdad vayamos al encuentro\u201d,<\/em>&nbsp;ret\u00f3.<\/p>\n\n\n\n<p>Armenta Mier anunci\u00f3 su separaci\u00f3n del cargo horas despu\u00e9s de que las y los aspirantes a la Coordinaci\u00f3n Estatal de la Defensa de la Transformaci\u00f3n en Puebla, junto con los otros ocho estados donde se renovar\u00e1n gubernaturas,\u00a0<strong>se reunieron con el dirigente nacional de Morena\u00a0<\/strong>y la Coordinadora Nacional, Claudia Sheinbaum Pardo.<\/p>\n\n\n\n<p>De igual manera, es el tercer aspirante que<strong>&nbsp;responde al destape de Eduardo Rivera,<\/strong>&nbsp;pues antes lo hizo la ex secretaria de Econom\u00eda, Olivia Salom\u00f3n Vivaldo; y el diputado federal, Ignacio Mier Velazco; despu\u00e9s de que el panista dijo que \u201csus adversarios van a temblar\u201d, durante su segundo informe de gobierno.<\/p>\n\n\n\n<h2 class=\"wp-block-heading\"><strong>Rechaza Ignacio Mier pedir licencia<\/strong><\/h2>\n\n\n\n<p>Por su parte, el legislador federal<strong>&nbsp;Ignacio Mier Velazco rechaz\u00f3 pedir licencia a su cargo<\/strong>, pues consider\u00f3 que el proceso interno de selecci\u00f3n de candidato o candidata est\u00e1 por concluir y no es necesario.<\/p>\n\n\n\n<p><em>\u201cEste es un asunto que ya se va a decidir en los pr\u00f3ximos 10 d\u00edas, yo creo que ya no es necesario, seg\u00fan lo que inform\u00f3 el presidente Mario Delgado,&nbsp;<strong>los resultados se van a publicar el d\u00eda 30,<\/strong>&nbsp;si calculamos que habr\u00e1 cuatro d\u00edas de levantamiento, m\u00e1s procesar los datos, seguramente para el 26 ya est\u00e1n adelantados las encuestas, no tienen caso pedir licencia para los pr\u00f3ximos 10 d\u00edas\u201d,<\/em>&nbsp;coment\u00f3.<\/p>\n\n\n\n<p>Asimismo, expuso que en pr\u00f3ximos d\u00edas llegar\u00e1n temas importantes a la&nbsp;<strong>C\u00e1mara de Diputados<\/strong>, como la iniciativa de reforma para desaparici\u00f3n fideicomisos correspondientes al Poder Judicial y la Ley de Ingresos, que deber\u00e1n resolver y no pueden dejar el cargo.<\/p>\n\n\n\n<p><em>\u201cNos va a tener a todos las y los diputados, incluso los que est\u00e1n participando como aspirantes a la coordinaci\u00f3n, toda esta semana seguramente estaremos terminando en lo particular hasta el d\u00eda s\u00e1bado\u201d,<\/em>\u00a0justific\u00f3.<\/p>\n\n\n\n<p>Fuente: <a href=\"https:\/\/www.elsoldepuebla.com.mx\/local\/alejandro-armenta-renuncia-al-senado-y-reta-a-eduardo-rivera-a-dejar-el-cargo-10858488.html\">https:\/\/www.elsoldepuebla.com.mx\/local\/alejandro-armenta-renuncia-al-senado-y-reta-a-eduardo-rivera-a-dejar-el-cargo-10858488.html<\/a><\/p>\n","protected":false},"excerpt":{"rendered":"<p>Armenta Mier ret\u00f3 al alcalde poblano a debatir el pr\u00f3ximo domingo en la explanada del z\u00f3calo de Puebla VICTORIA VENTURA [&hellip;]<\/p>\n","protected":false},"author":1,"featured_media":61028,"comment_status":"open","ping_status":"open","sticky":false,"template":"","format":"standard","meta":{"site-sidebar-layout":"default","site-content-layout":"","ast-site-content-layout":"default","site-content-style":"default","site-sidebar-style":"default","ast-global-header-display":"","ast-banner-title-visibility":"","ast-main-header-display":"","ast-hfb-above-header-display":"","ast-hfb-below-header-display":"","ast-hfb-mobile-header-display":"","site-post-title":"","ast-breadcrumbs-content":"","ast-featured-img":"","footer-sml-layout":"","theme-transparent-header-meta":"","adv-header-id-meta":"","stick-header-meta":"","header-above-stick-meta":"","header-main-stick-meta":"","header-below-stick-meta":"","astra-migrate-meta-layouts":"default","ast-page-background-enabled":"default","ast-page-background-meta":{"desktop":{"background-color":"var(--ast-global-color-4)","background-image":"","background-repeat":"repeat","background-position":"center center","background-size":"auto","background-attachment":"scroll","background-type":"","background-media":"","overlay-type":"","overlay-color":"","overlay-opacity":"","overlay-gradient":""},"tablet":{"background-color":"","background-image":"","background-repeat":"repeat","background-position":"center center","background-size":"auto","background-attachment":"scroll","background-type":"","background-media":"","overlay-type":"","overlay-color":"","overlay-opacity":"","overlay-gradient":""},"mobile":{"background-color":"","background-image":"","background-repeat":"repeat","background-position":"center center","background-size":"auto","background-attachment":"scroll","background-type":"","background-media":"","overlay-type":"","overlay-color":"","overlay-opacity":"","overlay-gradient":""}},"ast-content-background-meta":{"desktop":{"background-color":"var(--ast-global-color-5)","background-image":"","background-repeat":"repeat","background-position":"center center","background-size":"auto","background-attachment":"scroll","background-type":"","background-media":"","overlay-type":"","overlay-color":"","overlay-opacity":"","overlay-gradient":""},"tablet":{"background-color":"var(--ast-global-color-5)","background-image":"","background-repeat":"repeat","background-position":"center center","background-size":"auto","background-attachment":"scroll","background-type":"","background-media":"","overlay-type":"","overlay-color":"","overlay-opacity":"","overlay-gradient":""},"mobile":{"background-color":"var(--ast-global-color-5)","background-image":"","background-repeat":"repeat","background-position":"center center","background-size":"auto","background-attachment":"scroll","background-type":"","background-media":"","overlay-type":"","overlay-color":"","overlay-opacity":"","overlay-gradient":""}},"footnotes":""},"categories":[8],"tags":[2147,5486,12115,725,19627],"class_list":["post-61027","post","type-post","status-publish","format-standard","has-post-thumbnail","hentry","category-noticias","tag-alejandro-armenta-mier","tag-elecciones-2024","tag-lalo-rivera","tag-morena-puebla","tag-senado-de-la-republia"],"_links":{"self":[{"href":"https:\/\/losperiodistas.com.mx\/portal\/wp-json\/wp\/v2\/posts\/61027","targetHints":{"allow":["GET"]}}],"collection":[{"href":"https:\/\/losperiodistas.com.mx\/portal\/wp-json\/wp\/v2\/posts"}],"about":[{"href":"https:\/\/losperiodistas.com.mx\/portal\/wp-json\/wp\/v2\/types\/post"}],"author":[{"embeddable":true,"href":"https:\/\/losperiodistas.com.mx\/portal\/wp-json\/wp\/v2\/users\/1"}],"replies":[{"embeddable":true,"href":"https:\/\/losperiodistas.com.mx\/portal\/wp-json\/wp\/v2\/comments?post=61027"}],"version-history":[{"count":2,"href":"https:\/\/losperiodistas.com.mx\/portal\/wp-json\/wp\/v2\/posts\/61027\/revisions"}],"predecessor-version":[{"id":61030,"href":"https:\/\/losperiodistas.com.mx\/portal\/wp-json\/wp\/v2\/posts\/61027\/revisions\/61030"}],"wp:featuredmedia":[{"embeddable":true,"href":"https:\/\/losperiodistas.com.mx\/portal\/wp-json\/wp\/v2\/media\/61028"}],"wp:attachment":[{"href":"https:\/\/losperiodistas.com.mx\/portal\/wp-json\/wp\/v2\/media?parent=61027"}],"wp:term":[{"taxonomy":"category","embeddable":true,"href":"https:\/\/losperiodistas.com.mx\/portal\/wp-json\/wp\/v2\/categories?post=61027"},{"taxonomy":"post_tag","embeddable":true,"href":"https:\/\/losperiodistas.com.mx\/portal\/wp-json\/wp\/v2\/tags?post=61027"}],"curies":[{"name":"wp","href":"https:\/\/api.w.org\/{rel}","templated":true}]}}