{"id":60967,"date":"2023-10-16T07:56:01","date_gmt":"2023-10-16T12:56:01","guid":{"rendered":"http:\/\/losperiodistas.com.mx\/portal\/?p=60967"},"modified":"2023-10-16T07:56:04","modified_gmt":"2023-10-16T12:56:04","slug":"sonsoles-onega-gana-el-premio-planeta-con-las-hijas-de-la-criada-una-novela-sobre-los-secretos-de-una-familia-gallega-rtve","status":"publish","type":"post","link":"https:\/\/losperiodistas.com.mx\/portal\/sonsoles-onega-gana-el-premio-planeta-con-las-hijas-de-la-criada-una-novela-sobre-los-secretos-de-una-familia-gallega-rtve\/","title":{"rendered":"Sonsoles \u00d3nega gana el Premio Planeta con &#8216;Las hijas de la criada&#8217;, una novela sobre los secretos de una familia gallega | Rtve"},"content":{"rendered":"\n<ul class=\"has-pale-ocean-gradient-background has-background has-medium-font-size wp-block-list\"><li>La periodista recrea una trama&nbsp;hist\u00f3rica acerca de&nbsp;las mujeres fuertes \u00abque pelearon en el mar\u00bb<\/li><li>Alfonso Goizueta,&nbsp;finalista con<em>&nbsp;La sangre del padre,&nbsp;<\/em>que ficciona&nbsp;la vida de&nbsp;Alejandro Magno<\/li><\/ul>\n\n\n\n<figure class=\"wp-block-image size-large is-style-default\"><img fetchpriority=\"high\" decoding=\"async\" width=\"1024\" height=\"576\" src=\"https:\/\/losperiodistas.com.mx\/portal\/wp-content\/uploads\/2023\/10\/descarga-1-1024x576.jpeg\" alt=\"\" class=\"wp-image-60970\" srcset=\"https:\/\/losperiodistas.com.mx\/portal\/wp-content\/uploads\/2023\/10\/descarga-1-1024x576.jpeg 1024w, https:\/\/losperiodistas.com.mx\/portal\/wp-content\/uploads\/2023\/10\/descarga-1-300x169.jpeg 300w, https:\/\/losperiodistas.com.mx\/portal\/wp-content\/uploads\/2023\/10\/descarga-1-768x432.jpeg 768w, https:\/\/losperiodistas.com.mx\/portal\/wp-content\/uploads\/2023\/10\/descarga-1-1536x864.jpeg 1536w, https:\/\/losperiodistas.com.mx\/portal\/wp-content\/uploads\/2023\/10\/descarga-1.jpeg 1600w\" sizes=\"(max-width: 1024px) 100vw, 1024px\" \/><figcaption>La escritora y periodista Sonsoles \u00d3nega\u00a0<em>JOSEP LAGO \/ AFP<\/em><\/figcaption><\/figure>\n\n\n\n<p><\/p>\n\n\n\n<p class=\"has-vivid-red-color has-text-color has-medium-font-size\"><strong>ANA BEL\u00c9N GARC\u00cdA FLORES \/ Barcelona \/ RTVE<\/strong><\/p>\n\n\n\n<p>La escritora, presentadora&nbsp;y periodista&nbsp;<strong>Sonsoles \u00d3nega<\/strong>&nbsp;ha ganado el&nbsp;<a href=\"https:\/\/www.rtve.es\/temas\/premio-planeta\/25650\/\">Premio Planeta 2023<\/a>, y su preciado mill\u00f3n de euros,&nbsp;con la novela hist\u00f3rica&nbsp;<em>Las hijas de la criada,&nbsp;<\/em>mientras que Alfonso Goizueta, de 23 a\u00f1os, ha quedado finalista con<em>&nbsp;La sangre del padre.&nbsp;<\/em><\/p>\n\n\n\n<p>El fallo se ha anunciado tras&nbsp;<strong>la multitudinaria cena literaria<\/strong>&nbsp;celebrada en el monumental&nbsp;Museu Nacional d\u2019Art de Catalunya (MNAC) en Barcelona. La gala, a medio camino entre los rituales internos del galard\u00f3n y el espect\u00e1culo, es el acontecimiento cultural del a\u00f1o en Catalu\u00f1a con la presencia institucional de&nbsp;tres ministros y m\u00e1s de cien escritores repartidos entre las mesas.<\/p>\n\n\n\n<p>Con cierta teatralidad, expectaci\u00f3n,&nbsp;y rondas de eliminaci\u00f3n de los diez finalistas proyectadas en pantallas luminosas, el Planeta ha coronado a \u00d3nega&nbsp;<strong>como nueva reina medi\u00e1tica de&nbsp;un premio&nbsp;<\/strong>que no es la primera vez que reconoce a personajes&nbsp;televisivos.<\/p>\n\n\n\n<p>En&nbsp;<em>Las hijas de la criada<\/em>, la autora&nbsp;enfoca de nuevo la fuerza femenina a trav\u00e9s de las peripecias-y las ocultaciones- de los Vald\u00e9s, una familia de empresarios gallegos<strong>&nbsp;que recorre los dos primeros tercios del siglo XX: de Cuba a Galicia.<\/strong>&nbsp;<\/p>\n\n\n\n<p>Seg\u00fan avanza la editorial sobre la sinopsis, las&nbsp;mujeres&nbsp;del n\u00facleo familiar<strong>&nbsp;crear\u00e1n un \u00abimperio conservero\u00bb<\/strong>&nbsp;en su tierra natal aunque un secreto \u00abmarcar\u00e1 sus vidas\u00bb.<\/p>\n\n\n\n<p>Vestida de negro, muy emocionada y&nbsp;al borde de las l\u00e1grimas, Sonsoles \u00d3nega ha desgranado m\u00e1s detalles sobre esta obra que&nbsp;<strong>es un homenaje a la Galicia mar\u00edtima<\/strong>&nbsp;que \u00ablevant\u00f3 un imperio\u00bb&nbsp;desde el a\u00f1o 1900 y a las \u00abmujeres valientes que pelearon en el mar durante cien&nbsp;a\u00f1os sin reconocimiento alguno\u00bb, ha dicho entre aplausos.<\/p>\n\n\n\n<figure class=\"wp-block-image is-style-default\"><img decoding=\"async\" src=\"https:\/\/img2.rtve.es\/im\/6989880\/?w=900\" alt=\" \"\/><figcaption>El jurado del Premio Planeta 2023&nbsp;<em>EUROPA PRESS<\/em><\/figcaption><\/figure>\n\n\n\n<p>La escritora, de 45 a\u00f1os, ha recordado que es un libro&nbsp;que recorre la historia&nbsp;<strong>pero a\u00f1ade un sustrato literario que \u00abmarca a los personajes\u00bb&nbsp;<\/strong>porque tambi\u00e9n es una novela sobre \u00abel amor y la falta de cari\u00f1o que tenemos todos\u00bb. Con un &#8216;boas noites&#8217; se ha despedido, no sin antes recordar a su padre, el periodista Fernando \u00d3nega, y ha dedicado el esfuerzo&nbsp;\u00aba las escritoras con hijos y los hijos de las escritoras\u00bb, en un gui\u00f1o a la conciliaci\u00f3n.<\/p>\n\n\n\n<p>La presentadora de&nbsp;Atresmedia (empresa del Grupo Planeta), con una larga carrera en televisi\u00f3n (ha pasado por&nbsp;CNN+,&nbsp;Cuatro y Telecinco donde&nbsp;hizo cr\u00f3nica de tribunales),<strong>&nbsp;es tambi\u00e9n autora de otros seis&nbsp;libros<\/strong>&nbsp;donde ha explorado las relaciones amorosas a trav\u00e9s de la ficci\u00f3n&nbsp;hist\u00f3rica protagonizada por mujeres&nbsp;o la dificultad para equilibrar&nbsp;la vida familiar y laboral (<em>Nosotras que los quisimos todo,&nbsp;<\/em>2015).&nbsp;<em>Despu\u00e9s del amor&nbsp;<\/em>se alz\u00f3 con el Premio de novela Fernando Lara en 2017.<\/p>\n\n\n\n<p>\u00abNunca so\u00f1\u00e9 con ganar el Planeta&nbsp;<strong>porque soy mis&nbsp;fracasos acumulados,<\/strong>&nbsp;ya que me he presentado a todos los premios habidos y por haber\u00bb, ha rememorado&nbsp;entre risas.<\/p>\n\n\n\n<figure class=\"wp-block-image is-style-default\"><img decoding=\"async\" src=\"https:\/\/img2.rtve.es\/im\/6989960\/?w=900\" alt=\" \"\/><figcaption>A la izquierda el finalista, Alfonso Goizueta&nbsp;AFP&nbsp;<em>JOSEP LAGO \/ AFP<\/em><\/figcaption><\/figure>\n\n\n\n<h3 class=\"wp-block-heading\"><strong>El finalista m\u00e1s joven<\/strong><\/h3>\n\n\n\n<p>El segundo puesto en el p\u00f3dium&nbsp;ha sido para&nbsp;<strong>Alfonso Goizueta<\/strong>, que con tan solo 23 a\u00f1os&nbsp;se convierte en el&nbsp;ganador m\u00e1s joven en el t\u00e1ndem de los Planeta.&nbsp;<em>La sangre del padre<\/em>&nbsp;ficciona la vida de un&nbsp;Alejandro Magno adolescente&nbsp;tras el asesinato de su padre.&nbsp;<\/p>\n\n\n\n<p>Bajo la majestuosa b\u00f3veda del&nbsp;Museo,&nbsp;uno de los espacios para eventos m\u00e1s grandes de Europa, el jovenc\u00edsimo finalista ha recordado que&nbsp;<strong>tard\u00f3 tres a\u00f1os en rematar esta novela&nbsp;<\/strong>cuya semilla surgi\u00f3 durante la pandemia. Una trama hist\u00f3rica que \u00abderrocha intriga palaciega\u00bb&nbsp;en la que le interesaba el perfil de&nbsp;Magno como \u00abun chico de mi edad que abandon\u00f3 todo,&nbsp;sent\u00eda vac\u00edo y miedo\u00bb.<\/p>\n\n\n\n<p><strong>\u00abTodos nos podemos ver reflejados&nbsp;<\/strong>porque es un personaje irrepetible\u00bb, ha se\u00f1alado casi sin palabras&nbsp;sobre el arranque mete\u00f3rico&nbsp;de su carrera literaria.<\/p>\n\n\n\n<p>El autor madrile\u00f1o&nbsp;desgrana \u00abexpedici\u00f3n tras expedici\u00f3n\u00bb la metamorfosis&nbsp;del \u00abconquistador\u00bb en un tirano con \u00abconsecuencias\u00bb imprevisibles para su pueblo. Un argumento que conecta de forma natural con el inter\u00e9s&nbsp;de&nbsp;Goizueta&nbsp;<strong>por las decisiones de los gobernantes<\/strong>&nbsp;y sus ondas expansivas&nbsp;en la historia.<\/p>\n\n\n\n<p>El escritor es licenciado en Historia y Relaciones Internacionales por el King&#8217;s College y un talento precoz que con tan solo 17 a\u00f1os public\u00f3 su primer libro&nbsp;<em>Limitando el poder 1871-1939,&nbsp;<\/em><strong>en el que aquilata la diplomacia occidental europea<\/strong>&nbsp;desde la unificaci\u00f3n de las dos alemanias a la invasi\u00f3n de Polonia que desemboc\u00f3 en la Segunda Guerra Mundial.&nbsp;<\/p>\n\n\n\n<h3 class=\"wp-block-heading\"><strong>Un camino hacia el \u00e9xito de ventas<\/strong><\/h3>\n\n\n\n<p>El Planeta est\u00e1 dotado con&nbsp;un&nbsp;mill\u00f3n de euros, el premio&nbsp;de mayor cuant\u00eda del mundo por encima del Nobel o el Cervantes,&nbsp;<strong>el finalista obtiene 200.000 euros.&nbsp;<\/strong><\/p>\n\n\n\n<p>M\u00e1s otro incentivo: seg\u00fan las reglas&nbsp;oficiosas&nbsp;del galard\u00f3n, el vencedor&nbsp;tambi\u00e9n \u00abgana\u00bb&nbsp;una ventana de&nbsp;<strong>oportunidad exclusiva&nbsp;hacia el \u00e9xito en ventas<\/strong>&nbsp;v\u00eda&nbsp;historias&nbsp;que son&nbsp;\u00abterm\u00f3metro de los gustos literarios del publico\u00bb, seg\u00fan se\u00f1alan desde el Grupo editorial, que exhibe m\u00fasculo con una&nbsp;facturaci\u00f3n el pasado a\u00f1o de 1.800 millones de euros en un incremento del 5,8% con&nbsp;respecto al&nbsp;anterior.<\/p>\n\n\n\n<p>La populosa cena literaria ha contado entre los invitados con&nbsp;autores como David Trueba, la acad\u00e9mica&nbsp;Clara S\u00e1nchez o la poeta nicaraguense&nbsp;Gioconda Belli,&nbsp;que concurri\u00f3 con&nbsp;la obra&nbsp;<em>El reencuentro&nbsp;<\/em>bajo el pseud\u00f3nimo de Tintaleve, y&nbsp;una fuerte presencia institucional: la vicepresidenta segunda del Gobierno y ministra de Trabajo y Econom\u00eda Social,&nbsp;<a href=\"https:\/\/www.rtve.es\/temas\/yolanda-diaz\/129557\/\">Yolanda D\u00edaz<\/a>, y los titulares Cultura y Deportes,&nbsp;<a href=\"https:\/\/www.rtve.es\/temas\/miquel-iceta\/78670\/\">Miquel Iceta<\/a>; y de Universidades, Joan Subirats (todos en funciones), adem\u00e1s de la consellera de Cultura de la Generalitat, Natalia Garriga.<a href=\"https:\/\/www.rtve.es\/noticias\/20231014\/asi-son-10-titulos-finalistas-del-premio-planeta-2023-mas-novela-negra-mujeres-protagonistas\/2457931.shtml\"><strong>As\u00ed son los 10 t\u00edtulos finalistas del Premio Planeta 2023: m\u00e1s novela negra y mujeres protagonistas<\/strong><\/a><\/p>\n\n\n\n<p>Esta edici\u00f3n n\u00famero 72, en la que por primera vez se ha permitido el env\u00edo de novelas por correo electr\u00f3nico, ha batido el \u00abr\u00e9cord absoluto\u00bb de participaci\u00f3n&nbsp;<strong>con 1.129 originales presentados.&nbsp;<\/strong><\/p>\n\n\n\n<p><a href=\"https:\/\/www.rtve.es\/noticias\/20231014\/asi-son-10-titulos-finalistas-del-premio-planeta-2023-mas-novela-negra-mujeres-protagonistas\/2457931.shtml\">Entre los diez t\u00edtulos finalistas<\/a>&nbsp;donde abundaba la novela negra,&nbsp;<strong>los siete miembros del jurado&nbsp;<\/strong>han&nbsp;espigado en una criba definitiva&nbsp;plagada de debate: Jos\u00e9 Manuel Blecua, Fernando Delgado-que ha votado telematicamente&nbsp;por enfermedad-, Juan Eslava Gal\u00e1n,&nbsp;Carmen Posadas, Rosa Reg\u00e0s y Bel\u00e9n L\u00f3pez, directora de la Editorial Planeta y secretaria del jurado con voto, y el poeta&nbsp;Pere Gimferrer, \u00abun verdadero detector de&nbsp;estilos\u00bb&nbsp;de escritura&nbsp;en las lecturas de&nbsp;manuscritos como se\u00f1alaba este s\u00e1bado el presidente del Grupo, Josep Crehueras.<\/p>\n\n\n\n<p>Los libros\u00a0en la mayor\u00eda de los casos\u00a0<strong>se presentan bajo seud\u00f3nimo<\/strong>\u00a0aunque a menudo suelen\u00a0esconder a escritores con un perfil comercial y muy\u00a0populares entre los lectores,\u00a0como ha ocurrido este a\u00f1o (Sonsoles \u00d3nega ha concursado como Gabriela Monte y el t\u00edtulo ficticio\u00a0de la novela es<em>\u00a0Oto\u00f1o sin t<\/em>i), en otro de los ritos\u00a0que insuflan \u00abmisterio\u00bb a un premio con cierta fama\u00a0de estar predestinado.<\/p>\n\n\n\n<p>Fuente: <a href=\"https:\/\/www.rtve.es\/noticias\/20231015\/sonsoles-onega-gana-premio-planeta-hijas-criada\/2458376.shtml\">https:\/\/www.rtve.es\/noticias\/20231015\/sonsoles-onega-gana-premio-planeta-hijas-criada\/2458376.shtml<\/a><\/p>\n","protected":false},"excerpt":{"rendered":"<p>La periodista recrea una trama&nbsp;hist\u00f3rica acerca de&nbsp;las mujeres fuertes \u00abque pelearon en el mar\u00bb Alfonso Goizueta,&nbsp;finalista con&nbsp;La sangre del padre,&nbsp;que [&hellip;]<\/p>\n","protected":false},"author":1,"featured_media":60970,"comment_status":"open","ping_status":"open","sticky":false,"template":"","format":"standard","meta":{"site-sidebar-layout":"default","site-content-layout":"","ast-site-content-layout":"default","site-content-style":"default","site-sidebar-style":"default","ast-global-header-display":"","ast-banner-title-visibility":"","ast-main-header-display":"","ast-hfb-above-header-display":"","ast-hfb-below-header-display":"","ast-hfb-mobile-header-display":"","site-post-title":"","ast-breadcrumbs-content":"","ast-featured-img":"","footer-sml-layout":"","theme-transparent-header-meta":"","adv-header-id-meta":"","stick-header-meta":"","header-above-stick-meta":"","header-main-stick-meta":"","header-below-stick-meta":"","astra-migrate-meta-layouts":"default","ast-page-background-enabled":"default","ast-page-background-meta":{"desktop":{"background-color":"var(--ast-global-color-4)","background-image":"","background-repeat":"repeat","background-position":"center center","background-size":"auto","background-attachment":"scroll","background-type":"","background-media":"","overlay-type":"","overlay-color":"","overlay-opacity":"","overlay-gradient":""},"tablet":{"background-color":"","background-image":"","background-repeat":"repeat","background-position":"center center","background-size":"auto","background-attachment":"scroll","background-type":"","background-media":"","overlay-type":"","overlay-color":"","overlay-opacity":"","overlay-gradient":""},"mobile":{"background-color":"","background-image":"","background-repeat":"repeat","background-position":"center center","background-size":"auto","background-attachment":"scroll","background-type":"","background-media":"","overlay-type":"","overlay-color":"","overlay-opacity":"","overlay-gradient":""}},"ast-content-background-meta":{"desktop":{"background-color":"var(--ast-global-color-5)","background-image":"","background-repeat":"repeat","background-position":"center center","background-size":"auto","background-attachment":"scroll","background-type":"","background-media":"","overlay-type":"","overlay-color":"","overlay-opacity":"","overlay-gradient":""},"tablet":{"background-color":"var(--ast-global-color-5)","background-image":"","background-repeat":"repeat","background-position":"center center","background-size":"auto","background-attachment":"scroll","background-type":"","background-media":"","overlay-type":"","overlay-color":"","overlay-opacity":"","overlay-gradient":""},"mobile":{"background-color":"var(--ast-global-color-5)","background-image":"","background-repeat":"repeat","background-position":"center center","background-size":"auto","background-attachment":"scroll","background-type":"","background-media":"","overlay-type":"","overlay-color":"","overlay-opacity":"","overlay-gradient":""}},"footnotes":""},"categories":[8],"tags":[19604,19603,19602],"class_list":["post-60967","post","type-post","status-publish","format-standard","has-post-thumbnail","hentry","category-noticias","tag-las-hijas-de-la-criada","tag-premio-planeta-2023","tag-sonsoles-onega"],"_links":{"self":[{"href":"https:\/\/losperiodistas.com.mx\/portal\/wp-json\/wp\/v2\/posts\/60967","targetHints":{"allow":["GET"]}}],"collection":[{"href":"https:\/\/losperiodistas.com.mx\/portal\/wp-json\/wp\/v2\/posts"}],"about":[{"href":"https:\/\/losperiodistas.com.mx\/portal\/wp-json\/wp\/v2\/types\/post"}],"author":[{"embeddable":true,"href":"https:\/\/losperiodistas.com.mx\/portal\/wp-json\/wp\/v2\/users\/1"}],"replies":[{"embeddable":true,"href":"https:\/\/losperiodistas.com.mx\/portal\/wp-json\/wp\/v2\/comments?post=60967"}],"version-history":[{"count":1,"href":"https:\/\/losperiodistas.com.mx\/portal\/wp-json\/wp\/v2\/posts\/60967\/revisions"}],"predecessor-version":[{"id":60971,"href":"https:\/\/losperiodistas.com.mx\/portal\/wp-json\/wp\/v2\/posts\/60967\/revisions\/60971"}],"wp:featuredmedia":[{"embeddable":true,"href":"https:\/\/losperiodistas.com.mx\/portal\/wp-json\/wp\/v2\/media\/60970"}],"wp:attachment":[{"href":"https:\/\/losperiodistas.com.mx\/portal\/wp-json\/wp\/v2\/media?parent=60967"}],"wp:term":[{"taxonomy":"category","embeddable":true,"href":"https:\/\/losperiodistas.com.mx\/portal\/wp-json\/wp\/v2\/categories?post=60967"},{"taxonomy":"post_tag","embeddable":true,"href":"https:\/\/losperiodistas.com.mx\/portal\/wp-json\/wp\/v2\/tags?post=60967"}],"curies":[{"name":"wp","href":"https:\/\/api.w.org\/{rel}","templated":true}]}}