{"id":60959,"date":"2023-10-16T07:30:48","date_gmt":"2023-10-16T12:30:48","guid":{"rendered":"http:\/\/losperiodistas.com.mx\/portal\/?p=60959"},"modified":"2023-10-16T07:30:50","modified_gmt":"2023-10-16T12:30:50","slug":"el-papa-francisco-nombra-a-un-nuevo-obispo-auxiliar-d-e-puebla-aci-prensa","status":"publish","type":"post","link":"https:\/\/losperiodistas.com.mx\/portal\/el-papa-francisco-nombra-a-un-nuevo-obispo-auxiliar-d-e-puebla-aci-prensa\/","title":{"rendered":"El Papa Francisco nombra a un nuevo Obispo Auxiliar d e Puebla | ACI PRENSA"},"content":{"rendered":"\n<figure class=\"wp-block-image size-full is-style-default\"><img fetchpriority=\"high\" decoding=\"async\" width=\"670\" height=\"447\" src=\"https:\/\/losperiodistas.com.mx\/portal\/wp-content\/uploads\/2023\/10\/francisco-javier-martinez-obispo-auxiliar-electo-de-puebla-16102023.jpg\" alt=\"\" class=\"wp-image-60960\" srcset=\"https:\/\/losperiodistas.com.mx\/portal\/wp-content\/uploads\/2023\/10\/francisco-javier-martinez-obispo-auxiliar-electo-de-puebla-16102023.jpg 670w, https:\/\/losperiodistas.com.mx\/portal\/wp-content\/uploads\/2023\/10\/francisco-javier-martinez-obispo-auxiliar-electo-de-puebla-16102023-300x200.jpg 300w\" sizes=\"(max-width: 670px) 100vw, 670px\" \/><figcaption>Mons. Francisco Javier Mart\u00ednez, Obispo Auxiliar electo de Puebla (M\u00e9xico) | Cr\u00e9dito: Arquidi\u00f3cesis de Puebla<\/figcaption><\/figure>\n\n\n\n<p class=\"has-vivid-red-color has-text-color has-medium-font-size\"><strong>WALTER S\u00c1NCHEZ SILVA \/ ACI PRENSA<\/strong><\/p>\n\n\n\n<p>La Oficina de Prensa del Vaticano inform\u00f3 este lunes 16 de octubre que el Papa Francisco ha nombrado al P. Francisco Javier Mart\u00ednez Castillo, hasta ahora p\u00e1rroco de la parroquia Nuestra Se\u00f1ora de Guadalupe, nuevo Obispo Auxiliar de la Arquidi\u00f3cesis de Puebla en M\u00e9xico.<\/p>\n\n\n\n<p>\u201cNos unimos en alegr\u00eda y oraci\u00f3n con la Iglesia que peregrina en la Arquidi\u00f3cesis de Puebla y deseamos a Mons. Francisco Javier un fecundo desempe\u00f1\u00f3 en su nueva encomienda episcopal que el Se\u00f1or le ha confiado\u201d, se\u00f1ala un&nbsp;<a href=\"https:\/\/cem.org.mx\/nombramiento-s-e-mons-francisco-javier-martinez-castillo\/\" target=\"_blank\" rel=\"noreferrer noopener\">comunicado<\/a>&nbsp;de la Conferencia del Episcopado Mexicano.<\/p>\n\n\n\n<p>El Obispo Auxiliar electo naci\u00f3 el 22 de noviembre de 1974 en la ciudad de Puebla (M\u00e9xico). Tiene 48 a\u00f1os.<\/p>\n\n\n\n<p>Ingres\u00f3 al Seminario Menor Palafoxiano de la Arquidi\u00f3cesis de Puebla en agosto de 1991 y al Seminario Mayor Palafoxiano en agosto de 1994, donde estudi\u00f3 Filosof\u00eda y Teolog\u00eda.<\/p>\n\n\n\n<p>Fue ordenado di\u00e1cono el 10 de enero de 2004 y recibi\u00f3 la ordenaci\u00f3n sacerdotal el 25 de junio del mismo a\u00f1o.<\/p>\n\n\n\n<p>Entre 2011 y 2013 obtuvo la licenciatura en Teolog\u00eda Moral por la Academia Alfonsiana de la Pontificia Universidad Lateranense de Roma.<\/p>\n\n\n\n<p>Ha desempe\u00f1ado, entre otros, los siguientes cargos: vicario parroquial de la parroquia Nuestra Se\u00f1ora de Guadalupe entre 2003 y 2007, rector de la capilla de Nuestra Se\u00f1ora de Guadalupe (casa de la cristiandad) entre 2013 y 2018, director del Centro Internacional de Difusi\u00f3n de la Divina Misericordia entre 2016 y 2020, rector del Templo Expiatorio del Esp\u00edritu Santo entre 2013 y 2020, director espiritual y confesor en el Seminario Mayor Palafoxiano.<\/p>\n\n\n\n<p>Tambi\u00e9n se ha desempe\u00f1ado como vocero de la Arquidi\u00f3cesis de Puebla desde septiembre de 2020 y asesor espiritual del Movimiento de Cursillos de Cristiandad de Puebla desde marzo de 2017.<\/p>\n\n\n\n<p>Fuente: <a href=\"https:\/\/www.aciprensa.com\/noticias\/101597\/vaticano-papa-francisco-nombra-un-obispo-auxiliar-en-puebla-mexico\">https:\/\/www.aciprensa.com\/noticias\/101597\/vaticano-papa-francisco-nombra-un-obispo-auxiliar-en-puebla-mexico<\/a><\/p>\n\n\n\n<p><\/p>\n","protected":false},"excerpt":{"rendered":"<p>WALTER S\u00c1NCHEZ SILVA \/ ACI PRENSA La Oficina de Prensa del Vaticano inform\u00f3 este lunes 16 de octubre que el [&hellip;]<\/p>\n","protected":false},"author":1,"featured_media":60960,"comment_status":"open","ping_status":"open","sticky":false,"template":"","format":"standard","meta":{"site-sidebar-layout":"default","site-content-layout":"","ast-site-content-layout":"default","site-content-style":"default","site-sidebar-style":"default","ast-global-header-display":"","ast-banner-title-visibility":"","ast-main-header-display":"","ast-hfb-above-header-display":"","ast-hfb-below-header-display":"","ast-hfb-mobile-header-display":"","site-post-title":"","ast-breadcrumbs-content":"","ast-featured-img":"","footer-sml-layout":"","theme-transparent-header-meta":"","adv-header-id-meta":"","stick-header-meta":"","header-above-stick-meta":"","header-main-stick-meta":"","header-below-stick-meta":"","astra-migrate-meta-layouts":"default","ast-page-background-enabled":"default","ast-page-background-meta":{"desktop":{"background-color":"var(--ast-global-color-4)","background-image":"","background-repeat":"repeat","background-position":"center center","background-size":"auto","background-attachment":"scroll","background-type":"","background-media":"","overlay-type":"","overlay-color":"","overlay-opacity":"","overlay-gradient":""},"tablet":{"background-color":"","background-image":"","background-repeat":"repeat","background-position":"center center","background-size":"auto","background-attachment":"scroll","background-type":"","background-media":"","overlay-type":"","overlay-color":"","overlay-opacity":"","overlay-gradient":""},"mobile":{"background-color":"","background-image":"","background-repeat":"repeat","background-position":"center center","background-size":"auto","background-attachment":"scroll","background-type":"","background-media":"","overlay-type":"","overlay-color":"","overlay-opacity":"","overlay-gradient":""}},"ast-content-background-meta":{"desktop":{"background-color":"var(--ast-global-color-5)","background-image":"","background-repeat":"repeat","background-position":"center center","background-size":"auto","background-attachment":"scroll","background-type":"","background-media":"","overlay-type":"","overlay-color":"","overlay-opacity":"","overlay-gradient":""},"tablet":{"background-color":"var(--ast-global-color-5)","background-image":"","background-repeat":"repeat","background-position":"center center","background-size":"auto","background-attachment":"scroll","background-type":"","background-media":"","overlay-type":"","overlay-color":"","overlay-opacity":"","overlay-gradient":""},"mobile":{"background-color":"var(--ast-global-color-5)","background-image":"","background-repeat":"repeat","background-position":"center center","background-size":"auto","background-attachment":"scroll","background-type":"","background-media":"","overlay-type":"","overlay-color":"","overlay-opacity":"","overlay-gradient":""}},"footnotes":""},"categories":[8],"tags":[7591,19600,19601],"class_list":["post-60959","post","type-post","status-publish","format-standard","has-post-thumbnail","hentry","category-noticias","tag-arquidiocesis-puebla","tag-mons-francisco-javier-martinez","tag-obispo-auxiliar-electo-de-puebla"],"_links":{"self":[{"href":"https:\/\/losperiodistas.com.mx\/portal\/wp-json\/wp\/v2\/posts\/60959","targetHints":{"allow":["GET"]}}],"collection":[{"href":"https:\/\/losperiodistas.com.mx\/portal\/wp-json\/wp\/v2\/posts"}],"about":[{"href":"https:\/\/losperiodistas.com.mx\/portal\/wp-json\/wp\/v2\/types\/post"}],"author":[{"embeddable":true,"href":"https:\/\/losperiodistas.com.mx\/portal\/wp-json\/wp\/v2\/users\/1"}],"replies":[{"embeddable":true,"href":"https:\/\/losperiodistas.com.mx\/portal\/wp-json\/wp\/v2\/comments?post=60959"}],"version-history":[{"count":1,"href":"https:\/\/losperiodistas.com.mx\/portal\/wp-json\/wp\/v2\/posts\/60959\/revisions"}],"predecessor-version":[{"id":60961,"href":"https:\/\/losperiodistas.com.mx\/portal\/wp-json\/wp\/v2\/posts\/60959\/revisions\/60961"}],"wp:featuredmedia":[{"embeddable":true,"href":"https:\/\/losperiodistas.com.mx\/portal\/wp-json\/wp\/v2\/media\/60960"}],"wp:attachment":[{"href":"https:\/\/losperiodistas.com.mx\/portal\/wp-json\/wp\/v2\/media?parent=60959"}],"wp:term":[{"taxonomy":"category","embeddable":true,"href":"https:\/\/losperiodistas.com.mx\/portal\/wp-json\/wp\/v2\/categories?post=60959"},{"taxonomy":"post_tag","embeddable":true,"href":"https:\/\/losperiodistas.com.mx\/portal\/wp-json\/wp\/v2\/tags?post=60959"}],"curies":[{"name":"wp","href":"https:\/\/api.w.org\/{rel}","templated":true}]}}