{"id":60952,"date":"2023-10-16T05:23:33","date_gmt":"2023-10-16T10:23:33","guid":{"rendered":"http:\/\/losperiodistas.com.mx\/portal\/?p=60952"},"modified":"2023-10-16T05:23:35","modified_gmt":"2023-10-16T10:23:35","slug":"dia-mundial-de-la-alimentacion-did","status":"publish","type":"post","link":"https:\/\/losperiodistas.com.mx\/portal\/dia-mundial-de-la-alimentacion-did\/","title":{"rendered":"D\u00eda Mundial de la Alimentaci\u00f3n | DID"},"content":{"rendered":"\n<figure class=\"wp-block-image size-large\"><img fetchpriority=\"high\" decoding=\"async\" width=\"1024\" height=\"472\" src=\"https:\/\/losperiodistas.com.mx\/portal\/wp-content\/uploads\/2023\/10\/Captura-de-pantalla-2023-10-16-a-las-4.18.00-1024x472.png\" alt=\"\" class=\"wp-image-60953\" srcset=\"https:\/\/losperiodistas.com.mx\/portal\/wp-content\/uploads\/2023\/10\/Captura-de-pantalla-2023-10-16-a-las-4.18.00-1024x472.png 1024w, https:\/\/losperiodistas.com.mx\/portal\/wp-content\/uploads\/2023\/10\/Captura-de-pantalla-2023-10-16-a-las-4.18.00-300x138.png 300w, https:\/\/losperiodistas.com.mx\/portal\/wp-content\/uploads\/2023\/10\/Captura-de-pantalla-2023-10-16-a-las-4.18.00-768x354.png 768w, https:\/\/losperiodistas.com.mx\/portal\/wp-content\/uploads\/2023\/10\/Captura-de-pantalla-2023-10-16-a-las-4.18.00.png 1376w\" sizes=\"(max-width: 1024px) 100vw, 1024px\" \/><figcaption>RitaE<\/figcaption><\/figure>\n\n\n\n<p class=\"has-vivid-red-color has-text-color has-medium-font-size\"><strong>REDACCI\u00d3N D\u00cdA INTERNACIONAL DE<\/strong><\/p>\n\n\n\n<p>Cada 16 de octubre desde el a\u00f1o 1979 se conmemora el&nbsp;<strong>D\u00eda Mundial de la Alimentaci\u00f3n<\/strong>, una celebraci\u00f3n promovida por la&nbsp;<strong>Organizaci\u00f3n de las Naciones Unidas para la Agricultura y la Alimentaci\u00f3n (<em>FAO<\/em>)<\/strong>, con el claro objetivo de disminuir el hambre en el mundo, prop\u00f3sito que tambi\u00e9n busca la&nbsp;<strong><em>Agenda 2030 con su meta de hambre cero<\/em><\/strong>.<\/p>\n\n\n\n<h2 class=\"wp-block-heading\" id=\"resTit_1\">2023: El agua es vida, el agua nutre<\/h2>\n\n\n\n<p>Cada a\u00f1o, la FAO se centra en un lema para difundir la campa\u00f1a del D\u00eda Mundial de la Alimentaci\u00f3n. Para 2023, el lema es:&nbsp;<em><strong>\u00abEl agua es vida, el agua nutre. No dejar a nadie atr\u00e1s\u00bb<\/strong><\/em>.<\/p>\n\n\n\n<p>El agua es esencial para la vida en la Tierra, ya que constituye m\u00e1s del 50% de nuestros cuerpos y cubre aproximadamente el 71% de la superficie del planeta. Sin embargo, solo el 2,5% de esta agua es dulce y adecuada para beber, la agricultura y la mayor\u00eda de los usos industriales. El agua es crucial para las personas, las econom\u00edas y la naturaleza, adem\u00e1s de ser fundamental para nuestra alimentaci\u00f3n. Lamentablemente, el agua dulce no es un recurso infinito.<\/p>\n\n\n\n<p>Factores como el crecimiento de la poblaci\u00f3n, la urbanizaci\u00f3n, el desarrollo econ\u00f3mico y el cambio clim\u00e1tico est\u00e1n poniendo una presi\u00f3n cada vez mayor sobre los recursos h\u00eddricos del planeta. En las \u00faltimas d\u00e9cadas, la cantidad de agua dulce disponible por persona ha disminuido en un 20%, y la calidad del agua tambi\u00e9n se est\u00e1 deteriorando.<\/p>\n\n\n\n<p>Es hora de gestionar el agua de manera responsable. Debemos producir alimentos y otros productos agr\u00edcolas esenciales utilizando menos agua, al tiempo que garantizamos una distribuci\u00f3n equitativa del recurso y preservamos nuestros sistemas alimentarios acu\u00e1ticos.<\/p>\n\n\n\n<h2 class=\"wp-block-heading\" id=\"resTit_3\">Lemas de a\u00f1os anteriores<\/h2>\n\n\n\n<h3 class=\"wp-block-heading\" id=\"resTit_3_1\">2022: No dejar a nadie atr\u00e1s<\/h3>\n\n\n\n<p>Para 2022, el lema fue&nbsp;<em><strong>\u00abNo dejar a nadie atr\u00e1s\u00bb<\/strong><\/em>.<\/p>\n\n\n\n<p>Se ha avanzado mucho en construir un mundo mejor, pero hay mucha gente que se ha quedado atr\u00e1s. Muchas familias no pueden permitirse tener una alimentaci\u00f3n sana, y eso repercute directamente en su salud.El problema no est\u00e1 tanto en el suministro, ya que se estima que hoy en d\u00eda hay alimentos para todos, sino m\u00e1s bien en la disponibilidad y el acceso.<\/p>\n\n\n\n<h3 class=\"wp-block-heading\" id=\"resTit_3_2\">2021: Nuestras acciones son nuestro futuro<\/h3>\n\n\n\n<p><em><strong>Para el 2021, el lema fue \u00abNuestras acciones son nuestro futuro\u00bb.<\/strong><\/em>&nbsp;Se pide un esfuerzo para ser m\u00e1s sostenibles en nuestras acciones diarias, reduciendo el desperdicio de alimentos, creando conciencia a cerca de una nutrici\u00f3n sana y equilibrada. Y todo ello con el objetivo de llegar al Hambre Cero y de proteger el medio ambiente.<\/p>\n\n\n\n<h3 class=\"wp-block-heading\" id=\"resTit_3_3\">2020: Cultivar, nutrir, preservar. Juntos<\/h3>\n\n\n\n<p>En el a\u00f1o 2020 se hizo un&nbsp;<strong>llamamiento mundial a la solidaridad para conseguir que los alimentos saludables llegaran a todos los rincones del planeta<\/strong>, especialmente a los lugares m\u00e1s desfavorecidos y que resultaron m\u00e1s da\u00f1ados por la crisis del COVID-19.<\/p>\n\n\n\n<p>Tambi\u00e9n se quiso hacer un homenaje a los&nbsp;<em><strong>#H\u00e9roesdelaAlimentaci\u00f3n<\/strong><\/em>&nbsp;de todo el mundo que plantan, cultivan, pescan o transportan los alimentos. Por ello, el lema de 2020 fue&nbsp;<em><strong>\u00abCultivar, nutrir, preservar. Juntos\u00bb.<\/strong><\/em><\/p>\n\n\n\n<h3 class=\"wp-block-heading\" id=\"resTit_3_4\">2019: Alimentaci\u00f3n sana para un mundo con Hambre Cero<\/h3>\n\n\n\n<p>En 2019, la FAO no solo contempl\u00f3 seguir apostando por un mundo donde todos tengamos acceso a la comida, sino que adem\u00e1s agrega que esa comida sea realmente saludable y cubra los requerimientos del organismo seg\u00fan la edad de la persona. Por eso el eslogan de la campa\u00f1a 2019 es \u00ab<strong><em>Una alimentaci\u00f3n sana para un mundo #HambreCero<\/em><\/strong>\u00ab.<\/p>\n\n\n\n<h2 class=\"wp-block-heading\" id=\"resTit_4\">\u00bfPor qu\u00e9 exigir una alimentaci\u00f3n m\u00e1s sana?<\/h2>\n\n\n\n<p>Seg\u00fan los datos de la misma FAO, se estima que en el mundo\u00a0<strong>672 millonesde adultos<\/strong>\u00a0y\u00a0<strong>124 millones de menores<\/strong>\u00a0son obesos y\u00a0<strong>40 millones de ni\u00f1os<\/strong>\u00a0menores de 5 a\u00f1os tienen sobrepeso.Esto se debe principalmente a un cambio en la dieta de las personas, sobre todo de aquellas que residen en las ciudades.<\/p>\n\n\n\n<p>El estudio de la FAO demuestra que en los \u00faltimos a\u00f1os la comida r\u00e1pida ha desplazado en gran medida a la comida del hogar y no solo eso, tambi\u00e9n ha sustituido ingredientes importantes como frutas y verduras, por harina, az\u00facar, grasas y sal.<\/p>\n\n\n\n<p>Esta realidad, sumada al sedentarismo propio de las profesiones disponibles en las grandes ciudades ha tra\u00eddo como consecuencia que&nbsp;<strong>la mala alimentaci\u00f3n sea la principal causa de muerte y discapacidad en la actualidad<\/strong>.<\/p>\n\n\n\n<p>Pero, el problema del cambio de dieta no solo afecta la salud del ser humano, tambi\u00e9n est\u00e1 trayendo graves consecuencias al medio ambiente.<\/p>\n\n\n\n<p>A lo largo de la historia el hombre se ha alimentado de 6000 plantas aproximadamente, pero el cambio en los h\u00e1bitos alimenticios sumado a la prioridad que tienen los cereales en el mercado actual, ha reducido la biodiversidad de plantas logrando que&nbsp;<strong>solo 9 ya representen el 66% de la producci\u00f3n total de cultivos en todo el planeta<\/strong>.<\/p>\n\n\n\n<figure class=\"wp-block-image\"><img decoding=\"async\" src=\"https:\/\/www.diainternacionalde.com\/imagenes\/dias\/octubre\/10-16_dia-mundial-de-la-alimentacion_hambrecero_m.jpg\" alt=\"Imagen de la campa\u00f1a 2019 Hambre Cero\" title=\"Imagen de la campa\u00f1a 2019 Hambre Cero\"\/><figcaption>Imagen de la campa\u00f1a 2019 Hambre Cero<\/figcaption><\/figure>\n\n\n\n<p>Todos los a\u00f1os se defienden a animales en peligro de extinci\u00f3n, pero la dieta de los pa\u00edses ha erradicado de la faz de la tierra una amplia cantidad de plantas que al no ser cultivadas y tratadas como malas hierbas, simplemente dejaron de existir.<\/p>\n\n\n\n<h2 class=\"wp-block-heading\" id=\"resTit_5\">\u00bfC\u00f3mo llevar una alimentaci\u00f3n sana?<\/h2>\n\n\n\n<ul class=\"wp-block-list\"><li>Lo primero es apostar por las&nbsp;<strong>comidas hechas en casa y ayudar a los productores locales<\/strong>&nbsp;a seguir generando vegetales, frutas y verduras, realmente ricas en vitaminas y minerales.<\/li><li>Adem\u00e1s debemos es&nbsp;<strong>elegir alimentos m\u00e1s saludables para los ni\u00f1os<\/strong>, sustituir una torta de chocolate por galletas de avena y pasas o simplemente darles chocolate negro el cual brinda muchos beneficios al organismo.<\/li><li>Tambi\u00e9n se debe&nbsp;<strong>ampliar la gama de frutas y vegetales que conocemos<\/strong>, para ir descubriendo otras plantas que tambi\u00e9n aportan nutrientes al organismo.<\/li><li>Por \u00faltimo, es imprescindible disminuir el uso de aceite y sal en la cocina, adem\u00e1s de tener una rutina de ejercicios diarios.<\/li><\/ul>\n\n\n\n<h2 class=\"wp-block-heading\" id=\"resTit_6\">\u00bfQu\u00e9 puedes hacer para celebrar el D\u00eda Mundial de la Alimentaci\u00f3n?<\/h2>\n\n\n\n<p>Puedes&nbsp;<strong>realizar una comida en casa con amigos<\/strong>, donde todo el mundo lleve ingredientes sanos y frescos.<\/p>\n\n\n\n<p>Tambi\u00e9n puedes&nbsp;<strong>asistir a charlas de fitoterapia<\/strong>, dado que estas personas cuentan con el conocimiento necesario para indicarte que plantas, frutas, semillas o vegetales, te pueden ayudar a sobrellevar una enfermedad o malestar moment\u00e1neo.<\/p>\n\n\n\n<p>Otra opci\u00f3n muy buena es\u00a0<strong>compartir recetas saludables<\/strong>\u00a0con tus amigos en las redes sociales y si lo haces este d\u00eda no te olvides de etiquetarlas con los hashtags\u00a0<strong><em>#D\u00edaMundialdelaAlimentaci\u00f3n<\/em><\/strong>\u00a0y\u00a0<strong><em>#HAMBRECERO #H\u00e9roesdelaAlimentaci\u00f3n.<\/em><\/strong><\/p>\n\n\n\n<p>Fuente: <a href=\"https:\/\/www.diainternacionalde.com\/ficha\/dia-mundial-de-la-alimentacion\">https:\/\/www.diainternacionalde.com\/ficha\/dia-mundial-de-la-alimentacion<\/a><\/p>\n","protected":false},"excerpt":{"rendered":"<p>REDACCI\u00d3N D\u00cdA INTERNACIONAL DE Cada 16 de octubre desde el a\u00f1o 1979 se conmemora el&nbsp;D\u00eda Mundial de la Alimentaci\u00f3n, una [&hellip;]<\/p>\n","protected":false},"author":1,"featured_media":60953,"comment_status":"open","ping_status":"open","sticky":false,"template":"","format":"standard","meta":{"site-sidebar-layout":"default","site-content-layout":"","ast-site-content-layout":"default","site-content-style":"default","site-sidebar-style":"default","ast-global-header-display":"","ast-banner-title-visibility":"","ast-main-header-display":"","ast-hfb-above-header-display":"","ast-hfb-below-header-display":"","ast-hfb-mobile-header-display":"","site-post-title":"","ast-breadcrumbs-content":"","ast-featured-img":"","footer-sml-layout":"","theme-transparent-header-meta":"","adv-header-id-meta":"","stick-header-meta":"","header-above-stick-meta":"","header-main-stick-meta":"","header-below-stick-meta":"","astra-migrate-meta-layouts":"default","ast-page-background-enabled":"default","ast-page-background-meta":{"desktop":{"background-color":"var(--ast-global-color-4)","background-image":"","background-repeat":"repeat","background-position":"center center","background-size":"auto","background-attachment":"scroll","background-type":"","background-media":"","overlay-type":"","overlay-color":"","overlay-opacity":"","overlay-gradient":""},"tablet":{"background-color":"","background-image":"","background-repeat":"repeat","background-position":"center center","background-size":"auto","background-attachment":"scroll","background-type":"","background-media":"","overlay-type":"","overlay-color":"","overlay-opacity":"","overlay-gradient":""},"mobile":{"background-color":"","background-image":"","background-repeat":"repeat","background-position":"center center","background-size":"auto","background-attachment":"scroll","background-type":"","background-media":"","overlay-type":"","overlay-color":"","overlay-opacity":"","overlay-gradient":""}},"ast-content-background-meta":{"desktop":{"background-color":"var(--ast-global-color-5)","background-image":"","background-repeat":"repeat","background-position":"center center","background-size":"auto","background-attachment":"scroll","background-type":"","background-media":"","overlay-type":"","overlay-color":"","overlay-opacity":"","overlay-gradient":""},"tablet":{"background-color":"var(--ast-global-color-5)","background-image":"","background-repeat":"repeat","background-position":"center center","background-size":"auto","background-attachment":"scroll","background-type":"","background-media":"","overlay-type":"","overlay-color":"","overlay-opacity":"","overlay-gradient":""},"mobile":{"background-color":"var(--ast-global-color-5)","background-image":"","background-repeat":"repeat","background-position":"center center","background-size":"auto","background-attachment":"scroll","background-type":"","background-media":"","overlay-type":"","overlay-color":"","overlay-opacity":"","overlay-gradient":""}},"footnotes":""},"categories":[8],"tags":[19595,19594,19596],"class_list":["post-60952","post","type-post","status-publish","format-standard","has-post-thumbnail","hentry","category-noticias","tag-diamundialdelaalimentacion","tag-hambrecero","tag-heroesdelaalimentacion"],"_links":{"self":[{"href":"https:\/\/losperiodistas.com.mx\/portal\/wp-json\/wp\/v2\/posts\/60952","targetHints":{"allow":["GET"]}}],"collection":[{"href":"https:\/\/losperiodistas.com.mx\/portal\/wp-json\/wp\/v2\/posts"}],"about":[{"href":"https:\/\/losperiodistas.com.mx\/portal\/wp-json\/wp\/v2\/types\/post"}],"author":[{"embeddable":true,"href":"https:\/\/losperiodistas.com.mx\/portal\/wp-json\/wp\/v2\/users\/1"}],"replies":[{"embeddable":true,"href":"https:\/\/losperiodistas.com.mx\/portal\/wp-json\/wp\/v2\/comments?post=60952"}],"version-history":[{"count":1,"href":"https:\/\/losperiodistas.com.mx\/portal\/wp-json\/wp\/v2\/posts\/60952\/revisions"}],"predecessor-version":[{"id":60954,"href":"https:\/\/losperiodistas.com.mx\/portal\/wp-json\/wp\/v2\/posts\/60952\/revisions\/60954"}],"wp:featuredmedia":[{"embeddable":true,"href":"https:\/\/losperiodistas.com.mx\/portal\/wp-json\/wp\/v2\/media\/60953"}],"wp:attachment":[{"href":"https:\/\/losperiodistas.com.mx\/portal\/wp-json\/wp\/v2\/media?parent=60952"}],"wp:term":[{"taxonomy":"category","embeddable":true,"href":"https:\/\/losperiodistas.com.mx\/portal\/wp-json\/wp\/v2\/categories?post=60952"},{"taxonomy":"post_tag","embeddable":true,"href":"https:\/\/losperiodistas.com.mx\/portal\/wp-json\/wp\/v2\/tags?post=60952"}],"curies":[{"name":"wp","href":"https:\/\/api.w.org\/{rel}","templated":true}]}}