{"id":60946,"date":"2023-10-16T04:35:50","date_gmt":"2023-10-16T09:35:50","guid":{"rendered":"http:\/\/losperiodistas.com.mx\/portal\/?p=60946"},"modified":"2023-10-16T04:35:52","modified_gmt":"2023-10-16T09:35:52","slug":"salomon-y-olga-se-reunen-a-puerta-cerrada-con-los-siete-aspirantes-de-morena-e-consulta","status":"publish","type":"post","link":"https:\/\/losperiodistas.com.mx\/portal\/salomon-y-olga-se-reunen-a-puerta-cerrada-con-los-siete-aspirantes-de-morena-e-consulta\/","title":{"rendered":"Salom\u00f3n y Olga se re\u00fanen a puerta cerrada con los siete aspirantes de Morena | e-consulta"},"content":{"rendered":"\n<p class=\"has-medium-font-size\">La reuni\u00f3n fue un llamado a la unidad y a respetar los resultados, se hizo en todos los estados donde habr\u00e1 elecci\u00f3n<\/p>\n\n\n\n<figure class=\"wp-block-image size-full\"><img fetchpriority=\"high\" decoding=\"async\" width=\"640\" height=\"426\" src=\"https:\/\/losperiodistas.com.mx\/portal\/wp-content\/uploads\/2023\/10\/salomon_y_olga_se_reunen_a_puerta_cerrada_con_los_siete_aspirantes_de_morena_0.jpeg\" alt=\"\" class=\"wp-image-60947\" srcset=\"https:\/\/losperiodistas.com.mx\/portal\/wp-content\/uploads\/2023\/10\/salomon_y_olga_se_reunen_a_puerta_cerrada_con_los_siete_aspirantes_de_morena_0.jpeg 640w, https:\/\/losperiodistas.com.mx\/portal\/wp-content\/uploads\/2023\/10\/salomon_y_olga_se_reunen_a_puerta_cerrada_con_los_siete_aspirantes_de_morena_0-300x200.jpeg 300w\" sizes=\"(max-width: 640px) 100vw, 640px\" \/><figcaption>Foto: X \/ @SergioSalomonC<br><a href=\"https:\/\/www.facebook.com\/sharer\/sharer.php?u=https:\/\/www.e-consulta.com\/nota\/2023-10-15\/elecciones\/salomon-y-olga-se-reunen-puerta-cerrada-con-los-siete-aspirantes-de\" target=\"_blank\" rel=\"noreferrer noopener\"><\/a><a href=\"https:\/\/twitter.com\/intent\/tweet?text=Salom%C3%B3n%20y%20Olga%20se%20re%C3%BAnen%20a%20puerta%20cerrada%20con%20los%20siete%20aspirantes%20de%20Morena&amp;url=https:\/\/www.e-consulta.com\/nota\/2023-10-15\/elecciones\/salomon-y-olga-se-reunen-puerta-cerrada-con-los-siete-aspirantes-de&amp;via=e_consulta\" target=\"_blank\" rel=\"noreferrer noopener\"><\/a><a href=\"whatsapp:\/\/send?text=Salom%C3%B3n%20y%20Olga%20se%20re%C3%BAnen%20a%20puerta%20cerrada%20con%20los%20siete%20aspirantes%20de%20Morena%20-%20[Leer]%20https:\/\/www.e-consulta.com\/nota\/2023-10-15\/elecciones\/salomon-y-olga-se-reunen-puerta-cerrada-con-los-siete-aspirantes-de\"><\/a><a href=\"\/\/www.e-consulta.com\/nota\/2023-10-15\/elecciones\/salomon-y-olga-se-reunen-puerta-cerrada-con-los-siete-aspirantes-de\" target=\"_blank\" rel=\"noreferrer noopener\"><\/a><\/figcaption><\/figure>\n\n\n\n<p class=\"has-vivid-red-color has-text-color has-medium-font-size\"><strong>CARLOS ROCHA \/ E-CONSULTA<\/strong><\/p>\n\n\n\n<p>La noche de este domingo el gobernador de Puebla,\u00a0<strong>Sergio Salom\u00f3n C\u00e9spedes Peregrina<\/strong>\u00a0y la dirigente estatal de Morena,\u00a0<strong>Olga Romero Garci-Crespo<\/strong>\u00a0convocaron a una reuni\u00f3n a los siete aspirantes a la\u00a0<a href=\"https:\/\/www.e-consulta.com\/nota\/2023-10-15\/elecciones\/ignacio-mier-la-gente-decidira-quien-sera-el-coordinador-en-puebla\">Coordinaci\u00f3n Estatal de Defensa de la Cuarta Transformaci\u00f3n<\/a>, es decir los que buscan la candidatura a la\u00a0<strong>gubernatura del estado<\/strong>.<\/p>\n\n\n\n<figure class=\"wp-block-embed is-type-rich is-provider-twitter wp-block-embed-twitter\"><div class=\"wp-block-embed__wrapper\">\n<blockquote class=\"twitter-tweet\" data-width=\"500\" data-dnt=\"true\"><p lang=\"es\" dir=\"ltr\">Hoy nos reunimos para ratificar la unidad en <a href=\"https:\/\/twitter.com\/hashtag\/Puebla?src=hash&amp;ref_src=twsrc%5Etfw\">#Puebla<\/a> en torno al liderazgo de nuestra coordinadora nacional, la Dra. <a href=\"https:\/\/twitter.com\/Claudiashein?ref_src=twsrc%5Etfw\">@Claudiashein<\/a>, y nuestro <a href=\"https:\/\/twitter.com\/PartidoMorenaMx?ref_src=twsrc%5Etfw\">@PartidoMorenaMx<\/a>. Nos comprometimos a salvaguardar a nuestro movimiento para que la transformaci\u00f3n contin\u00fae. <a href=\"https:\/\/t.co\/F4sfUm7ZcU\">pic.twitter.com\/F4sfUm7ZcU<\/a><\/p>&mdash; Sergio Salom\u00f3n (@SergioSalomonC) <a href=\"https:\/\/twitter.com\/SergioSalomonC\/status\/1713763273395282336?ref_src=twsrc%5Etfw\">October 16, 2023<\/a><\/blockquote><script async src=\"https:\/\/platform.twitter.com\/widgets.js\" charset=\"utf-8\"><\/script>\n<\/div><\/figure>\n\n\n\n<p>La reuni\u00f3n se realiz\u00f3 en un&nbsp;<strong>hotel de la zona de Angel\u00f3polis<\/strong>&nbsp;y estuvieron presentes por m\u00e1s de una hora con el gobernador y la dirigente morenista:&nbsp;<strong>Ignacio Mier, Alejandro Armenta, Julio Huerta, Claudia Rivera, Olivia Salom\u00f3n, Rodrigo Abdala, y Liz S\u00e1nchez<\/strong>.<\/p>\n\n\n\n<p>De acuerdo con algunos de los asistentes entrevistados, la reuni\u00f3n un llamado a la unidad, a aceptar los&nbsp;<strong>resultados que se dar\u00e1n en 15 d\u00edas<\/strong>, a no caer en denostaciones, a conducirse con legalidad y sobre todo a no manchar el nombre del partido lopezobradorista.<\/p>\n\n\n\n<p>Te puede interesar:<\/p>\n\n\n\n<p class=\"has-cyan-bluish-gray-background-color has-background\"><a href=\"https:\/\/www.e-consulta.com\/nota\/2023-10-15\/politica\/de-los-7-aspirantes-la-gubernatura-por-morena-solo-dos-estan-afiliados\">De los 7 aspirantes a la gubernatura por Morena, solo dos est\u00e1n afiliados<\/a><\/p>\n\n\n\n<figure class=\"wp-block-image\"><img decoding=\"async\" src=\"https:\/\/www.e-consulta.com\/_next\/image?url=https%3A%2F%2Ffotos.e-consulta.com%2Fsite_uploads%2F2023%2FOctubre%2Finterior_1_nota_rocha.jpg&amp;w=3840&amp;q=75\" alt=\"Salom\u00f3n y Olga se re\u00fanen a puerta cerrada con los siete aspirantes de Morena\"\/><\/figure>\n\n\n\n<p>La encerrona de esta noche se da&nbsp;<strong>un d\u00eda antes de la reuni\u00f3n<\/strong>&nbsp;a la que fueron convocados por el Comit\u00e9 Ejecutivo Nacional (CEN) de Morena, en la Ciudad de M\u00e9xico, y en donde les dir\u00e1n \u2013pr\u00e1cticamente lo mismo- pero el dirigente nacional del partido,&nbsp;<strong>Mario Delgado,<\/strong>&nbsp;adem\u00e1s de que se les explicar\u00e1 la forma en la que ser\u00e1 elegido el que finalmente resulte candidato.<\/p>\n\n\n\n<p>Vale la pena se\u00f1alar que la reuni\u00f3n efectuada esta noche en Puebla, se realiz\u00f3 en los otro ocho estados del pa\u00eds en donde&nbsp;<strong>habr\u00e1 tambi\u00e9n elecciones par gobernador<\/strong>, y a la jefatura de Gobierno de la Ciudad de M\u00e9xico. Y es que los c\u00f3nclaves en los estados fueron por petici\u00f3n de la dirigencia nacional del partido.<\/p>\n\n\n\n<figure class=\"wp-block-image\"><img decoding=\"async\" src=\"https:\/\/www.e-consulta.com\/_next\/image?url=https%3A%2F%2Ffotos.e-consulta.com%2Fsite_uploads%2F2023%2FOctubre%2Finterior_2_nota_rocha.jpg&amp;w=3840&amp;q=75\" alt=\"Salom\u00f3n y Olga se re\u00fanen a puerta cerrada con los siete aspirantes de Morena\"\/><\/figure>\n\n\n\n<p>En la reuni\u00f3n estuvieron presentes, tambi\u00e9n, el secretario de Gobernaci\u00f3n,\u00a0<strong>Javier Aquino<\/strong>, y el presidente del Consejo Estatal de Morena,\u00a0<strong>Andr\u00e9s Villegas<\/strong>. (JC)<\/p>\n\n\n\n<p>Fuente: <a href=\"https:\/\/www.e-consulta.com\/nota\/2023-10-15\/elecciones\/salomon-y-olga-se-reunen-puerta-cerrada-con-los-siete-aspirantes-de\">https:\/\/www.e-consulta.com\/nota\/2023-10-15\/elecciones\/salomon-y-olga-se-reunen-puerta-cerrada-con-los-siete-aspirantes-de<\/a><\/p>\n","protected":false},"excerpt":{"rendered":"<p>La reuni\u00f3n fue un llamado a la unidad y a respetar los resultados, se hizo en todos los estados donde [&hellip;]<\/p>\n","protected":false},"author":1,"featured_media":60947,"comment_status":"open","ping_status":"open","sticky":false,"template":"","format":"standard","meta":{"site-sidebar-layout":"default","site-content-layout":"","ast-site-content-layout":"default","site-content-style":"default","site-sidebar-style":"default","ast-global-header-display":"","ast-banner-title-visibility":"","ast-main-header-display":"","ast-hfb-above-header-display":"","ast-hfb-below-header-display":"","ast-hfb-mobile-header-display":"","site-post-title":"","ast-breadcrumbs-content":"","ast-featured-img":"","footer-sml-layout":"","theme-transparent-header-meta":"","adv-header-id-meta":"","stick-header-meta":"","header-above-stick-meta":"","header-main-stick-meta":"","header-below-stick-meta":"","astra-migrate-meta-layouts":"default","ast-page-background-enabled":"default","ast-page-background-meta":{"desktop":{"background-color":"var(--ast-global-color-4)","background-image":"","background-repeat":"repeat","background-position":"center center","background-size":"auto","background-attachment":"scroll","background-type":"","background-media":"","overlay-type":"","overlay-color":"","overlay-opacity":"","overlay-gradient":""},"tablet":{"background-color":"","background-image":"","background-repeat":"repeat","background-position":"center center","background-size":"auto","background-attachment":"scroll","background-type":"","background-media":"","overlay-type":"","overlay-color":"","overlay-opacity":"","overlay-gradient":""},"mobile":{"background-color":"","background-image":"","background-repeat":"repeat","background-position":"center center","background-size":"auto","background-attachment":"scroll","background-type":"","background-media":"","overlay-type":"","overlay-color":"","overlay-opacity":"","overlay-gradient":""}},"ast-content-background-meta":{"desktop":{"background-color":"var(--ast-global-color-5)","background-image":"","background-repeat":"repeat","background-position":"center center","background-size":"auto","background-attachment":"scroll","background-type":"","background-media":"","overlay-type":"","overlay-color":"","overlay-opacity":"","overlay-gradient":""},"tablet":{"background-color":"var(--ast-global-color-5)","background-image":"","background-repeat":"repeat","background-position":"center center","background-size":"auto","background-attachment":"scroll","background-type":"","background-media":"","overlay-type":"","overlay-color":"","overlay-opacity":"","overlay-gradient":""},"mobile":{"background-color":"var(--ast-global-color-5)","background-image":"","background-repeat":"repeat","background-position":"center center","background-size":"auto","background-attachment":"scroll","background-type":"","background-media":"","overlay-type":"","overlay-color":"","overlay-opacity":"","overlay-gradient":""}},"footnotes":""},"categories":[8],"tags":[15580,84,8711,725,12221,19160],"class_list":["post-60946","post","type-post","status-publish","format-standard","has-post-thumbnail","hentry","category-noticias","tag-rodrigoabdala","tag-claudia-rivera-vivanco","tag-elecciones-puebla-2024","tag-morena-puebla","tag-nacho-mier","tag-salomon-cespedes"],"_links":{"self":[{"href":"https:\/\/losperiodistas.com.mx\/portal\/wp-json\/wp\/v2\/posts\/60946","targetHints":{"allow":["GET"]}}],"collection":[{"href":"https:\/\/losperiodistas.com.mx\/portal\/wp-json\/wp\/v2\/posts"}],"about":[{"href":"https:\/\/losperiodistas.com.mx\/portal\/wp-json\/wp\/v2\/types\/post"}],"author":[{"embeddable":true,"href":"https:\/\/losperiodistas.com.mx\/portal\/wp-json\/wp\/v2\/users\/1"}],"replies":[{"embeddable":true,"href":"https:\/\/losperiodistas.com.mx\/portal\/wp-json\/wp\/v2\/comments?post=60946"}],"version-history":[{"count":1,"href":"https:\/\/losperiodistas.com.mx\/portal\/wp-json\/wp\/v2\/posts\/60946\/revisions"}],"predecessor-version":[{"id":60948,"href":"https:\/\/losperiodistas.com.mx\/portal\/wp-json\/wp\/v2\/posts\/60946\/revisions\/60948"}],"wp:featuredmedia":[{"embeddable":true,"href":"https:\/\/losperiodistas.com.mx\/portal\/wp-json\/wp\/v2\/media\/60947"}],"wp:attachment":[{"href":"https:\/\/losperiodistas.com.mx\/portal\/wp-json\/wp\/v2\/media?parent=60946"}],"wp:term":[{"taxonomy":"category","embeddable":true,"href":"https:\/\/losperiodistas.com.mx\/portal\/wp-json\/wp\/v2\/categories?post=60946"},{"taxonomy":"post_tag","embeddable":true,"href":"https:\/\/losperiodistas.com.mx\/portal\/wp-json\/wp\/v2\/tags?post=60946"}],"curies":[{"name":"wp","href":"https:\/\/api.w.org\/{rel}","templated":true}]}}