{"id":60936,"date":"2023-10-15T21:14:35","date_gmt":"2023-10-16T02:14:35","guid":{"rendered":"http:\/\/losperiodistas.com.mx\/portal\/?p=60936"},"modified":"2023-10-16T04:20:47","modified_gmt":"2023-10-16T09:20:47","slug":"el-siete","status":"publish","type":"post","link":"https:\/\/losperiodistas.com.mx\/portal\/el-siete\/","title":{"rendered":"El Siete"},"content":{"rendered":"\n<p>#PorSoleares <em>El siete es un n\u00famero m\u00e1gico, y fue el elegido por Morena para despejar la inc\u00f3gnita de Puebla; Rodrigo y Nacho mismos \u00abpadrinos\u00bb<\/em><\/p>\n\n\n\n<figure class=\"wp-block-embed is-type-video is-provider-youtube wp-block-embed-youtube wp-embed-aspect-16-9 wp-has-aspect-ratio\"><div class=\"wp-block-embed__wrapper\">\n<iframe title=\"El Siete | octubre 15 2023\" width=\"500\" height=\"281\" src=\"https:\/\/www.youtube.com\/embed\/MiOEKgyD7Ak?feature=oembed\" frameborder=\"0\" allow=\"accelerometer; autoplay; clipboard-write; encrypted-media; gyroscope; picture-in-picture; web-share\" referrerpolicy=\"strict-origin-when-cross-origin\" allowfullscreen><\/iframe>\n<\/div><\/figure>\n\n\n\n<p class=\"has-vivid-red-color has-text-color\" style=\"font-size:26px\"><strong><em>Por Jes\u00fas Manuel Hern\u00e1ndez<\/em><\/strong><\/p>\n\n\n\n<p>Para una buena parte de los mortales <strong>el n\u00famero siete es m\u00e1gico<\/strong>, para Pit\u00e1goras era el n\u00famero perfecto, aparece en muchos escenarios, en la astrolog\u00eda, en la Biblia, en las supersticiones y por supuesto en la literatura.<\/p>\n\n\n\n<p>El instrumento sagrado de Apolo era la Lira, que ten\u00eda siete cuerdas, cada una era para dar el tono de los siete planetas; <strong>siete tambi\u00e9n son los colores del arco iris<\/strong>\u2026<\/p>\n\n\n\n<p>Dante Alighieri dividi\u00f3 en siete el purgatorio y el Canto S\u00e9ptimo, el del infierno, es el escenario donde son castigados los avaros y los iracundos.<\/p>\n\n\n\n<p>Y en Morena, el siete pareciera tambi\u00e9n ser el n\u00famero m\u00e1gico para buscar coordinador o coordinadora de la 4 T.<\/p>\n\n\n\n<p>No fueron 27, ni cuatro, ni ocho los elegidos para continuar el proceso de selecci\u00f3n para Puebla, simplemente se opt\u00f3 por el n\u00famero m\u00e1gico de \u201csiete\u201d.<\/p>\n\n\n\n<p>Y siete seguramente son <strong>los grupos de poder en juego, el establishment poblano pasa por siete c\u00edrculos<\/strong>, por siete poderes, como en la escena descrita por el fil\u00f3sofo y alquimista alem\u00e1n Corneli Agrippa, sobre <strong>los siete \u00e1ngeles que asisten a Dios<\/strong>.<\/p>\n\n\n\n<p>Mientras algunos promovieron la final en solo dos figuras, <strong><em>\u201ces un asunto de dos\u201d<\/em><\/strong> dec\u00edan, pero se les ha complicado con el arribo de cinco m\u00e1s, as\u00ed, la media podr\u00eda favorecer a un hombre, pues hay 3 mujeres y 4 hombres, y de esos hombres, uno fue el encargado de desbarrancar a otro, quien desde el senado apuntaba fuerte en popularidad; Julio y Alejandro podr\u00edan bloquearse el uno al otro o sumarse, como algunos lo esperan, para dar cumplimiento a esa vieja charla de Miguel Barbosa y el hoy senador en un aniversario del portal de noticias de Rodolfo Ruiz, corr\u00eda el a\u00f1o 2017.<\/p>\n\n\n\n<p>Frente a un grupo de reporteros, <strong>Barbosa y Armenta se dieron el uno al otro el apoyo<\/strong>, \u201csi va el senador me sumo\u201d, dijo Alejandro, \u201csi va Alejandro me sumo\u201d, dijo Barbosa.<\/p>\n\n\n\n<p>Y muchos nos quedamos con la idea de una alianza, un acuerdo en aquel momento, que quiz\u00e1 haya trascendido a la muerte del gobernador Barbosa, pero el resultado de la primera encuesta dej\u00f3 en claro que <strong>Julio ve por \u00e9l mismo y no por el senador<\/strong>.<\/p>\n\n\n\n<p>Y de los siete, quitando a los ya mencionados, quedan cinco, como los lobitos, dos hombres y tres mujeres. Pero de ellas, una, <strong>Lizeth, juega sola<\/strong>, con apoyo nacional del PT <strong>y un gui\u00f1o de Sheinbaum;<\/strong> la otra, <strong>Olivia<\/strong>, representante de la aristocracia pol\u00edtica y econ\u00f3mica de Puebla, tendr\u00e1 premio, como los dem\u00e1s; <strong>Claudia Rivera<\/strong>, la mejor posicionada en las esferas nacionales morenistas y feministas; y los dos hombres faltantes, <strong>Nacho y Rodrigo, con un com\u00fan denominador<\/strong>, a ambos los une Andres Manuel y Manuel Bartlett. Tan cerca han estado el uno como el otro de ambos personajes.<\/p>\n\n\n\n<p>Y si uno le da vueltas a esto, entender\u00e1 por qu\u00e9, para hacer cumplir la decisi\u00f3n y sentencia inicial, es que <strong>el 7 es el n\u00famero m\u00e1gico <\/strong>para asumirse como Coordinador, o coordinadora estatal de la Cuarta Transformaci\u00f3n, o por lo menos, as\u00ed me lo parece.<\/p>\n\n\n\n<p><a href=\"mailto:losperiodistas.com.mx@gmail.com\">losperiodistas.com.mx@gmail.com<\/a><\/p>\n","protected":false},"excerpt":{"rendered":"<p>#PorSoleares El siete es un n\u00famero m\u00e1gico, y fue el elegido por Morena para despejar la inc\u00f3gnita de Puebla; Rodrigo [&hellip;]<\/p>\n","protected":false},"author":1,"featured_media":60937,"comment_status":"open","ping_status":"open","sticky":false,"template":"","format":"standard","meta":{"site-sidebar-layout":"default","site-content-layout":"","ast-site-content-layout":"default","site-content-style":"default","site-sidebar-style":"default","ast-global-header-display":"","ast-banner-title-visibility":"","ast-main-header-display":"","ast-hfb-above-header-display":"","ast-hfb-below-header-display":"","ast-hfb-mobile-header-display":"","site-post-title":"","ast-breadcrumbs-content":"","ast-featured-img":"","footer-sml-layout":"","theme-transparent-header-meta":"","adv-header-id-meta":"","stick-header-meta":"","header-above-stick-meta":"","header-main-stick-meta":"","header-below-stick-meta":"","astra-migrate-meta-layouts":"default","ast-page-background-enabled":"default","ast-page-background-meta":{"desktop":{"background-color":"var(--ast-global-color-4)","background-image":"","background-repeat":"repeat","background-position":"center center","background-size":"auto","background-attachment":"scroll","background-type":"","background-media":"","overlay-type":"","overlay-color":"","overlay-opacity":"","overlay-gradient":""},"tablet":{"background-color":"","background-image":"","background-repeat":"repeat","background-position":"center center","background-size":"auto","background-attachment":"scroll","background-type":"","background-media":"","overlay-type":"","overlay-color":"","overlay-opacity":"","overlay-gradient":""},"mobile":{"background-color":"","background-image":"","background-repeat":"repeat","background-position":"center center","background-size":"auto","background-attachment":"scroll","background-type":"","background-media":"","overlay-type":"","overlay-color":"","overlay-opacity":"","overlay-gradient":""}},"ast-content-background-meta":{"desktop":{"background-color":"var(--ast-global-color-5)","background-image":"","background-repeat":"repeat","background-position":"center center","background-size":"auto","background-attachment":"scroll","background-type":"","background-media":"","overlay-type":"","overlay-color":"","overlay-opacity":"","overlay-gradient":""},"tablet":{"background-color":"var(--ast-global-color-5)","background-image":"","background-repeat":"repeat","background-position":"center center","background-size":"auto","background-attachment":"scroll","background-type":"","background-media":"","overlay-type":"","overlay-color":"","overlay-opacity":"","overlay-gradient":""},"mobile":{"background-color":"var(--ast-global-color-5)","background-image":"","background-repeat":"repeat","background-position":"center center","background-size":"auto","background-attachment":"scroll","background-type":"","background-media":"","overlay-type":"","overlay-color":"","overlay-opacity":"","overlay-gradient":""}},"footnotes":""},"categories":[8,5],"tags":[19592,274,10764,9709],"class_list":["post-60936","post","type-post","status-publish","format-standard","has-post-thumbnail","hentry","category-noticias","category-por-soleares","tag-amo","tag-manuel-bartlett","tag-morena-2024","tag-puebla-2024"],"_links":{"self":[{"href":"https:\/\/losperiodistas.com.mx\/portal\/wp-json\/wp\/v2\/posts\/60936","targetHints":{"allow":["GET"]}}],"collection":[{"href":"https:\/\/losperiodistas.com.mx\/portal\/wp-json\/wp\/v2\/posts"}],"about":[{"href":"https:\/\/losperiodistas.com.mx\/portal\/wp-json\/wp\/v2\/types\/post"}],"author":[{"embeddable":true,"href":"https:\/\/losperiodistas.com.mx\/portal\/wp-json\/wp\/v2\/users\/1"}],"replies":[{"embeddable":true,"href":"https:\/\/losperiodistas.com.mx\/portal\/wp-json\/wp\/v2\/comments?post=60936"}],"version-history":[{"count":2,"href":"https:\/\/losperiodistas.com.mx\/portal\/wp-json\/wp\/v2\/posts\/60936\/revisions"}],"predecessor-version":[{"id":60945,"href":"https:\/\/losperiodistas.com.mx\/portal\/wp-json\/wp\/v2\/posts\/60936\/revisions\/60945"}],"wp:featuredmedia":[{"embeddable":true,"href":"https:\/\/losperiodistas.com.mx\/portal\/wp-json\/wp\/v2\/media\/60937"}],"wp:attachment":[{"href":"https:\/\/losperiodistas.com.mx\/portal\/wp-json\/wp\/v2\/media?parent=60936"}],"wp:term":[{"taxonomy":"category","embeddable":true,"href":"https:\/\/losperiodistas.com.mx\/portal\/wp-json\/wp\/v2\/categories?post=60936"},{"taxonomy":"post_tag","embeddable":true,"href":"https:\/\/losperiodistas.com.mx\/portal\/wp-json\/wp\/v2\/tags?post=60936"}],"curies":[{"name":"wp","href":"https:\/\/api.w.org\/{rel}","templated":true}]}}