{"id":60931,"date":"2023-10-15T20:50:28","date_gmt":"2023-10-16T01:50:28","guid":{"rendered":"http:\/\/losperiodistas.com.mx\/portal\/?p=60931"},"modified":"2023-10-15T20:50:30","modified_gmt":"2023-10-16T01:50:30","slug":"somos-un-proyecto-donde-todas-y-todos-participan-rodrigoabdala","status":"publish","type":"post","link":"https:\/\/losperiodistas.com.mx\/portal\/somos-un-proyecto-donde-todas-y-todos-participan-rodrigoabdala\/","title":{"rendered":"Somos un proyecto donde todas y todos participan: #RodrigoAbdala"},"content":{"rendered":"\n<ul class=\"has-medium-font-size wp-block-list\"><li><em>\u201cVolvimos a nuestro origen junto con la gente\u201d.<\/em><\/li><\/ul>\n\n\n\n<figure class=\"wp-block-image size-large is-style-default\"><img fetchpriority=\"high\" decoding=\"async\" width=\"1024\" height=\"681\" src=\"https:\/\/losperiodistas.com.mx\/portal\/wp-content\/uploads\/2023\/10\/imagen-2-boleti\u0301n-016-1024x681.jpeg\" alt=\"\" class=\"wp-image-60934\" srcset=\"https:\/\/losperiodistas.com.mx\/portal\/wp-content\/uploads\/2023\/10\/imagen-2-boleti\u0301n-016-1024x681.jpeg 1024w, https:\/\/losperiodistas.com.mx\/portal\/wp-content\/uploads\/2023\/10\/imagen-2-boleti\u0301n-016-300x200.jpeg 300w, https:\/\/losperiodistas.com.mx\/portal\/wp-content\/uploads\/2023\/10\/imagen-2-boleti\u0301n-016-768x511.jpeg 768w, https:\/\/losperiodistas.com.mx\/portal\/wp-content\/uploads\/2023\/10\/imagen-2-boleti\u0301n-016-1536x1021.jpeg 1536w, https:\/\/losperiodistas.com.mx\/portal\/wp-content\/uploads\/2023\/10\/imagen-2-boleti\u0301n-016.jpeg 1600w\" sizes=\"(max-width: 1024px) 100vw, 1024px\" \/><figcaption>Cortes\u00eda<\/figcaption><\/figure>\n\n\n\n<p class=\"has-vivid-red-color has-text-color has-medium-font-size\"><strong>COMUNICADO<\/strong><\/p>\n\n\n\n<p>De gira este fin de semana por los municipios de San Salvador El Seco, Chalchicomula de Sesma y Canoa, Rodrigo Abdala -en medio de porras y j\u00fabilo- contin\u00faa con el acercamiento directo en las comunidades, cosechando el apoyo de j\u00f3venes, adultos y personas de la tercera edad con quienes particip\u00f3 en la fundaci\u00f3n de Morena y ahora como aspirante a la defensa de la cuarta transformaci\u00f3n en el estado de Puebla. \u201cEstoy muy contento de volver a nuestro origen porque iniciamos as\u00ed, entregando informaci\u00f3n, en contacto directo con la gente, organizando a la ciudadan\u00eda, pero lo m\u00e1s importante es recobrar el esp\u00edritu que nos permiti\u00f3 ganar las elecciones en 2018 y 2021 y que para 2024 buscamos ratificar\u201d as\u00ed lo dijo el fundador de Morena; adem\u00e1s precis\u00f3 que busca consolidar una organizaci\u00f3n social que ya est\u00e1 formada y que influir\u00e1 en las decisiones que se toman desde el poder p\u00fablico.<\/p>\n\n\n\n<p>\u201cPara nosotros es muy importante el contacto permanente con la gente porque este es un proyecto ciudadano donde todos estamos identificados con la transformaci\u00f3n de Puebla y de M\u00e9xico es por ello -se\u00f1al\u00f3 Abdala Dart\u00edgues- que consideramos que las redes sociales son un buen conducto para recibir sus mensajes, sus ideas, sugerencias y todas sus propuestas; estamos decididos a incluirlas para construir en unidad; aqu\u00ed, en este proyecto, cabemos todos\u201d. Finaliz\u00f3.<\/p>\n","protected":false},"excerpt":{"rendered":"<p>\u201cVolvimos a nuestro origen junto con la gente\u201d. COMUNICADO De gira este fin de semana por los municipios de San [&hellip;]<\/p>\n","protected":false},"author":1,"featured_media":60934,"comment_status":"open","ping_status":"open","sticky":false,"template":"","format":"standard","meta":{"site-sidebar-layout":"default","site-content-layout":"","ast-site-content-layout":"default","site-content-style":"default","site-sidebar-style":"default","ast-global-header-display":"","ast-banner-title-visibility":"","ast-main-header-display":"","ast-hfb-above-header-display":"","ast-hfb-below-header-display":"","ast-hfb-mobile-header-display":"","site-post-title":"","ast-breadcrumbs-content":"","ast-featured-img":"","footer-sml-layout":"","theme-transparent-header-meta":"","adv-header-id-meta":"","stick-header-meta":"","header-above-stick-meta":"","header-main-stick-meta":"","header-below-stick-meta":"","astra-migrate-meta-layouts":"default","ast-page-background-enabled":"default","ast-page-background-meta":{"desktop":{"background-color":"var(--ast-global-color-4)","background-image":"","background-repeat":"repeat","background-position":"center center","background-size":"auto","background-attachment":"scroll","background-type":"","background-media":"","overlay-type":"","overlay-color":"","overlay-opacity":"","overlay-gradient":""},"tablet":{"background-color":"","background-image":"","background-repeat":"repeat","background-position":"center center","background-size":"auto","background-attachment":"scroll","background-type":"","background-media":"","overlay-type":"","overlay-color":"","overlay-opacity":"","overlay-gradient":""},"mobile":{"background-color":"","background-image":"","background-repeat":"repeat","background-position":"center center","background-size":"auto","background-attachment":"scroll","background-type":"","background-media":"","overlay-type":"","overlay-color":"","overlay-opacity":"","overlay-gradient":""}},"ast-content-background-meta":{"desktop":{"background-color":"var(--ast-global-color-5)","background-image":"","background-repeat":"repeat","background-position":"center center","background-size":"auto","background-attachment":"scroll","background-type":"","background-media":"","overlay-type":"","overlay-color":"","overlay-opacity":"","overlay-gradient":""},"tablet":{"background-color":"var(--ast-global-color-5)","background-image":"","background-repeat":"repeat","background-position":"center center","background-size":"auto","background-attachment":"scroll","background-type":"","background-media":"","overlay-type":"","overlay-color":"","overlay-opacity":"","overlay-gradient":""},"mobile":{"background-color":"var(--ast-global-color-5)","background-image":"","background-repeat":"repeat","background-position":"center center","background-size":"auto","background-attachment":"scroll","background-type":"","background-media":"","overlay-type":"","overlay-color":"","overlay-opacity":"","overlay-gradient":""}},"footnotes":""},"categories":[8],"tags":[15580,5486,725],"class_list":["post-60931","post","type-post","status-publish","format-standard","has-post-thumbnail","hentry","category-noticias","tag-rodrigoabdala","tag-elecciones-2024","tag-morena-puebla"],"_links":{"self":[{"href":"https:\/\/losperiodistas.com.mx\/portal\/wp-json\/wp\/v2\/posts\/60931","targetHints":{"allow":["GET"]}}],"collection":[{"href":"https:\/\/losperiodistas.com.mx\/portal\/wp-json\/wp\/v2\/posts"}],"about":[{"href":"https:\/\/losperiodistas.com.mx\/portal\/wp-json\/wp\/v2\/types\/post"}],"author":[{"embeddable":true,"href":"https:\/\/losperiodistas.com.mx\/portal\/wp-json\/wp\/v2\/users\/1"}],"replies":[{"embeddable":true,"href":"https:\/\/losperiodistas.com.mx\/portal\/wp-json\/wp\/v2\/comments?post=60931"}],"version-history":[{"count":1,"href":"https:\/\/losperiodistas.com.mx\/portal\/wp-json\/wp\/v2\/posts\/60931\/revisions"}],"predecessor-version":[{"id":60935,"href":"https:\/\/losperiodistas.com.mx\/portal\/wp-json\/wp\/v2\/posts\/60931\/revisions\/60935"}],"wp:featuredmedia":[{"embeddable":true,"href":"https:\/\/losperiodistas.com.mx\/portal\/wp-json\/wp\/v2\/media\/60934"}],"wp:attachment":[{"href":"https:\/\/losperiodistas.com.mx\/portal\/wp-json\/wp\/v2\/media?parent=60931"}],"wp:term":[{"taxonomy":"category","embeddable":true,"href":"https:\/\/losperiodistas.com.mx\/portal\/wp-json\/wp\/v2\/categories?post=60931"},{"taxonomy":"post_tag","embeddable":true,"href":"https:\/\/losperiodistas.com.mx\/portal\/wp-json\/wp\/v2\/tags?post=60931"}],"curies":[{"name":"wp","href":"https:\/\/api.w.org\/{rel}","templated":true}]}}