{"id":60925,"date":"2023-10-15T20:14:42","date_gmt":"2023-10-16T01:14:42","guid":{"rendered":"http:\/\/losperiodistas.com.mx\/portal\/?p=60925"},"modified":"2023-10-15T20:14:44","modified_gmt":"2023-10-16T01:14:44","slug":"rechaza-pan-ceder-la-candidatura-a-la-alcaldia-de-puebla-a-sus-aliados-ljo","status":"publish","type":"post","link":"https:\/\/losperiodistas.com.mx\/portal\/rechaza-pan-ceder-la-candidatura-a-la-alcaldia-de-puebla-a-sus-aliados-ljo\/","title":{"rendered":"Rechaza PAN ceder la candidatura a la alcald\u00eda de Puebla a sus aliados | LJO"},"content":{"rendered":"\n<figure class=\"wp-block-image size-large is-style-default\"><img fetchpriority=\"high\" decoding=\"async\" width=\"1024\" height=\"764\" src=\"https:\/\/losperiodistas.com.mx\/portal\/wp-content\/uploads\/2023\/10\/Captura-de-Pantalla-2023-10-15-a-las-19.11.18-1024x764.jpg\" alt=\"\" class=\"wp-image-60926\" srcset=\"https:\/\/losperiodistas.com.mx\/portal\/wp-content\/uploads\/2023\/10\/Captura-de-Pantalla-2023-10-15-a-las-19.11.18-1024x764.jpg 1024w, https:\/\/losperiodistas.com.mx\/portal\/wp-content\/uploads\/2023\/10\/Captura-de-Pantalla-2023-10-15-a-las-19.11.18-300x224.jpg 300w, https:\/\/losperiodistas.com.mx\/portal\/wp-content\/uploads\/2023\/10\/Captura-de-Pantalla-2023-10-15-a-las-19.11.18-768x573.jpg 768w, https:\/\/losperiodistas.com.mx\/portal\/wp-content\/uploads\/2023\/10\/Captura-de-Pantalla-2023-10-15-a-las-19.11.18.jpg 1458w\" sizes=\"(max-width: 1024px) 100vw, 1024px\" \/><\/figure>\n\n\n\n<p><\/p>\n\n\n\n<p><\/p>\n\n\n\n<p class=\"has-vivid-red-color has-text-color has-medium-font-size\"><strong>M\u00d3NICA CAMACHO \/ LA JORNADA DE ORIENTE<\/strong><\/p>\n\n\n\n<p>El presidente nacional del P<strong>AN, Marko Cort\u00e9s Mendoza, aclar\u00f3 que no ceder\u00e1 la candidatura a la alcald\u00eda de Puebla,<\/strong>&nbsp;en las negociaciones de la coalici\u00f3n que formar\u00e1 con el PRI y el PRD para la elecci\u00f3n de 2024, por lo que ser\u00e1 ocupada por un integrante<a href=\"https:\/\/x.com\/MarkoCortes?s=20\">&nbsp;de Acci\u00f3n Nacional.<\/a><\/p>\n\n\n\n<p><strong>\u201cLo que cada partido tiene, cada partido lo va conservando (\u2026) por lo que yo veo que Acci\u00f3n Nacional seguir\u00e1 conservando la capital de Puebla\u201d,<\/strong>&nbsp;destac\u00f3 en entrevista Cort\u00e9s, tras asistir al informe del alcalde albiazul de esta ciudad,&nbsp;<a href=\"https:\/\/www.lajornadadeoriente.com.mx\/puebla\/estoy-listo-para-jugarmela-eduardo-rivera\/\">Eduardo Rivera P\u00e9rez.&nbsp;<\/a><\/p>\n\n\n\n<p>Dijo que el PAN est\u00e1 dispuesto a \u201cintegrar\u201d y \u201cconstruir\u201d con el Revolucionario Institucional y con Revoluci\u00f3n Democr\u00e1tica, en los lugares donde Acci\u00f3n Nacional no gobierna.<\/p>\n\n\n\n<p>Fuente: <a href=\"https:\/\/www.lajornadadeoriente.com.mx\/puebla\/rechaza-pan-ceder-la-candidatura-a-la-alcaldia-de-puebla-a-sus-aliados\/\">https:\/\/www.lajornadadeoriente.com.mx\/puebla\/rechaza-pan-ceder-la-candidatura-a-la-alcaldia-de-puebla-a-sus-aliados\/<\/a><\/p>\n","protected":false},"excerpt":{"rendered":"<p>M\u00d3NICA CAMACHO \/ LA JORNADA DE ORIENTE El presidente nacional del PAN, Marko Cort\u00e9s Mendoza, aclar\u00f3 que no ceder\u00e1 la [&hellip;]<\/p>\n","protected":false},"author":1,"featured_media":60926,"comment_status":"open","ping_status":"open","sticky":false,"template":"","format":"standard","meta":{"site-sidebar-layout":"default","site-content-layout":"","ast-site-content-layout":"default","site-content-style":"default","site-sidebar-style":"default","ast-global-header-display":"","ast-banner-title-visibility":"","ast-main-header-display":"","ast-hfb-above-header-display":"","ast-hfb-below-header-display":"","ast-hfb-mobile-header-display":"","site-post-title":"","ast-breadcrumbs-content":"","ast-featured-img":"","footer-sml-layout":"","theme-transparent-header-meta":"","adv-header-id-meta":"","stick-header-meta":"","header-above-stick-meta":"","header-main-stick-meta":"","header-below-stick-meta":"","astra-migrate-meta-layouts":"default","ast-page-background-enabled":"default","ast-page-background-meta":{"desktop":{"background-color":"var(--ast-global-color-4)","background-image":"","background-repeat":"repeat","background-position":"center center","background-size":"auto","background-attachment":"scroll","background-type":"","background-media":"","overlay-type":"","overlay-color":"","overlay-opacity":"","overlay-gradient":""},"tablet":{"background-color":"","background-image":"","background-repeat":"repeat","background-position":"center center","background-size":"auto","background-attachment":"scroll","background-type":"","background-media":"","overlay-type":"","overlay-color":"","overlay-opacity":"","overlay-gradient":""},"mobile":{"background-color":"","background-image":"","background-repeat":"repeat","background-position":"center center","background-size":"auto","background-attachment":"scroll","background-type":"","background-media":"","overlay-type":"","overlay-color":"","overlay-opacity":"","overlay-gradient":""}},"ast-content-background-meta":{"desktop":{"background-color":"var(--ast-global-color-5)","background-image":"","background-repeat":"repeat","background-position":"center center","background-size":"auto","background-attachment":"scroll","background-type":"","background-media":"","overlay-type":"","overlay-color":"","overlay-opacity":"","overlay-gradient":""},"tablet":{"background-color":"var(--ast-global-color-5)","background-image":"","background-repeat":"repeat","background-position":"center center","background-size":"auto","background-attachment":"scroll","background-type":"","background-media":"","overlay-type":"","overlay-color":"","overlay-opacity":"","overlay-gradient":""},"mobile":{"background-color":"var(--ast-global-color-5)","background-image":"","background-repeat":"repeat","background-position":"center center","background-size":"auto","background-attachment":"scroll","background-type":"","background-media":"","overlay-type":"","overlay-color":"","overlay-opacity":"","overlay-gradient":""}},"footnotes":""},"categories":[8],"tags":[2089,248,19591],"class_list":["post-60925","post","type-post","status-publish","format-standard","has-post-thumbnail","hentry","category-noticias","tag-marko-cortes","tag-pan","tag-puebla-caital"],"_links":{"self":[{"href":"https:\/\/losperiodistas.com.mx\/portal\/wp-json\/wp\/v2\/posts\/60925","targetHints":{"allow":["GET"]}}],"collection":[{"href":"https:\/\/losperiodistas.com.mx\/portal\/wp-json\/wp\/v2\/posts"}],"about":[{"href":"https:\/\/losperiodistas.com.mx\/portal\/wp-json\/wp\/v2\/types\/post"}],"author":[{"embeddable":true,"href":"https:\/\/losperiodistas.com.mx\/portal\/wp-json\/wp\/v2\/users\/1"}],"replies":[{"embeddable":true,"href":"https:\/\/losperiodistas.com.mx\/portal\/wp-json\/wp\/v2\/comments?post=60925"}],"version-history":[{"count":1,"href":"https:\/\/losperiodistas.com.mx\/portal\/wp-json\/wp\/v2\/posts\/60925\/revisions"}],"predecessor-version":[{"id":60927,"href":"https:\/\/losperiodistas.com.mx\/portal\/wp-json\/wp\/v2\/posts\/60925\/revisions\/60927"}],"wp:featuredmedia":[{"embeddable":true,"href":"https:\/\/losperiodistas.com.mx\/portal\/wp-json\/wp\/v2\/media\/60926"}],"wp:attachment":[{"href":"https:\/\/losperiodistas.com.mx\/portal\/wp-json\/wp\/v2\/media?parent=60925"}],"wp:term":[{"taxonomy":"category","embeddable":true,"href":"https:\/\/losperiodistas.com.mx\/portal\/wp-json\/wp\/v2\/categories?post=60925"},{"taxonomy":"post_tag","embeddable":true,"href":"https:\/\/losperiodistas.com.mx\/portal\/wp-json\/wp\/v2\/tags?post=60925"}],"curies":[{"name":"wp","href":"https:\/\/api.w.org\/{rel}","templated":true}]}}