{"id":60922,"date":"2023-10-15T20:05:19","date_gmt":"2023-10-16T01:05:19","guid":{"rendered":"http:\/\/losperiodistas.com.mx\/portal\/?p=60922"},"modified":"2023-10-15T20:05:21","modified_gmt":"2023-10-16T01:05:21","slug":"lalo-rivera-se-destapa-si-ustedes-quieren-que-me-la-juegue-estoy-listo-e-consulta","status":"publish","type":"post","link":"https:\/\/losperiodistas.com.mx\/portal\/lalo-rivera-se-destapa-si-ustedes-quieren-que-me-la-juegue-estoy-listo-e-consulta\/","title":{"rendered":"Lalo Rivera se destapa: \u201csi ustedes quieren que me la juegue, estoy listo\u201d | e-consulta"},"content":{"rendered":"\n<p class=\"has-medium-font-size\">La virtual candidata a la presidencia de la Rep\u00fablica, X\u00f3chitl G\u00e1lvez, acompa\u00f1\u00f3 al presidente municipal de la capital poblana en su Segundo Informe de Gobierno<\/p>\n\n\n\n<figure class=\"wp-block-image size-full is-style-default\"><img fetchpriority=\"high\" decoding=\"async\" width=\"640\" height=\"426\" src=\"https:\/\/losperiodistas.com.mx\/portal\/wp-content\/uploads\/2023\/10\/lalo_rivera_se_destapa_si_ustedes_quieren_que_me_la_juegue_estoy_listo.jpg\" alt=\"\" class=\"wp-image-60923\" srcset=\"https:\/\/losperiodistas.com.mx\/portal\/wp-content\/uploads\/2023\/10\/lalo_rivera_se_destapa_si_ustedes_quieren_que_me_la_juegue_estoy_listo.jpg 640w, https:\/\/losperiodistas.com.mx\/portal\/wp-content\/uploads\/2023\/10\/lalo_rivera_se_destapa_si_ustedes_quieren_que_me_la_juegue_estoy_listo-300x200.jpg 300w\" sizes=\"(max-width: 640px) 100vw, 640px\" \/><figcaption>Foto: Agencia Enfoque<br><br><a href=\"https:\/\/www.facebook.com\/sharer\/sharer.php?u=https:\/\/www.e-consulta.com\/nota\/2023-10-15\/elecciones\/lalo-rivera-se-destapa-si-ustedes-quieren-que-me-la-juegue-estoy-listo\" target=\"_blank\" rel=\"noreferrer noopener\"><\/a><a href=\"https:\/\/twitter.com\/intent\/tweet?text=Lalo%20Rivera%20se%20destapa%3A%20%E2%80%9Csi%20ustedes%20quieren%20que%20me%20la%20juegue%2C%20estoy%20listo%E2%80%9D&amp;url=https:\/\/www.e-consulta.com\/nota\/2023-10-15\/elecciones\/lalo-rivera-se-destapa-si-ustedes-quieren-que-me-la-juegue-estoy-listo&amp;via=e_consulta\" target=\"_blank\" rel=\"noreferrer noopener\"><\/a><a href=\"whatsapp:\/\/send?text=Lalo%20Rivera%20se%20destapa%3A%20%E2%80%9Csi%20ustedes%20quieren%20que%20me%20la%20juegue%2C%20estoy%20listo%E2%80%9D%20-%20[Leer]%20https:\/\/www.e-consulta.com\/nota\/2023-10-15\/elecciones\/lalo-rivera-se-destapa-si-ustedes-quieren-que-me-la-juegue-estoy-listo\"><\/a><a href=\"\/\/www.e-consulta.com\/nota\/2023-10-15\/elecciones\/lalo-rivera-se-destapa-si-ustedes-quieren-que-me-la-juegue-estoy-listo\" target=\"_blank\" rel=\"noreferrer noopener\"><\/a><\/figcaption><\/figure>\n\n\n\n<p class=\"has-vivid-red-color has-text-color has-medium-font-size\"><strong>NANCY CAMACHO \/ E-CONSULTA<\/strong><\/p>\n\n\n\n<p>El panista&nbsp;<strong>Eduardo Rivera P\u00e9rez<\/strong>&nbsp;se destap\u00f3 para la&nbsp;<strong>gubernatura de Puebla<\/strong>&nbsp;para la elecci\u00f3n de 2024 y asegur\u00f3 que&nbsp;<strong>est\u00e1 listo<\/strong>&nbsp;para dar batalla a sus adversarios.<\/p>\n\n\n\n<p>\u201cSi ustedes quieren que me la juegue&nbsp;<strong>por una mejor Puebla<\/strong>&nbsp;y si ustedes quieren que me la juegue&nbsp;<strong>por un mejor M\u00e9xico,<\/strong>&nbsp;saben que cuentan conmigo,&nbsp;<strong>vamos juntos: \u00a1estoy listo amigas y amigos<\/strong>! \u00a1Estoy listo Puebla!\u201d, expres\u00f3 este domingo 15 de octubre&nbsp;<strong>tras rendir su segundo informe de gobierno<\/strong>&nbsp;con 10 mil personas en el auditorio GNP.<\/p>\n\n\n\n<p>Con un auditorio lleno y con la presencia de&nbsp;<strong>X\u00f3chitl G\u00e1lvez<\/strong>, virtual candidata del Frente Amplio a la presidencia,&nbsp;<strong>Marko Cort\u00e9s<\/strong>, Dirigente del PAN;&nbsp;<strong>Margarita Zavala,<\/strong>&nbsp;exprimera Dama; diputados federales como Blanca Alcal\u00e1, Ana Tere Aranda, Genoveva Huerta, Mario Riestra, la Senadora Nadia Navarro, rectores de universidad y ciudadanos, el presidente municipal&nbsp;<strong>mostr\u00f3 su inter\u00e9s por gobernar<\/strong>&nbsp;la entidad poblana.<\/p>\n\n\n\n<p>Te puede interesar:<\/p>\n\n\n\n<p><a href=\"https:\/\/www.e-consulta.com\/nota\/2023-10-15\/ciudad\/eduardo-rivera-espiritu-de-mi-gobierno-mejorar-la-vida-de-las-personas\">Eduardo Rivera: \u201cEsp\u00edritu de mi gobierno, mejorar la vida de las personas\u201d<\/a><\/p>\n\n\n\n<figure class=\"wp-block-embed is-type-rich is-provider-twitter wp-block-embed-twitter\"><div class=\"wp-block-embed__wrapper\">\n<blockquote class=\"twitter-tweet\" data-width=\"500\" data-dnt=\"true\"><p lang=\"es\" dir=\"ltr\">No tengo duda que el mejor perfil para ir a ganar y bien gobernar el estado es Eduardo Rivera, dijo Marko Cort\u00e9s, dirigente del PAN.<a href=\"https:\/\/t.co\/XtqqwXcvle\">https:\/\/t.co\/XtqqwXcvle<\/a> <a href=\"https:\/\/t.co\/C1J33x52FW\">pic.twitter.com\/C1J33x52FW<\/a><\/p>&mdash; Peri\u00f3dico e-consulta (@e_consulta) <a href=\"https:\/\/twitter.com\/e_consulta\/status\/1713650035383234692?ref_src=twsrc%5Etfw\">October 15, 2023<\/a><\/blockquote><script async src=\"https:\/\/platform.twitter.com\/widgets.js\" charset=\"utf-8\"><\/script>\n<\/div><\/figure>\n\n\n\n<p><\/p>\n\n\n\n<p>Record\u00f3 que&nbsp;<strong>hace 3 a\u00f1os lo \u201cdaban por muerto\u201d<\/strong>&nbsp;pol\u00edticamente, porque en las encuestas lo pon\u00edan&nbsp;<strong>15 puntos abajo<\/strong>, sin embargo, se levant\u00f3 y&nbsp;<strong>le gan\u00f3 a Morena por 20 puntos<\/strong>&nbsp;en la elecci\u00f3n del 2021.<\/p>\n\n\n\n<p>\u201cDespu\u00e9s de&nbsp;<strong>m\u00e1s de dos a\u00f1os de arduo trabajo<\/strong>&nbsp;y de lograr corregir el rumbo de Puebla&nbsp;<strong>estamos aqu\u00ed fuertes<\/strong>, con el compromiso de seguir trabajando porque sabemos que falta mucho por hacer\u201d, dijo.<\/p>\n\n\n\n<p>Rivera P\u00e9rez,&nbsp;<strong>asegur\u00f3 que su coraz\u00f3n, mente y alma&nbsp;<\/strong>le dicen que tiene que \u201cir para adelante\u201d, tomar la trinchera, participar y&nbsp;<strong>jug\u00e1rsela para las elecciones<\/strong>&nbsp;de 2024.<\/p>\n\n\n\n<p>El alcalde capitalino\u00a0<strong>se\u00f1al\u00f3 que se debe construir una mejor Puebla<\/strong>, el cual se puede hacer en coordinaci\u00f3n con la sociedad, con su talento, logros y capacidad como pol\u00edtico.<\/p>\n\n\n\n<figure class=\"wp-block-embed is-type-rich is-provider-twitter wp-block-embed-twitter\"><div class=\"wp-block-embed__wrapper\">\n<blockquote class=\"twitter-tweet\" data-width=\"500\" data-dnt=\"true\"><p lang=\"es\" dir=\"ltr\">&quot;Y si ustedes quieren que me juegue por una mejor Puebla, estoy listo&quot; dice el alcalde capitalino Eduardo Rivera rumbo al 2024.<br><br>e-consulta.con <a href=\"https:\/\/t.co\/2hsnh55xs5\">pic.twitter.com\/2hsnh55xs5<\/a><\/p>&mdash; Peri\u00f3dico e-consulta (@e_consulta) <a href=\"https:\/\/twitter.com\/e_consulta\/status\/1713635135713689788?ref_src=twsrc%5Etfw\">October 15, 2023<\/a><\/blockquote><script async src=\"https:\/\/platform.twitter.com\/widgets.js\" charset=\"utf-8\"><\/script>\n<\/div><\/figure>\n\n\n\n<p>\u201cLes digo que no es el momento de dudas,\u00a0<strong>no es el momento de miedos<\/strong>, es el momento de certezas, es el momento de la valent\u00eda (\u2026) Estoy seguro que lo vamos a lograr, porque\u00a0<strong>van a temblar nuestros adversarios<\/strong>\u00a0con esta fuerza y con esta pasi\u00f3n, porque vamos a vencer, porque\u00a0<strong>vienen mejores tiempos para Puebla<\/strong>, porque vienen mejores tiempos para M\u00e9xico\u201d, finaliz\u00f3. (CR)<\/p>\n\n\n\n<p>Fuente: <a href=\"https:\/\/www.e-consulta.com\/nota\/2023-10-15\/elecciones\/lalo-rivera-se-destapa-si-ustedes-quieren-que-me-la-juegue-estoy-listo\">https:\/\/www.e-consulta.com\/nota\/2023-10-15\/elecciones\/lalo-rivera-se-destapa-si-ustedes-quieren-que-me-la-juegue-estoy-listo<\/a><\/p>\n","protected":false},"excerpt":{"rendered":"<p>La virtual candidata a la presidencia de la Rep\u00fablica, X\u00f3chitl G\u00e1lvez, acompa\u00f1\u00f3 al presidente municipal de la capital poblana en [&hellip;]<\/p>\n","protected":false},"author":1,"featured_media":60923,"comment_status":"open","ping_status":"open","sticky":false,"template":"","format":"standard","meta":{"site-sidebar-layout":"default","site-content-layout":"","ast-site-content-layout":"default","site-content-style":"default","site-sidebar-style":"default","ast-global-header-display":"","ast-banner-title-visibility":"","ast-main-header-display":"","ast-hfb-above-header-display":"","ast-hfb-below-header-display":"","ast-hfb-mobile-header-display":"","site-post-title":"","ast-breadcrumbs-content":"","ast-featured-img":"","footer-sml-layout":"","theme-transparent-header-meta":"","adv-header-id-meta":"","stick-header-meta":"","header-above-stick-meta":"","header-main-stick-meta":"","header-below-stick-meta":"","astra-migrate-meta-layouts":"default","ast-page-background-enabled":"default","ast-page-background-meta":{"desktop":{"background-color":"var(--ast-global-color-4)","background-image":"","background-repeat":"repeat","background-position":"center center","background-size":"auto","background-attachment":"scroll","background-type":"","background-media":"","overlay-type":"","overlay-color":"","overlay-opacity":"","overlay-gradient":""},"tablet":{"background-color":"","background-image":"","background-repeat":"repeat","background-position":"center center","background-size":"auto","background-attachment":"scroll","background-type":"","background-media":"","overlay-type":"","overlay-color":"","overlay-opacity":"","overlay-gradient":""},"mobile":{"background-color":"","background-image":"","background-repeat":"repeat","background-position":"center center","background-size":"auto","background-attachment":"scroll","background-type":"","background-media":"","overlay-type":"","overlay-color":"","overlay-opacity":"","overlay-gradient":""}},"ast-content-background-meta":{"desktop":{"background-color":"var(--ast-global-color-5)","background-image":"","background-repeat":"repeat","background-position":"center center","background-size":"auto","background-attachment":"scroll","background-type":"","background-media":"","overlay-type":"","overlay-color":"","overlay-opacity":"","overlay-gradient":""},"tablet":{"background-color":"var(--ast-global-color-5)","background-image":"","background-repeat":"repeat","background-position":"center center","background-size":"auto","background-attachment":"scroll","background-type":"","background-media":"","overlay-type":"","overlay-color":"","overlay-opacity":"","overlay-gradient":""},"mobile":{"background-color":"var(--ast-global-color-5)","background-image":"","background-repeat":"repeat","background-position":"center center","background-size":"auto","background-attachment":"scroll","background-type":"","background-media":"","overlay-type":"","overlay-color":"","overlay-opacity":"","overlay-gradient":""}},"footnotes":""},"categories":[8],"tags":[1286,17389,248,9709],"class_list":["post-60922","post","type-post","status-publish","format-standard","has-post-thumbnail","hentry","category-noticias","tag-eduardo-rivera","tag-frente-amplio-por-puebla","tag-pan","tag-puebla-2024"],"_links":{"self":[{"href":"https:\/\/losperiodistas.com.mx\/portal\/wp-json\/wp\/v2\/posts\/60922","targetHints":{"allow":["GET"]}}],"collection":[{"href":"https:\/\/losperiodistas.com.mx\/portal\/wp-json\/wp\/v2\/posts"}],"about":[{"href":"https:\/\/losperiodistas.com.mx\/portal\/wp-json\/wp\/v2\/types\/post"}],"author":[{"embeddable":true,"href":"https:\/\/losperiodistas.com.mx\/portal\/wp-json\/wp\/v2\/users\/1"}],"replies":[{"embeddable":true,"href":"https:\/\/losperiodistas.com.mx\/portal\/wp-json\/wp\/v2\/comments?post=60922"}],"version-history":[{"count":1,"href":"https:\/\/losperiodistas.com.mx\/portal\/wp-json\/wp\/v2\/posts\/60922\/revisions"}],"predecessor-version":[{"id":60924,"href":"https:\/\/losperiodistas.com.mx\/portal\/wp-json\/wp\/v2\/posts\/60922\/revisions\/60924"}],"wp:featuredmedia":[{"embeddable":true,"href":"https:\/\/losperiodistas.com.mx\/portal\/wp-json\/wp\/v2\/media\/60923"}],"wp:attachment":[{"href":"https:\/\/losperiodistas.com.mx\/portal\/wp-json\/wp\/v2\/media?parent=60922"}],"wp:term":[{"taxonomy":"category","embeddable":true,"href":"https:\/\/losperiodistas.com.mx\/portal\/wp-json\/wp\/v2\/categories?post=60922"},{"taxonomy":"post_tag","embeddable":true,"href":"https:\/\/losperiodistas.com.mx\/portal\/wp-json\/wp\/v2\/tags?post=60922"}],"curies":[{"name":"wp","href":"https:\/\/api.w.org\/{rel}","templated":true}]}}