{"id":60912,"date":"2023-10-15T14:05:46","date_gmt":"2023-10-15T19:05:46","guid":{"rendered":"http:\/\/losperiodistas.com.mx\/portal\/?p=60912"},"modified":"2023-10-15T14:05:48","modified_gmt":"2023-10-15T19:05:48","slug":"queremos-la-paz-unamonos-por-ella-dlf","status":"publish","type":"post","link":"https:\/\/losperiodistas.com.mx\/portal\/queremos-la-paz-unamonos-por-ella-dlf\/","title":{"rendered":"Queremos la paz. \u00a1Un\u00e1monos por ella! | DLF"},"content":{"rendered":"\n<figure class=\"wp-block-image size-large is-style-default\"><img fetchpriority=\"high\" decoding=\"async\" width=\"1024\" height=\"683\" src=\"https:\/\/losperiodistas.com.mx\/portal\/wp-content\/uploads\/2023\/10\/agenda-nacional-paz-mexico-1024x683.jpg\" alt=\"\" class=\"wp-image-60915\" srcset=\"https:\/\/losperiodistas.com.mx\/portal\/wp-content\/uploads\/2023\/10\/agenda-nacional-paz-mexico-1024x683.jpg 1024w, https:\/\/losperiodistas.com.mx\/portal\/wp-content\/uploads\/2023\/10\/agenda-nacional-paz-mexico-300x200.jpg 300w, https:\/\/losperiodistas.com.mx\/portal\/wp-content\/uploads\/2023\/10\/agenda-nacional-paz-mexico-768x512.jpg 768w, https:\/\/losperiodistas.com.mx\/portal\/wp-content\/uploads\/2023\/10\/agenda-nacional-paz-mexico.jpg 1200w\" sizes=\"(max-width: 1024px) 100vw, 1024px\" \/><figcaption>Personas orando por la paz en M\u00e9xico \/ Foto: Especial<\/figcaption><\/figure>\n\n\n\n<p class=\"has-vivid-red-color has-text-color has-medium-font-size\"><strong>EDITORIAL \/ SEMANARIO DESDE LA FE<\/strong><\/p>\n\n\n\n<p>odas las parroquias y movimientos laicales participar\u00e1n este domingo 15 de octubre en la&nbsp;<strong>Jornada de Oraci\u00f3n Mensual<\/strong>&nbsp;para pedir a Dios que la&nbsp;<strong><a href=\"https:\/\/dialogonacionalporlapaz.org.mx\/wp-content\/uploads\/2023\/10\/Agenda_paz_web.pdf\">Agenda Nacional de Paz<\/a><\/strong>, propuesta recientemente por la Iglesia Cat\u00f3lica en M\u00e9xico y la sociedad civil, genere un cambio esencial en el pa\u00eds.<\/p>\n\n\n\n<p>Esta<strong>&nbsp;Agenda Nacional de Paz<\/strong>, surgida del&nbsp;<strong>Di\u00e1logo Nacional por la Paz<\/strong>&nbsp;celebrado en Puebla en el mes de septiembre, es una gran propuesta para transformar la conciencia social, alej\u00e1ndola de la cultura de violencia, y abrazar una cultura del cuidado que reafirme el valor de la vida, la dignidad humana, la fraternidad y la casa com\u00fan.<\/p>\n\n\n\n<p><strong>No dejes de leer:\u00a0<a href=\"https:\/\/desdelafe.mx\/noticias\/sabias-que\/como-rezar-santo-rosario-paz\/\">Rosario por la Paz en el Mundo: \u00bfC\u00f3mo rezarlo paso a paso?<\/a><\/strong><\/p>\n\n\n\n<p>La agenda propone&nbsp;<strong><a href=\"https:\/\/desdelafe.mx\/noticias\/iglesia-en-mexico\/acciones-iglesia-alcanzar-paz-mexico\/\">7 acciones elementales para alcanzar la paz<\/a><\/strong>: replicar buenas pr\u00e1cticas en materia de seguridad, justicia y desarrollo social; influir en pol\u00edticas p\u00fablicas fundamentales; impulsar la propia Agenda Nacional de Paz en el \u00e1mbito pol\u00edtico; involucrar a las universidades en los programas de desarrollo social y paz; atender factores de riesgos para los j\u00f3venes; promover la participaci\u00f3n ciudadana en nuevas formas de gobierno, y exigir la coordinaci\u00f3n efectiva de las fuerzas de seguridad para vivir en paz.<\/p>\n\n\n\n<p>Mientras tanto, la Iglesia, a trav\u00e9s de&nbsp;<strong>la&nbsp;<a href=\"https:\/\/cem.org.mx\/\">Conferencia del Episcopado Mexicano<\/a>,&nbsp;<\/strong>continuar\u00e1 convocando a la Oraci\u00f3n Mensual para pedir a Dios el don de la paz, e impulsando los Conversatorios para la Acci\u00f3n por la Paz y los Foros Justicia y Seguridad, entre otras iniciativas propias y de la sociedad civil.<\/p>\n\n\n\n<p>En este contexto, el pasado 13 de octubre la Arquidi\u00f3cesis de M\u00e9xico llev\u00f3 a cabo un<strong>\u00a0<a href=\"https:\/\/desdelafe.mx\/noticias\/iglesia-en-el-mundo\/meditaciones-rosario-paz-mundo\/\">Rosario por la Paz<\/a><\/strong>\u00a0dirigido por el Arzobispo Primado,\u00a0<strong><a href=\"https:\/\/arquidiocesismexico.org.mx\/arzobispo\/\">cardenal Carlos Aguiar Retes<\/a><\/strong>, y sus Obispos Auxiliares, con la participaci\u00f3n de sacerdotes, religiosas y fieles laicos, y al que se sumaron virtualmente miles de personas. Por su parte, la\u00a0<strong>Conferencia del Episcopado Mexicano<\/strong>\u00a0ha convocado a los fieles a unirse, el pr\u00f3ximo mi\u00e9rcoles 18 de octubre, a la iniciativa\u00a0<a href=\"https:\/\/desdelafe.mx\/noticias\/iglesia-en-el-mundo\/un-millon-ninos-recen-rosario\/\"><em><strong>Un mill\u00f3n de ni\u00f1os<\/strong><\/em>\u00a0<em><strong>rezando el Rosario<\/strong><\/em><\/a>, convocada por\u00a0<a href=\"https:\/\/acn-mexico.org\/\"><strong>Ayuda a la Iglesia Necesitada<\/strong>.<\/a><\/p>\n\n\n\n<p>Una propuesta de gran envergadura en la agenda es la conformaci\u00f3n de la<strong>&nbsp;Red Nacional de Paz<\/strong>, a trav\u00e9s de la cual se busca articular las iniciativas de paz que ya se realizan o se quieren realizar.&nbsp;<\/p>\n\n\n\n<p><strong>No dejes de leer:&nbsp;<a href=\"https:\/\/desdelafe.mx\/noticias\/iglesia-en-mexico\/acciones-iglesia-alcanzar-paz-mexico\/\">Estas son las 7 acciones de la Iglesia para alcanzar la paz en M\u00e9xico<\/a><\/strong><\/p>\n\n\n\n<p>Esta red, construida en tres niveles -nacional, estatal y local- involucra a familias, escuelas y comunidades, pero tambi\u00e9n a las autoridades de gobierno, pol\u00edticos, acad\u00e9micos, estudiantes, sociedad civil, colectivos y todas aquellas organizaciones sociales que quieran ser artesanos de paz.<\/p>\n\n\n\n<p>La&nbsp;<strong>Agenda Nacional de Paz<\/strong>&nbsp;es un invaluable instrumento que debe incidir en todos los \u00e1mbitos de la vida social, ya que explica con claridad c\u00f3mo hemos llegado hasta este punto de violencia, c\u00f3mo construir la paz y por d\u00f3nde comenzar, creando, a su vez, un profundo cambio de conciencia a partir de nuevos horizontes basados en la solidaridad comunitaria y el restablecimiento de lazos de confianza y colaboraci\u00f3n, tanto de las personas entre s\u00ed, como de ellas con sus instituciones.<\/p>\n\n\n\n<p>Pero la agenda no se queda ah\u00ed, pues tambi\u00e9n ofrece una serie de\u00a0<strong>recomendaciones y principios indispensables<\/strong>\u00a0para trabajar en la construcci\u00f3n de la paz en M\u00e9xico, para superar la desesperanza y la divisi\u00f3n social, as\u00ed como para restaurar las capacidades de personas e instituciones dedicadas a cuidar, proteger e impartir justicia.<\/p>\n\n\n\n<p>Se trata, sin duda, de un documento ambicioso para enfrentar los desaf\u00edos de un pa\u00eds adolorido y herido, cansado y dividido. Un documento amplio que recoge la<strong>&nbsp;experiencia de miles de mexicanos de buena voluntad<\/strong>&nbsp;que han participado en este largo proceso iniciado tras el asesinato, el 20 de junio de 2022, de los sacerdotes jesuitas&nbsp;<a href=\"https:\/\/desdelafe.mx\/noticias\/iglesia-en-mexico\/podrian-ser-santos-los-dos-jesuitas-asesinados-en-la-sierra-tarahumara\/\"><strong>Javier Campos<\/strong>&nbsp;y&nbsp;<strong>Joaqu\u00edn Mora<\/strong><\/a>&nbsp;en la Sierra Tarahumara de Chihuahua, para que su sangre haga florecer el deseado don de la paz.<\/p>\n\n\n\n<p>Esperamos la respuesta de las autoridades de gobierno para sumarse a este documento, y otros actores importantes, con quienes nos une el deseo de alcanzar la paz.\u00a0<strong>Tenemos confianza en que lo lograremos<\/strong>.<\/p>\n\n\n\n<p>Fuente: <a href=\"https:\/\/desdelafe.mx\/editorial\/agenda-nacional-paz\">https:\/\/desdelafe.mx\/editorial\/agenda-nacional-paz<\/a><\/p>\n","protected":false},"excerpt":{"rendered":"<p>EDITORIAL \/ SEMANARIO DESDE LA FE odas las parroquias y movimientos laicales participar\u00e1n este domingo 15 de octubre en la&nbsp;Jornada [&hellip;]<\/p>\n","protected":false},"author":1,"featured_media":60915,"comment_status":"open","ping_status":"open","sticky":false,"template":"","format":"standard","meta":{"site-sidebar-layout":"default","site-content-layout":"","ast-site-content-layout":"default","site-content-style":"default","site-sidebar-style":"default","ast-global-header-display":"","ast-banner-title-visibility":"","ast-main-header-display":"","ast-hfb-above-header-display":"","ast-hfb-below-header-display":"","ast-hfb-mobile-header-display":"","site-post-title":"","ast-breadcrumbs-content":"","ast-featured-img":"","footer-sml-layout":"","theme-transparent-header-meta":"","adv-header-id-meta":"","stick-header-meta":"","header-above-stick-meta":"","header-main-stick-meta":"","header-below-stick-meta":"","astra-migrate-meta-layouts":"default","ast-page-background-enabled":"default","ast-page-background-meta":{"desktop":{"background-color":"var(--ast-global-color-4)","background-image":"","background-repeat":"repeat","background-position":"center center","background-size":"auto","background-attachment":"scroll","background-type":"","background-media":"","overlay-type":"","overlay-color":"","overlay-opacity":"","overlay-gradient":""},"tablet":{"background-color":"","background-image":"","background-repeat":"repeat","background-position":"center center","background-size":"auto","background-attachment":"scroll","background-type":"","background-media":"","overlay-type":"","overlay-color":"","overlay-opacity":"","overlay-gradient":""},"mobile":{"background-color":"","background-image":"","background-repeat":"repeat","background-position":"center center","background-size":"auto","background-attachment":"scroll","background-type":"","background-media":"","overlay-type":"","overlay-color":"","overlay-opacity":"","overlay-gradient":""}},"ast-content-background-meta":{"desktop":{"background-color":"var(--ast-global-color-5)","background-image":"","background-repeat":"repeat","background-position":"center center","background-size":"auto","background-attachment":"scroll","background-type":"","background-media":"","overlay-type":"","overlay-color":"","overlay-opacity":"","overlay-gradient":""},"tablet":{"background-color":"var(--ast-global-color-5)","background-image":"","background-repeat":"repeat","background-position":"center center","background-size":"auto","background-attachment":"scroll","background-type":"","background-media":"","overlay-type":"","overlay-color":"","overlay-opacity":"","overlay-gradient":""},"mobile":{"background-color":"var(--ast-global-color-5)","background-image":"","background-repeat":"repeat","background-position":"center center","background-size":"auto","background-attachment":"scroll","background-type":"","background-media":"","overlay-type":"","overlay-color":"","overlay-opacity":"","overlay-gradient":""}},"footnotes":""},"categories":[8],"tags":[19586,3452],"class_list":["post-60912","post","type-post","status-publish","format-standard","has-post-thumbnail","hentry","category-noticias","tag-rezo-por-la-paz","tag-semanario-desde-la-fe"],"_links":{"self":[{"href":"https:\/\/losperiodistas.com.mx\/portal\/wp-json\/wp\/v2\/posts\/60912","targetHints":{"allow":["GET"]}}],"collection":[{"href":"https:\/\/losperiodistas.com.mx\/portal\/wp-json\/wp\/v2\/posts"}],"about":[{"href":"https:\/\/losperiodistas.com.mx\/portal\/wp-json\/wp\/v2\/types\/post"}],"author":[{"embeddable":true,"href":"https:\/\/losperiodistas.com.mx\/portal\/wp-json\/wp\/v2\/users\/1"}],"replies":[{"embeddable":true,"href":"https:\/\/losperiodistas.com.mx\/portal\/wp-json\/wp\/v2\/comments?post=60912"}],"version-history":[{"count":1,"href":"https:\/\/losperiodistas.com.mx\/portal\/wp-json\/wp\/v2\/posts\/60912\/revisions"}],"predecessor-version":[{"id":60916,"href":"https:\/\/losperiodistas.com.mx\/portal\/wp-json\/wp\/v2\/posts\/60912\/revisions\/60916"}],"wp:featuredmedia":[{"embeddable":true,"href":"https:\/\/losperiodistas.com.mx\/portal\/wp-json\/wp\/v2\/media\/60915"}],"wp:attachment":[{"href":"https:\/\/losperiodistas.com.mx\/portal\/wp-json\/wp\/v2\/media?parent=60912"}],"wp:term":[{"taxonomy":"category","embeddable":true,"href":"https:\/\/losperiodistas.com.mx\/portal\/wp-json\/wp\/v2\/categories?post=60912"},{"taxonomy":"post_tag","embeddable":true,"href":"https:\/\/losperiodistas.com.mx\/portal\/wp-json\/wp\/v2\/tags?post=60912"}],"curies":[{"name":"wp","href":"https:\/\/api.w.org\/{rel}","templated":true}]}}