{"id":6091,"date":"2021-03-23T08:44:33","date_gmt":"2021-03-23T14:44:33","guid":{"rendered":"http:\/\/losperiodistas.com.mx\/portal\/?p=6091"},"modified":"2021-03-23T08:44:34","modified_gmt":"2021-03-23T14:44:34","slug":"arzobispo-de-colonia-admite-encubrimiento-sistemico-de-abusos-sexuales-de-menores-dw","status":"publish","type":"post","link":"https:\/\/losperiodistas.com.mx\/portal\/arzobispo-de-colonia-admite-encubrimiento-sistemico-de-abusos-sexuales-de-menores-dw\/","title":{"rendered":"Arzobispo de Colonia admite \u00abencubrimiento sist\u00e9mico\u00bb de abusos sexuales de menores | DW"},"content":{"rendered":"\n<p style=\"font-size:18px\"><em>El arzobispo de Colonia, Alemania, el cardenal Rainer Maria Woelki, dijo que se hubo un \u00abencubrimiento sist\u00e9mico\u00bb de abusos sexuales de menores, y que \u00abeso nunca deber\u00eda haber sucedido as\u00ed\u00bb.<\/em><\/p>\n\n\n\n<figure class=\"wp-block-image size-large\"><img fetchpriority=\"high\" decoding=\"async\" width=\"1024\" height=\"575\" src=\"https:\/\/losperiodistas.com.mx\/portal\/wp-content\/uploads\/2021\/03\/Captura-de-Pantalla-2021-03-23-a-las-8.42.29-1024x575.jpg\" alt=\"\" class=\"wp-image-6092\" srcset=\"https:\/\/losperiodistas.com.mx\/portal\/wp-content\/uploads\/2021\/03\/Captura-de-Pantalla-2021-03-23-a-las-8.42.29-1024x575.jpg 1024w, https:\/\/losperiodistas.com.mx\/portal\/wp-content\/uploads\/2021\/03\/Captura-de-Pantalla-2021-03-23-a-las-8.42.29-300x169.jpg 300w, https:\/\/losperiodistas.com.mx\/portal\/wp-content\/uploads\/2021\/03\/Captura-de-Pantalla-2021-03-23-a-las-8.42.29-768x431.jpg 768w, https:\/\/losperiodistas.com.mx\/portal\/wp-content\/uploads\/2021\/03\/Captura-de-Pantalla-2021-03-23-a-las-8.42.29.jpg 1410w\" sizes=\"(max-width: 1024px) 100vw, 1024px\" \/><\/figure>\n\n\n\n<p class=\"has-vivid-cyan-blue-color has-text-color has-medium-font-size\">DW<\/p>\n\n\n\n<p>El arzobispo de Colonia, el cardenal Rainer Maria Woelki , admiti\u00f3 este martes (23.03.2021) que en su archidi\u00f3cesis se produjo un&nbsp;<a href=\"https:\/\/www.dw.com\/es\/915-p%C3%A1ginas-y-muchas-preguntas-informe-sobre-abusos-en-la-iglesia-cat%C3%B3lica-alemana\/a-56921256\">\u00abencubrimiento sist\u00e9mico\u00bb de casos de abusos sexuales de menores<\/a>, tras conocerse un informe que analiza decenas de ellos entre 1975 y 2018, y rechaz\u00f3 dimitir del cargo.<\/p>\n\n\n\n<p>Woelki reconoci\u00f3 que en la administraci\u00f3n de la archidi\u00f3cesis hubo \u00abcaos\u00bb y un \u00absistema de silencio, secreto y descontrol\u00bb y, \u00abgeneralmente hubo falta de compasi\u00f3n, en general hubo falta de empat\u00eda\u00bb, antes de lamentar que \u00abeso nunca deber\u00eda haber sucedido as\u00ed\u00bb.<\/p>\n\n\n\n<p>El informe, dado a conocer la semana pasada y elaborado por un despacho de abogados de la ciudad del oeste alem\u00e1n, encontr\u00f3 que&nbsp;<a href=\"https:\/\/www.dw.com\/es\/colonia-se-rebela-contra-su-arzobispo-por-no-esclarecer-abusos-sexuales\/a-56409688\">altos jerarcas de la Iglesia cat\u00f3lica supieron de casos de abusos sexuales a menores<\/a>&nbsp;pero incumplieron con su deber de reportarlos debidamente y actuar.<\/p>\n\n\n\n<p>El informe exoner\u00f3 de responsabilidad a Woelki, arzobispo de Colonia desde 2014, en un an\u00e1lisis que confirm\u00f3 la existencia de 314 casos de abusos a menores e identific\u00f3 a 202 presuntos autores de ellos.<a href=\"https:\/\/www.dw.com\/es\/arzobispo-de-colonia-admite-encubrimiento-sist%C3%A9mico-de-abusos-sexuales-de-menores\/a-56961372#\"><\/a><\/p>\n\n\n\n<p>Protestas contra abusos sexuales a menores por parte de la Iglesia Cat\u00f3lica en Alemania, ante la Catedral de Colonia.<\/p>\n\n\n\n<p>Los autores del an\u00e1lisis de lo que ocurri\u00f3 en la archidi\u00f3cesis encontraron sin embargo que el arzobispo de Hamburgo, Stefan He\u00dfe, y el fallecido cardenal Joachim Meisner, arzobispo de Colonia desde 1989 hasta 2014, faltaron a su deber en relaci\u00f3n con esos abusos en 11 y 24 casos, respectivamente.<\/p>\n\n\n\n<p>El abogado Bj\u00f6rn Gercke, uno de los responsables del informe, explic\u00f3 que al elaborarlo se constat\u00f3 que muchos documentos fueron destruidos en aplicaci\u00f3n de las normas del Derecho Can\u00f3nico.<\/p>\n\n\n\n<p>El cardenal Woelki se refiri\u00f3 al caso del sacerdote de D\u00fcsseldorf Johannes O., al que se atribuyen abusos que el arzobispo presuntamente encubri\u00f3 y dijo que el informe constata que \u00e9l mismo actu\u00f3 \u00abde manera diligente y legal\u00bb.<\/p>\n\n\n\n<p>Sin embargo, \u00abpodr\u00eda y deber\u00eda haber informado del caso a Roma. Pero no lo hice, hubiera sido mejor de otra manera\u00bb, agreg\u00f3 el cardenal, quien rechaz\u00f3 dimitir por su comportamiento ya que eso ser\u00eda \u00abdemasiado f\u00e1cil\u00bb: \u00abUna renuncia as\u00ed ser\u00eda solo un s\u00edmbolo que durar\u00eda poco\u00bb, agreg\u00f3.https:\/\/imasdk.googleapis.com\/js\/core\/bridge3.447.1_es.html#goog_1521779013Volume 90%&nbsp;<strong>Ver el video<\/strong><strong>05:47<\/strong><\/p>\n\n\n\n<h2 class=\"wp-block-heading\">Abusos en la Iglesia &#8211; Cr\u00edticas a cardenal<\/h2>\n\n\n\n<p><strong><\/strong><\/p>\n\n\n\n<p>\u00abEn el futuro har\u00e9 todo lo posible para asegurarme de que no se produzcan m\u00e1s errores\u00bb, prometi\u00f3 el arzobispo.<\/p>\n\n\n\n<p>El contenido del informe se conoce tras meses de cr\u00edticas a la jerarqu\u00eda de la Iglesia cat\u00f3lica en Alemania por la falta de claridad a la hora de abordar la cuesti\u00f3n de los abusos a menores y en el contexto de un incremento del abandono de los fieles cat\u00f3licos.<\/p>\n\n\n\n<p>En 2019 se registraron 272.771 abandonos de la Iglesia cat\u00f3lica en Alemania, un r\u00e9cord y \u00faltimo a\u00f1o del que se tienen datos, seg\u00fan las cifras de la Conferencia Episcopal, que indican que la Iglesia evang\u00e9lica registr\u00f3 la salida de 270.000 fieles.<\/p>\n\n\n\n<p>El pasado enero las autoridades de Colonia adelantaron que el n\u00famero de abandonos de la Iglesia cat\u00f3lica declarados alcanz\u00f3 la media de mil casos mensuales, cuando lo habitual es que se registren alrededor de 640 por mes.<\/p>\n\n\n\n<p>CP (efe, dpa)<\/p>\n\n\n\n<p>Fuente: https:\/\/www.dw.com\/es\/arzobispo-de-colonia-admite-encubrimiento-sist%C3%A9mico-de-abusos-sexuales-de-menores\/a-56961372<\/p>\n","protected":false},"excerpt":{"rendered":"<p>El arzobispo de Colonia, Alemania, el cardenal Rainer Maria Woelki, dijo que se hubo un \u00abencubrimiento sist\u00e9mico\u00bb de abusos sexuales [&hellip;]<\/p>\n","protected":false},"author":1,"featured_media":6092,"comment_status":"open","ping_status":"open","sticky":false,"template":"","format":"standard","meta":{"site-sidebar-layout":"default","site-content-layout":"","ast-site-content-layout":"default","site-content-style":"default","site-sidebar-style":"default","ast-global-header-display":"","ast-banner-title-visibility":"","ast-main-header-display":"","ast-hfb-above-header-display":"","ast-hfb-below-header-display":"","ast-hfb-mobile-header-display":"","site-post-title":"","ast-breadcrumbs-content":"","ast-featured-img":"","footer-sml-layout":"","theme-transparent-header-meta":"","adv-header-id-meta":"","stick-header-meta":"","header-above-stick-meta":"","header-main-stick-meta":"","header-below-stick-meta":"","astra-migrate-meta-layouts":"default","ast-page-background-enabled":"default","ast-page-background-meta":{"desktop":{"background-color":"var(--ast-global-color-4)","background-image":"","background-repeat":"repeat","background-position":"center center","background-size":"auto","background-attachment":"scroll","background-type":"","background-media":"","overlay-type":"","overlay-color":"","overlay-opacity":"","overlay-gradient":""},"tablet":{"background-color":"","background-image":"","background-repeat":"repeat","background-position":"center center","background-size":"auto","background-attachment":"scroll","background-type":"","background-media":"","overlay-type":"","overlay-color":"","overlay-opacity":"","overlay-gradient":""},"mobile":{"background-color":"","background-image":"","background-repeat":"repeat","background-position":"center center","background-size":"auto","background-attachment":"scroll","background-type":"","background-media":"","overlay-type":"","overlay-color":"","overlay-opacity":"","overlay-gradient":""}},"ast-content-background-meta":{"desktop":{"background-color":"var(--ast-global-color-5)","background-image":"","background-repeat":"repeat","background-position":"center center","background-size":"auto","background-attachment":"scroll","background-type":"","background-media":"","overlay-type":"","overlay-color":"","overlay-opacity":"","overlay-gradient":""},"tablet":{"background-color":"var(--ast-global-color-5)","background-image":"","background-repeat":"repeat","background-position":"center center","background-size":"auto","background-attachment":"scroll","background-type":"","background-media":"","overlay-type":"","overlay-color":"","overlay-opacity":"","overlay-gradient":""},"mobile":{"background-color":"var(--ast-global-color-5)","background-image":"","background-repeat":"repeat","background-position":"center center","background-size":"auto","background-attachment":"scroll","background-type":"","background-media":"","overlay-type":"","overlay-color":"","overlay-opacity":"","overlay-gradient":""}},"footnotes":""},"categories":[8],"tags":[660,661],"class_list":["post-6091","post","type-post","status-publish","format-standard","has-post-thumbnail","hentry","category-noticias","tag-abusos-sexuales-alemania","tag-cardenal-rainer-maria-woelki"],"_links":{"self":[{"href":"https:\/\/losperiodistas.com.mx\/portal\/wp-json\/wp\/v2\/posts\/6091","targetHints":{"allow":["GET"]}}],"collection":[{"href":"https:\/\/losperiodistas.com.mx\/portal\/wp-json\/wp\/v2\/posts"}],"about":[{"href":"https:\/\/losperiodistas.com.mx\/portal\/wp-json\/wp\/v2\/types\/post"}],"author":[{"embeddable":true,"href":"https:\/\/losperiodistas.com.mx\/portal\/wp-json\/wp\/v2\/users\/1"}],"replies":[{"embeddable":true,"href":"https:\/\/losperiodistas.com.mx\/portal\/wp-json\/wp\/v2\/comments?post=6091"}],"version-history":[{"count":1,"href":"https:\/\/losperiodistas.com.mx\/portal\/wp-json\/wp\/v2\/posts\/6091\/revisions"}],"predecessor-version":[{"id":6093,"href":"https:\/\/losperiodistas.com.mx\/portal\/wp-json\/wp\/v2\/posts\/6091\/revisions\/6093"}],"wp:featuredmedia":[{"embeddable":true,"href":"https:\/\/losperiodistas.com.mx\/portal\/wp-json\/wp\/v2\/media\/6092"}],"wp:attachment":[{"href":"https:\/\/losperiodistas.com.mx\/portal\/wp-json\/wp\/v2\/media?parent=6091"}],"wp:term":[{"taxonomy":"category","embeddable":true,"href":"https:\/\/losperiodistas.com.mx\/portal\/wp-json\/wp\/v2\/categories?post=6091"},{"taxonomy":"post_tag","embeddable":true,"href":"https:\/\/losperiodistas.com.mx\/portal\/wp-json\/wp\/v2\/tags?post=6091"}],"curies":[{"name":"wp","href":"https:\/\/api.w.org\/{rel}","templated":true}]}}