{"id":60892,"date":"2023-10-15T07:52:42","date_gmt":"2023-10-15T12:52:42","guid":{"rendered":"http:\/\/losperiodistas.com.mx\/portal\/?p=60892"},"modified":"2023-10-15T07:52:44","modified_gmt":"2023-10-15T12:52:44","slug":"el-papa-no-mas-guerras-son-siempre-una-derrota-vatican-news","status":"publish","type":"post","link":"https:\/\/losperiodistas.com.mx\/portal\/el-papa-no-mas-guerras-son-siempre-una-derrota-vatican-news\/","title":{"rendered":"El Papa: \u00a1no m\u00e1s guerras! Son siempre una derrota | Vatican News"},"content":{"rendered":"\n<p class=\"has-luminous-vivid-amber-background-color has-background has-medium-font-size\">En el \u00c1ngelus, sentido llamamiento de Francisco por Oriente Medio: los muertos ya son muchos. No vemos m\u00e1s que sangre inocente en Tierra Santa como en Ucrania. El Obispo de Roma invita a participar en una jornada de oraci\u00f3n y ayuno por la paz el martes 17 de octubre<\/p>\n\n\n\n<figure class=\"wp-block-image size-large is-style-default\"><img fetchpriority=\"high\" decoding=\"async\" width=\"1024\" height=\"576\" src=\"https:\/\/losperiodistas.com.mx\/portal\/wp-content\/uploads\/2023\/10\/cq5dam.thumbnail.cropped.1500.844-3-1024x576.jpeg\" alt=\"\" class=\"wp-image-60893\" srcset=\"https:\/\/losperiodistas.com.mx\/portal\/wp-content\/uploads\/2023\/10\/cq5dam.thumbnail.cropped.1500.844-3-1024x576.jpeg 1024w, https:\/\/losperiodistas.com.mx\/portal\/wp-content\/uploads\/2023\/10\/cq5dam.thumbnail.cropped.1500.844-3-300x169.jpeg 300w, https:\/\/losperiodistas.com.mx\/portal\/wp-content\/uploads\/2023\/10\/cq5dam.thumbnail.cropped.1500.844-3-768x432.jpeg 768w, https:\/\/losperiodistas.com.mx\/portal\/wp-content\/uploads\/2023\/10\/cq5dam.thumbnail.cropped.1500.844-3.jpeg 1500w\" sizes=\"(max-width: 1024px) 100vw, 1024px\" \/><figcaption>Bombardeos sobre Gaza\u00a0 (ANSA)<\/figcaption><\/figure>\n\n\n\n<p class=\"has-vivid-red-color has-text-color has-medium-font-size\"><strong>PAOLO ONDARZA \/ VATICAN NEWS<\/strong><\/p>\n\n\n\n<p>\u00abRespondan a la fuerza diab\u00f3lica del odio, del terrorismo y de la guerra con la fuerza suave y santa de la oraci\u00f3n\u00bb. Es la exhortaci\u00f3n de Francisco en el \u00c1ngelus de la Plaza de San Pedro que, ante la dram\u00e1tica situaci\u00f3n en Oriente Medio, invita a todos a dedicar el pr\u00f3ximo martes, 17 de octubre, a la oraci\u00f3n y al ayuno.<\/p>\n\n\n\n<p>\u00abLas guerras son siempre una derrota. Siempre\u00bb, amonesta el Papa, que expresa su dolor por \u00ablo que est\u00e1 sucediendo en Israel y Palestina\u00bb. A continuaci\u00f3n, renueva \u00abel llamamiento por la liberaci\u00f3n de los rehenes\u00bb y pide \u00abcon fuerza\u00bb que \u00ablos ni\u00f1os, los enfermos, los ancianos, las mujeres y todos los civiles no sean v\u00edctimas del conflicto\u00bb. El Pont\u00edfice implora el respeto del derecho humanitario: \u00abespecialmente en Gaza, donde es urgente y necesario garantizar corredores humanitarios y acudir en ayuda de toda la poblaci\u00f3n\u00bb.<\/p>\n\n\n\n<p><em>Hermanos y hermanas, ya han muerto muchos. Por favor, \u00a1que no se derrame m\u00e1s sangre inocente, ni en Tierra Santa, ni en Ucrania, ni en ning\u00fan otro lugar! \u00a1Basta ya!<\/em><\/p>\n\n\n\n<p>LEA TAMBI\u00c9N<a href=\"https:\/\/www.vaticannews.va\/es\/papa\/news\/2023-10\/papa-angelus-tiempo-dedicado-a-dios-libera-alivia-salva.html\"><\/a>15\/10\/2023<\/p>\n\n\n\n<h2 class=\"has-medium-font-size wp-block-heading\"><a href=\"https:\/\/www.vaticannews.va\/es\/papa\/news\/2023-10\/papa-angelus-tiempo-dedicado-a-dios-libera-alivia-salva.html\">Francisco: El tiempo dedicado a Dios libera, alivia, nos salva del mal y la soledad<\/a><\/h2>\n\n\n\n<h2 class=\"wp-block-heading\">Ataque a un hospital anglicano en Gaza<\/h2>\n\n\n\n<p>El n\u00famero de muertos en Gaza ha aumentado a 2.329 y el de heridos a 9.714. Esta ma\u00f1ana se ha sabido que el hospital anglicano Arab Ahli de Gaza ha sido alcanzado por los bombardeos israel\u00edes. En las redes sociales, el arzobispo anglicano de Jerusal\u00e9n, Hosam Naoum, insta a la gente a rezar por la paz, y a continuaci\u00f3n explica que \u00abdos plantas del hospital resultaron da\u00f1adas y 4 personas resultaron heridas. La sala de ultrasonidos y mamograf\u00eda result\u00f3 da\u00f1ada\u00bb.<\/p>\n\n\n\n<h2 class=\"wp-block-heading\">Israel abre un nuevo corredor humanitario<\/h2>\n\n\n\n<p>Mientras tanto, Israel abri\u00f3 un nuevo corredor humanitario para los civiles de Gaza durante tres horas, entre las 10.00 y las 13.00 horas de hoy, asegurando que \u00abno atacar\u00e1 la ruta indicada por nuestro mapa para llegar a esa zona\u00bb. Tambi\u00e9n advirti\u00f3 que s\u00f3lo lanzar\u00e1 \u00aboperaciones militares significativas\u00bb una vez que los civiles hayan abandonado Gaza, desmintiendo la acusaci\u00f3n de Ham\u00e1s de que un convoy de civiles palestinos que hu\u00edan del norte de la Franja de Gaza hab\u00eda sido alcanzado en una incursi\u00f3n.<\/p>\n\n\n\n<p>Seg\u00fan el New York Times, que cita fuentes militares israel\u00edes, la invasi\u00f3n terrestre de la Franja de Gaza \u00abinicialmente prevista para el fin de semana\u00bb fue \u00abretrasada varios d\u00edas, al menos en parte debido a las condiciones meteorol\u00f3gicas que dificultaron a los pilotos y operadores de drones israel\u00edes proporcionar cobertura a\u00e9rea a las tropas de tierra\u00bb.<\/p>\n\n\n\n<h2 class=\"wp-block-heading\">Alta tensi\u00f3n en la frontera con L\u00edbano<\/h2>\n\n\n\n<p>Por su parte, en respuesta al lanzamiento de misiles antitanque por parte de Hizbul\u00e1 desde L\u00edbano, uno de los cuales caus\u00f3 la muerte de un civil israel\u00ed y varios heridos, Israel acordon\u00f3 \u00abuna zona de hasta cuatro kil\u00f3metros de la frontera norte\u00bb con el pa\u00eds del cedro y comenz\u00f3 a atacar posiciones militares de la organizaci\u00f3n islamista chi\u00ed en territorio liban\u00e9s.<\/p>\n\n\n\n<h2 class=\"wp-block-heading\">EEUU env\u00eda un segundo portaaviones, China critica a Israel<\/h2>\n\n\n\n<p>Y mientras el Pent\u00e1gono anuncia que Estados Unidos env\u00eda un segundo portaaviones al Mediterr\u00e1neo oriental como \u00abmedida disuasoria contra acciones hostiles contra Israel\u00bb, China interviene en la escalada. El ministro de Asuntos Exteriores, Wang Yi, en conversaci\u00f3n telef\u00f3nica con su hom\u00f3logo saud\u00ed, Faisal bin Farhan Al Saud, critic\u00f3 las acciones de Israel: \u00absobrepasaron el \u00e1mbito de la leg\u00edtima defensa\u00bb. Ambos expresaron su preocupaci\u00f3n por la situaci\u00f3n. La pr\u00f3xima semana, el enviado especial de China, Zhai Jun, estar\u00e1 en Oriente Pr\u00f3ximo para presionar en favor de un alto el fuego y promover conversaciones de paz. Ayer mismo, de visita en Riad, el Secretario de Estado estadounidense, Antony Blinken, hab\u00eda pedido a Pek\u00edn, socio de Ir\u00e1n, que utilizara su influencia para impulsar la calma en Oriente Pr\u00f3ximo.<\/p>\n\n\n\n<h2 class=\"wp-block-heading\">Reuni\u00f3n entre el ministro iran\u00ed y el l\u00edder de Ham\u00e1s<\/h2>\n\n\n\n<p>\u00abNadie puede garantizar que la situaci\u00f3n en la regi\u00f3n siga siendo la misma si los sionistas contin\u00faan con sus cr\u00edmenes de guerra\u00bb, declar\u00f3 el ministro de Asuntos Exteriores de Teher\u00e1n, Hossein Amirabdollahian, en una reuni\u00f3n en Doha con el primer ministro y ministro de Asuntos Exteriores qatar\u00ed, Mohammed bin Abdulrahman bin Jassim Al Thani, en las \u00faltimas horas. Amirabdollahian tambi\u00e9n se reuni\u00f3 con el l\u00edder de Ham\u00e1s, Ismail Haniyeh, seg\u00fan la agencia de noticias iran\u00ed IRNA acordaron \u00abseguir cooperando para alcanzar todos los objetivos de la resistencia y el pueblo palestinos\u00bb.<\/p>\n\n\n\n<h2 class=\"wp-block-heading\">Propuesta rusa a la ONU para un alto el fuego<\/h2>\n\n\n\n<p>En este contexto, el representante de Rusia en la ONU, Vasili Nebenzia, afirma que Mosc\u00fa ha propuesto una resoluci\u00f3n al Consejo de Seguridad de la ONU en la que se pide un alto el fuego en la Franja de Gaza y se permite la entrada de ayuda humanitaria. \u00abHacemos un llamamiento a todos los miembros de la comunidad internacional para que apoyen nuestro proyecto\u00bb, declar\u00f3 Nebenzia. El texto tambi\u00e9n incluir\u00eda una cl\u00e1usula pidiendo la liberaci\u00f3n de los ciudadanos israel\u00edes retenidos por el grupo isl\u00e1mico Ham\u00e1s en la Franja de Gaza<\/p>\n\n\n\n<p>Fuente: <a href=\"https:\/\/www.vaticannews.va\/es\/papa\/news\/2023-10\/papa-angelus-no-mas-guerras-son-siempre-una-derrota.html\">https:\/\/www.vaticannews.va\/es\/papa\/news\/2023-10\/papa-angelus-no-mas-guerras-son-siempre-una-derrota.html<\/a><\/p>\n","protected":false},"excerpt":{"rendered":"<p>En el \u00c1ngelus, sentido llamamiento de Francisco por Oriente Medio: los muertos ya son muchos. No vemos m\u00e1s que sangre [&hellip;]<\/p>\n","protected":false},"author":1,"featured_media":60893,"comment_status":"open","ping_status":"open","sticky":false,"template":"","format":"standard","meta":{"site-sidebar-layout":"default","site-content-layout":"","ast-site-content-layout":"default","site-content-style":"default","site-sidebar-style":"default","ast-global-header-display":"","ast-banner-title-visibility":"","ast-main-header-display":"","ast-hfb-above-header-display":"","ast-hfb-below-header-display":"","ast-hfb-mobile-header-display":"","site-post-title":"","ast-breadcrumbs-content":"","ast-featured-img":"","footer-sml-layout":"","theme-transparent-header-meta":"","adv-header-id-meta":"","stick-header-meta":"","header-above-stick-meta":"","header-main-stick-meta":"","header-below-stick-meta":"","astra-migrate-meta-layouts":"default","ast-page-background-enabled":"default","ast-page-background-meta":{"desktop":{"background-color":"var(--ast-global-color-4)","background-image":"","background-repeat":"repeat","background-position":"center center","background-size":"auto","background-attachment":"scroll","background-type":"","background-media":"","overlay-type":"","overlay-color":"","overlay-opacity":"","overlay-gradient":""},"tablet":{"background-color":"","background-image":"","background-repeat":"repeat","background-position":"center center","background-size":"auto","background-attachment":"scroll","background-type":"","background-media":"","overlay-type":"","overlay-color":"","overlay-opacity":"","overlay-gradient":""},"mobile":{"background-color":"","background-image":"","background-repeat":"repeat","background-position":"center center","background-size":"auto","background-attachment":"scroll","background-type":"","background-media":"","overlay-type":"","overlay-color":"","overlay-opacity":"","overlay-gradient":""}},"ast-content-background-meta":{"desktop":{"background-color":"var(--ast-global-color-5)","background-image":"","background-repeat":"repeat","background-position":"center center","background-size":"auto","background-attachment":"scroll","background-type":"","background-media":"","overlay-type":"","overlay-color":"","overlay-opacity":"","overlay-gradient":""},"tablet":{"background-color":"var(--ast-global-color-5)","background-image":"","background-repeat":"repeat","background-position":"center center","background-size":"auto","background-attachment":"scroll","background-type":"","background-media":"","overlay-type":"","overlay-color":"","overlay-opacity":"","overlay-gradient":""},"mobile":{"background-color":"var(--ast-global-color-5)","background-image":"","background-repeat":"repeat","background-position":"center center","background-size":"auto","background-attachment":"scroll","background-type":"","background-media":"","overlay-type":"","overlay-color":"","overlay-opacity":"","overlay-gradient":""}},"footnotes":""},"categories":[8],"tags":[19494,196],"class_list":["post-60892","post","type-post","status-publish","format-standard","has-post-thumbnail","hentry","category-noticias","tag-conflicto-israel-hamas","tag-papa-francisco"],"_links":{"self":[{"href":"https:\/\/losperiodistas.com.mx\/portal\/wp-json\/wp\/v2\/posts\/60892","targetHints":{"allow":["GET"]}}],"collection":[{"href":"https:\/\/losperiodistas.com.mx\/portal\/wp-json\/wp\/v2\/posts"}],"about":[{"href":"https:\/\/losperiodistas.com.mx\/portal\/wp-json\/wp\/v2\/types\/post"}],"author":[{"embeddable":true,"href":"https:\/\/losperiodistas.com.mx\/portal\/wp-json\/wp\/v2\/users\/1"}],"replies":[{"embeddable":true,"href":"https:\/\/losperiodistas.com.mx\/portal\/wp-json\/wp\/v2\/comments?post=60892"}],"version-history":[{"count":1,"href":"https:\/\/losperiodistas.com.mx\/portal\/wp-json\/wp\/v2\/posts\/60892\/revisions"}],"predecessor-version":[{"id":60894,"href":"https:\/\/losperiodistas.com.mx\/portal\/wp-json\/wp\/v2\/posts\/60892\/revisions\/60894"}],"wp:featuredmedia":[{"embeddable":true,"href":"https:\/\/losperiodistas.com.mx\/portal\/wp-json\/wp\/v2\/media\/60893"}],"wp:attachment":[{"href":"https:\/\/losperiodistas.com.mx\/portal\/wp-json\/wp\/v2\/media?parent=60892"}],"wp:term":[{"taxonomy":"category","embeddable":true,"href":"https:\/\/losperiodistas.com.mx\/portal\/wp-json\/wp\/v2\/categories?post=60892"},{"taxonomy":"post_tag","embeddable":true,"href":"https:\/\/losperiodistas.com.mx\/portal\/wp-json\/wp\/v2\/tags?post=60892"}],"curies":[{"name":"wp","href":"https:\/\/api.w.org\/{rel}","templated":true}]}}