{"id":60889,"date":"2023-10-15T07:39:10","date_gmt":"2023-10-15T12:39:10","guid":{"rendered":"http:\/\/losperiodistas.com.mx\/portal\/?p=60889"},"modified":"2023-10-15T07:39:12","modified_gmt":"2023-10-15T12:39:12","slug":"carlos-leal-rodriguez-activista-de-tlacotepec-de-juarez-desaparecio-este-sabado-ljo","status":"publish","type":"post","link":"https:\/\/losperiodistas.com.mx\/portal\/carlos-leal-rodriguez-activista-de-tlacotepec-de-juarez-desaparecio-este-sabado-ljo\/","title":{"rendered":"Carlos Leal Rodr\u00edguez, activista de Tlacotepec de Ju\u00e1rez desapareci\u00f3 este s\u00e1bado | LJO"},"content":{"rendered":"\n<figure class=\"wp-block-embed is-type-video is-provider-youtube wp-block-embed-youtube wp-embed-aspect-16-9 wp-has-aspect-ratio\"><div class=\"wp-block-embed__wrapper\">\n<iframe title=\"Reportan la desaparici\u00f3n, la madrugada de este s\u00e1bado,del activista Carlos Rodr\u00edguez Leal\" width=\"500\" height=\"281\" src=\"https:\/\/www.youtube.com\/embed\/IGLU0066l0U?feature=oembed\" frameborder=\"0\" allow=\"accelerometer; autoplay; clipboard-write; encrypted-media; gyroscope; picture-in-picture; web-share\" referrerpolicy=\"strict-origin-when-cross-origin\" allowfullscreen><\/iframe>\n<\/div><\/figure>\n\n\n\n<p><\/p>\n\n\n\n<p class=\"has-vivid-red-color has-text-color has-medium-font-size\"><strong>ELIZABETH RODR\u00cdGUEZ LEZAMA \/ LA JORNAA DE ORIENTE<\/strong><\/p>\n\n\n\n<p>El activista Carlos Rodr\u00edguez Leal, est\u00e1 desaparecido desde la madrugada de este s\u00e1bado, seg\u00fan reportaron sus compa\u00f1eros de lucha en este municipio donde participa en la defensa del agua y apoyaba la toma del Palacio Municipal, desde el pasado mi\u00e9rcoles. Sus compa\u00f1eros de lucha emprendieron su b\u00fasqueda y exigen a las autoridades su presentaci\u00f3n con vida.<\/p>\n\n\n\n<p>Seg\u00fan expresaron sus compa\u00f1eros , desde las 2 de la madrugada, de este s\u00e1bado, dejaron de tener contacto con Carlos y conforme pasaron las horas creci\u00f3 la preocupaci\u00f3n al no tener ning\u00fan dato sobre su paradero, motivo por el cual emprendieron el cierre de la carretera federal 150 M\u00e9xico \u2013 Veracruz.<\/p>\n\n\n\n<p>Al inicio ten\u00edan la esperanza de que Carlos hubiera sido detenido debido a que exist\u00eda una demanda contra los l\u00edderes de la toma del Palacio Municipal, pero con el paso de las horas y tras un di\u00e1logo con autoridades estatales se dieron cuenta de que no fue as\u00ed, por lo que solicitaron la intervenci\u00f3n tanto del gobierno estatal como del federal para su b\u00fasqueda.<\/p>\n\n\n\n<p>La Fiscal\u00eda General del Estado (FGE) recibi\u00f3 la denuncia por desaparici\u00f3n de persona y emiti\u00f3 la ficha de b\u00fasqueda del activista, mientras los pobladores de Tlacotepec exigieron una investigaci\u00f3n a fondo en la cual se incluya a las autoridades municipales encabezadas por el alcalde Jos\u00e9 Antol\u00edn Flores Valerio, ya que desde la toma de la presidencia una de las exigencias de los manifestantes fue la aplicaci\u00f3n de auditor\u00eda al ayuntamiento.<\/p>\n\n\n\n<figure class=\"wp-block-image is-style-default\"><img decoding=\"async\" src=\"https:\/\/www.lajornadadeoriente.com.mx\/wp-content\/uploads\/2023\/10\/IMG-20231014-WA0095.jpg\" alt=\"\" class=\"wp-image-862057\"\/><\/figure>\n\n\n\n<p>Al confirmarse la desaparici\u00f3n, varias voces han elevado su indignaci\u00f3n y exigen que el gobierno act\u00fae de inmediato para localizar a Rodr\u00edguez Leal y detener a los responsables de su desaparici\u00f3n.<\/p>\n\n\n\n<p>El Movimiento de Autogesti\u00f3n Social Campesino y Ind\u00edgena (MASCIP) anunci\u00f3 que ma\u00f1ana realizar\u00e1 la toma de carreteras federales y la autopista Cuacnopalan-oaxaca para exigir la presentaci\u00f3n con vida de Carlos Rodr\u00edguez, seg\u00fan anunci\u00f3 el l\u00edder de esa organizaci\u00f3n, Jos\u00e9 Luis Leyva Machuca, al manifestar que sin duda la desaparici\u00f3n del activista obedece a su lucha en defensa del agua.<\/p>\n\n\n\n<p>Fuente: <a href=\"https:\/\/www.lajornadadeoriente.com.mx\/puebla\/carlos-leal-rodriguez-activista-de-tlacotepec-de-juarez-desaparecio-este-sabado\/\">https:\/\/www.lajornadadeoriente.com.mx\/puebla\/carlos-leal-rodriguez-activista-de-tlacotepec-de-juarez-desaparecio-este-sabado\/<\/a><\/p>\n","protected":false},"excerpt":{"rendered":"<p>ELIZABETH RODR\u00cdGUEZ LEZAMA \/ LA JORNAA DE ORIENTE El activista Carlos Rodr\u00edguez Leal, est\u00e1 desaparecido desde la madrugada de este [&hellip;]<\/p>\n","protected":false},"author":1,"featured_media":60890,"comment_status":"open","ping_status":"open","sticky":false,"template":"","format":"standard","meta":{"site-sidebar-layout":"default","site-content-layout":"","ast-site-content-layout":"default","site-content-style":"default","site-sidebar-style":"default","ast-global-header-display":"","ast-banner-title-visibility":"","ast-main-header-display":"","ast-hfb-above-header-display":"","ast-hfb-below-header-display":"","ast-hfb-mobile-header-display":"","site-post-title":"","ast-breadcrumbs-content":"","ast-featured-img":"","footer-sml-layout":"","theme-transparent-header-meta":"","adv-header-id-meta":"","stick-header-meta":"","header-above-stick-meta":"","header-main-stick-meta":"","header-below-stick-meta":"","astra-migrate-meta-layouts":"default","ast-page-background-enabled":"default","ast-page-background-meta":{"desktop":{"background-color":"var(--ast-global-color-4)","background-image":"","background-repeat":"repeat","background-position":"center center","background-size":"auto","background-attachment":"scroll","background-type":"","background-media":"","overlay-type":"","overlay-color":"","overlay-opacity":"","overlay-gradient":""},"tablet":{"background-color":"","background-image":"","background-repeat":"repeat","background-position":"center center","background-size":"auto","background-attachment":"scroll","background-type":"","background-media":"","overlay-type":"","overlay-color":"","overlay-opacity":"","overlay-gradient":""},"mobile":{"background-color":"","background-image":"","background-repeat":"repeat","background-position":"center center","background-size":"auto","background-attachment":"scroll","background-type":"","background-media":"","overlay-type":"","overlay-color":"","overlay-opacity":"","overlay-gradient":""}},"ast-content-background-meta":{"desktop":{"background-color":"var(--ast-global-color-5)","background-image":"","background-repeat":"repeat","background-position":"center center","background-size":"auto","background-attachment":"scroll","background-type":"","background-media":"","overlay-type":"","overlay-color":"","overlay-opacity":"","overlay-gradient":""},"tablet":{"background-color":"var(--ast-global-color-5)","background-image":"","background-repeat":"repeat","background-position":"center center","background-size":"auto","background-attachment":"scroll","background-type":"","background-media":"","overlay-type":"","overlay-color":"","overlay-opacity":"","overlay-gradient":""},"mobile":{"background-color":"var(--ast-global-color-5)","background-image":"","background-repeat":"repeat","background-position":"center center","background-size":"auto","background-attachment":"scroll","background-type":"","background-media":"","overlay-type":"","overlay-color":"","overlay-opacity":"","overlay-gradient":""}},"footnotes":""},"categories":[8],"tags":[19573,19574],"class_list":["post-60889","post","type-post","status-publish","format-standard","has-post-thumbnail","hentry","category-noticias","tag-carlos-rodriguez-leal","tag-tlacotepec-de-juarez"],"_links":{"self":[{"href":"https:\/\/losperiodistas.com.mx\/portal\/wp-json\/wp\/v2\/posts\/60889","targetHints":{"allow":["GET"]}}],"collection":[{"href":"https:\/\/losperiodistas.com.mx\/portal\/wp-json\/wp\/v2\/posts"}],"about":[{"href":"https:\/\/losperiodistas.com.mx\/portal\/wp-json\/wp\/v2\/types\/post"}],"author":[{"embeddable":true,"href":"https:\/\/losperiodistas.com.mx\/portal\/wp-json\/wp\/v2\/users\/1"}],"replies":[{"embeddable":true,"href":"https:\/\/losperiodistas.com.mx\/portal\/wp-json\/wp\/v2\/comments?post=60889"}],"version-history":[{"count":1,"href":"https:\/\/losperiodistas.com.mx\/portal\/wp-json\/wp\/v2\/posts\/60889\/revisions"}],"predecessor-version":[{"id":60891,"href":"https:\/\/losperiodistas.com.mx\/portal\/wp-json\/wp\/v2\/posts\/60889\/revisions\/60891"}],"wp:featuredmedia":[{"embeddable":true,"href":"https:\/\/losperiodistas.com.mx\/portal\/wp-json\/wp\/v2\/media\/60890"}],"wp:attachment":[{"href":"https:\/\/losperiodistas.com.mx\/portal\/wp-json\/wp\/v2\/media?parent=60889"}],"wp:term":[{"taxonomy":"category","embeddable":true,"href":"https:\/\/losperiodistas.com.mx\/portal\/wp-json\/wp\/v2\/categories?post=60889"},{"taxonomy":"post_tag","embeddable":true,"href":"https:\/\/losperiodistas.com.mx\/portal\/wp-json\/wp\/v2\/tags?post=60889"}],"curies":[{"name":"wp","href":"https:\/\/api.w.org\/{rel}","templated":true}]}}