{"id":60874,"date":"2023-10-14T12:52:16","date_gmt":"2023-10-14T17:52:16","guid":{"rendered":"http:\/\/losperiodistas.com.mx\/portal\/?p=60874"},"modified":"2023-10-14T12:52:18","modified_gmt":"2023-10-14T17:52:18","slug":"los-humanos-llegaron-a-america-7-000-anos-antes-de-lo-que-se-pensaba-vozpopuli","status":"publish","type":"post","link":"https:\/\/losperiodistas.com.mx\/portal\/los-humanos-llegaron-a-america-7-000-anos-antes-de-lo-que-se-pensaba-vozpopuli\/","title":{"rendered":"Los humanos llegaron a Am\u00e9rica 7.000 a\u00f1os antes de lo que se pensaba | VozP\u00f3puli"},"content":{"rendered":"\n<h2 class=\"has-background has-medium-font-size wp-block-heading\" style=\"background-color:#ec6cef\">Los expertos del siglo XX cre\u00edan que la aparici\u00f3n de los humanos coincidi\u00f3 con la formaci\u00f3n de un corredor libre de hielo entre dos inmensas capas entre lo que hoy es Canad\u00e1 y EEUU<\/h2>\n\n\n\n<figure class=\"wp-block-image size-large is-style-default\"><img fetchpriority=\"high\" decoding=\"async\" width=\"1024\" height=\"576\" src=\"https:\/\/losperiodistas.com.mx\/portal\/wp-content\/uploads\/2023\/10\/huellas-pies-america-1024x576.jpg\" alt=\"\" class=\"wp-image-60875\" srcset=\"https:\/\/losperiodistas.com.mx\/portal\/wp-content\/uploads\/2023\/10\/huellas-pies-america-1024x576.jpg 1024w, https:\/\/losperiodistas.com.mx\/portal\/wp-content\/uploads\/2023\/10\/huellas-pies-america-300x169.jpg 300w, https:\/\/losperiodistas.com.mx\/portal\/wp-content\/uploads\/2023\/10\/huellas-pies-america-768x432.jpg 768w, https:\/\/losperiodistas.com.mx\/portal\/wp-content\/uploads\/2023\/10\/huellas-pies-america.jpg 1200w\" sizes=\"(max-width: 1024px) 100vw, 1024px\" \/><figcaption>Huellas procedentes de un grupo de personas de diferentes edades.\u00a0<strong>NATIONAL PARK SERVICE<\/strong><\/figcaption><\/figure>\n\n\n\n<p class=\"has-vivid-red-color has-text-color has-medium-font-size\"><strong>THE CONVERSATION \/ VOZP\u00d3PULI<\/strong><\/p>\n\n\n\n<p><strong>Cu\u00e1ndo y c\u00f3mo se asentaron los humanos por primera vez en el continente americano<\/strong>&nbsp;es un tema muy controvertido. En el siglo XX, los&nbsp;<strong>arque\u00f3logos cre\u00edan<\/strong>&nbsp;que los humanos&nbsp;<a href=\"https:\/\/www.smithsonianmag.com\/history\/the-clovis-point-and-the-discovery-of-americas-first-culture-3825828\/\" target=\"_blank\" rel=\"noreferrer noopener\">llegaron a&nbsp;<strong>Norteam\u00e9rica<\/strong><\/a>&nbsp;<strong>no antes de hace unos 14.000 a\u00f1os.<\/strong><\/p>\n\n\n\n<p>Pero hemos descubierto algo diferente. Nuestro \u00faltimo&nbsp;<a href=\"http:\/\/www.science.org\/doi\/10.1126\/science.adh5007\" target=\"_blank\" rel=\"noreferrer noopener\">estudio<\/a>&nbsp;apoya la tesis de que&nbsp;<strong>ya hab\u00eda personas en Am\u00e9rica hace unos 23.000 a\u00f1os.<\/strong><\/p>\n\n\n\n<p>Los expertos del siglo XX pensaban que la aparici\u00f3n de los humanos hab\u00eda coincidido con la&nbsp;<strong>formaci\u00f3n de un corredor libre de hielo<\/strong>&nbsp;entre dos inmensas capas de hielo a caballo entre lo que hoy es<strong>&nbsp;Canad\u00e1 y el norte de EEUU<\/strong>. Seg\u00fan esta idea, el corredor, provocado por el deshielo al final de la \u00faltima Edad de Hielo,&nbsp;<a href=\"https:\/\/pubmed.ncbi.nlm.nih.gov\/17838701\/\" target=\"_blank\" rel=\"noreferrer noopener\">permiti\u00f3 a los humanos&nbsp;<strong>adentrarse desde Alaska<\/strong><\/a>&nbsp;en el coraz\u00f3n de Norteam\u00e9rica.<\/p>\n\n\n\n<p>Poco a poco, esta idea se fue desmoronando. En las \u00faltimas d\u00e9cadas, las fechas de los primeros indicios de la presencia humana han retrocedido de 14&nbsp;000 a 16&nbsp;000 a\u00f1os. Esto sigue siendo coherente con el hecho de que los humanos no llegaran a Am\u00e9rica hasta&nbsp;<strong>el final de la&nbsp;<\/strong><a href=\"https:\/\/www.vozpopuli.com\/altavoz\/cultura\/frio-extremo-acabo-primeros-humanos-peninsula.html\"><strong>\u00faltima Edad de Hielo<\/strong><\/a>.<\/p>\n\n\n\n<p>En septiembre de 2021,&nbsp;<a href=\"https:\/\/www.science.org\/doi\/10.1126\/science.abg7586\" target=\"_blank\" rel=\"noreferrer noopener\">publicamos un art\u00edculo en&nbsp;<em>Science<\/em><\/a>&nbsp;que databa las&nbsp;<strong>huellas f\u00f3siles descubiertas en Nuevo M\u00e9xico en hace unos 23.000 a\u00f1os<\/strong>, el punto \u00e1lgido de la \u00faltima Edad de Hielo. Fueron hechas por un grupo de personas que pasaban por un antiguo lago cerca de lo que hoy es&nbsp;<a href=\"https:\/\/en.wikipedia.org\/wiki\/White_Sands_National_Park\" target=\"_blank\" rel=\"noreferrer noopener\">White Sands<\/a>. El descubrimiento&nbsp;<strong>a\u00f1ade 7.000 a\u00f1os al registro de la presencia humana<\/strong>&nbsp;en el continente, reescribiendo la prehistoria americana.<\/p>\n\n\n\n<p>Si los humanos estaban en Am\u00e9rica en el apogeo de la \u00faltima Edad de Hielo,&nbsp;<strong>o bien el hielo planteaba pocas barreras a su paso o llevaban all\u00ed mucho m\u00e1s tiempo<\/strong>. Tal vez llegaron al continente durante un periodo anterior de deshielo.<\/p>\n\n\n\n<p>Nuestras&nbsp;<strong>conclusiones fueron criticadas<\/strong>. Sin embargo, ahora hemos publicado pruebas que confirman las primeras fechas.<\/p>\n\n\n\n<h2 class=\"wp-block-heading\">Dataci\u00f3n del polen<\/h2>\n\n\n\n<p>Para mucha gente, la palabra polen evoca un verano de alergias y estornudos. Pero&nbsp;<strong>el polen fosilizado puede ser una poderosa herramienta cient\u00edfica.<\/strong><\/p>\n\n\n\n<p>En nuestro estudio de 2021, llevamos a cabo la dataci\u00f3n por<strong>&nbsp;radiocarbono de semillas de gram\u00edneas<\/strong>&nbsp;comunes encontradas en&nbsp;<strong>capas de sedimentos<\/strong>&nbsp;por encima y por debajo de donde se hallaron las huellas. La dataci\u00f3n por radiocarbono se basa en c\u00f3mo una forma particular \u2013llamada is\u00f3topo\u2013 del carbono (carbono-14) sufre una&nbsp;<strong>desintegraci\u00f3n radiactiva en organismos que han muerto en los \u00faltimos 50.000 a\u00f1os<\/strong>.<\/p>\n\n\n\n<p>Algunos investigadores afirmaron que las fechas de radiocarbono de nuestra investigaci\u00f3n de 2021 eran&nbsp;<strong>demasiado antiguas<\/strong>&nbsp;porque estaban sujetas al&nbsp;<a href=\"https:\/\/heritagesciencejournal.springeropen.com\/articles\/10.1186\/2050-7445-1-24\" target=\"_blank\" rel=\"noreferrer noopener\">llamado efecto \u00abagua dura\u00bb<\/a>.&nbsp;<strong>El agua contiene sales de carbonato&nbsp;<\/strong>y, por tanto,&nbsp;<strong>carbono<\/strong>. El agua dura es agua subterr\u00e1nea que ha estado aislada de la atm\u00f3sfera durante alg\u00fan tiempo, lo que significa que parte de su carbono-14 ya ha sufrido desintegraci\u00f3n radiactiva.<\/p>\n\n\n\n<p>Seg\u00fan los cr\u00edticos,&nbsp;<strong>las semillas de&nbsp;<em>Ruppia maritima<\/em><\/strong>, una&nbsp;<strong>planta acu\u00e1tica com\u00fan en las acequias<\/strong>, podr\u00edan haber&nbsp;<strong>consumido agua antigua<\/strong>, alterando las fechas de forma que parecieran anteriores.<\/p>\n\n\n\n<p>Es muy acertado que plantearan esta cuesti\u00f3n. Esta es la forma en que&nbsp;<a href=\"https:\/\/www.vozpopuli.com\/next\">la ciencia<\/a>&nbsp;debe proceder, con&nbsp;<strong>afirmaciones y reconvenciones<\/strong>.<\/p>\n\n\n\n<h2 class=\"wp-block-heading\">\u00bfC\u00f3mo comprobamos nuestras conclusiones?<\/h2>\n\n\n\n<p>La&nbsp;<strong>dataci\u00f3n por radiocarbono es robusta y bien entendida<\/strong>. Se puede datar de este modo cualquier tipo de materia org\u00e1nica siempre que se disponga de suficiente cantidad. As\u00ed que dos miembros de nuestro equipo, Kathleen Springer y Jeff Pigati, del Servicio Geol\u00f3gico de Estados Unidos, se dispusieron a&nbsp;<strong>datar los granos de polen<\/strong>. Sin embargo, los granos de polen son&nbsp;<em>muy peque\u00f1os<\/em>, de unos 0,005 mil\u00edmetros de di\u00e1metro, por lo que se necesitan muchos.<\/p>\n\n\n\n<p>Esto planteaba un&nbsp;<strong>enorme reto<\/strong>: se necesitan&nbsp;<strong>miles de ellos para obtener suficiente carbono<\/strong>&nbsp;para datar algo. De hecho, se necesitan&nbsp;<strong>70.000 granos&nbsp;<\/strong>o m\u00e1s.<\/p>\n\n\n\n<p>La ciencia m\u00e9dica aport\u00f3 una soluci\u00f3n extraordinaria a nuestro desaf\u00edo. Utilizamos una&nbsp;<strong>t\u00e9cnica llamada citometr\u00eda de flujo<\/strong>, que se utiliza m\u00e1s com\u00fanmente para&nbsp;<strong>contar y tomar muestras de c\u00e9lulas humanas individuales<\/strong>, para contar y aislar polen f\u00f3sil para la dataci\u00f3n por radiocarbono.<\/p>\n\n\n\n<p>La citometr\u00eda de flujo aprovecha las&nbsp;<strong>propiedades fluorescentes de las c\u00e9lulas, estimuladas por un l\u00e1ser.<\/strong>&nbsp;Estas c\u00e9lulas se mueven a trav\u00e9s de una corriente de l\u00edquido. La fluorescencia hace que se abra una compuerta, lo que permite desviar, muestrear y concentrar c\u00e9lulas individuales en el flujo de l\u00edquido.<\/p>\n\n\n\n<figure class=\"wp-block-image is-style-default\"><a href=\"https:\/\/images.theconversation.com\/files\/551051\/original\/file-20230928-25-iu74im.jpg?ixlib=rb-1.1.0&amp;q=45&amp;auto=format&amp;w=1000&amp;fit=clip\" target=\"_blank\" rel=\"noreferrer noopener\"><img decoding=\"async\" src=\"https:\/\/images.theconversation.com\/files\/551051\/original\/file-20230928-25-iu74im.jpg?ixlib=rb-1.1.0&amp;q=45&amp;auto=format&amp;w=754&amp;fit=clip\" alt=\"Ilustraci\u00f3n de granos de polen.\"\/><\/a><\/figure>\n\n\n\n<p><em>IMAGEN: El polen puede ser una herramienta \u00fatil para datar pruebas de asentamientos humanos.&nbsp;<a href=\"https:\/\/www.shutterstock.com\/image-illustration\/pollen-grains-different-plants-3d-illustration-1479353525\" target=\"_blank\" rel=\"noreferrer noopener\">Kateryna Kon \/ Shutterstock<\/a><\/em>.<\/p>\n\n\n\n<p>Tenemos&nbsp;<strong>granos de polen en todas las capas de sedimentos entre las huellas de White Sands<\/strong>, lo que nos permite datarlas. La principal ventaja de disponer de tanto polen es que se pueden seleccionar plantas como los pinos, que no se ven afectadas por el agua antigua. Nuestras muestras se procesaron para concentrar&nbsp;<strong>el polen que conten\u00edan<\/strong>&nbsp;mediante citometr\u00eda de flujo.<\/p>\n\n\n\n<p>Tras<strong>&nbsp;<\/strong>un a\u00f1o o m\u00e1s de laborioso y costoso trabajo de laboratorio, obtuvimos como recompensa unas&nbsp;<strong>fechas basadas en el polen de los pinos que validaban la cronolog\u00eda original de las huellas<\/strong>. Tambi\u00e9n demostraron que&nbsp;<strong>los antiguos efectos del agua estaban ausentes en este yacimiento.<\/strong><\/p>\n\n\n\n<p>El polen nos permiti\u00f3, asimismo,&nbsp;<strong>reconstruir la vegetaci\u00f3n que crec\u00eda cuando las personas dejaron las huellas<\/strong>. Obtuvimos exactamente los tipos de plantas que esperar\u00edamos que hubieran existido durante la Edad de Hielo en Nuevo M\u00e9xico.<\/p>\n\n\n\n<p>Un dato interesante es que utilizamos una t\u00e9cnica de dataci\u00f3n diferente llamada&nbsp;<a href=\"https:\/\/www.nature.com\/articles\/s43586-021-00068-5\" target=\"_blank\" rel=\"noreferrer noopener\"><strong>luminiscencia \u00f3pticamente estimulada<\/strong><\/a>&nbsp;(OSL, por sus siglas inglesas) como comprobaci\u00f3n independiente. La OSL se basa en la&nbsp;<strong>acumulaci\u00f3n de energ\u00eda en el interior de granos de cuarzo enterrados a lo largo del tiempo<\/strong>. Esta energ\u00eda procede de la<strong>&nbsp;radiaci\u00f3n de fondo<\/strong>&nbsp;que nos rodea.<\/p>\n\n\n\n<p><strong>Cuanta m\u00e1s energ\u00eda encontremos, m\u00e1s antiguos&nbsp;<\/strong>podremos suponer que son los granos de cuarzo. Esta energ\u00eda se libera cuando el cuarzo se expone a la luz, por lo que lo que se est\u00e1 datando es&nbsp;<strong>la \u00faltima vez que los granos de cuarzo vieron la luz del sol.<\/strong><\/p>\n\n\n\n<h2 class=\"wp-block-heading\">Cu\u00e1ndo llegaron los humanos a Am\u00e9rica<\/h2>\n\n\n\n<p>Para tomar muestras del cuarzo enterrado se introducen&nbsp;<strong>tubos met\u00e1licos en el sedimento<\/strong>&nbsp;y se extraen con cuidado para&nbsp;<strong>evitar exponerlos a la luz<\/strong>. Se toman granos de cuarzo del centro del tubo, se exponen a la luz en el laboratorio y&nbsp;<strong>se mide la luz emitida por los granos<\/strong>. Esto&nbsp;<strong>revela su edad<\/strong>. Las fechas obtenidas mediante OSL corroboraron las que hab\u00edamos obtenido con otras t\u00e9cnicas.<\/p>\n\n\n\n<p>Los diminutos granos de polen y una maravillosa tecnolog\u00eda m\u00e9dica nos ayudaron a&nbsp;<strong>confirmar las fechas en que se dejaron las huellas<\/strong>&nbsp;y, por ende,&nbsp;<strong>cu\u00e1ndo llegaron los humanos a Am\u00e9rica.<\/strong><\/p>\n\n\n\n<p><a href=\"https:\/\/theconversation.com\/profiles\/matthew-robert-bennett-311448\" target=\"_blank\" rel=\"noreferrer noopener\"><strong>Matthew Robert Bennett<\/strong><\/a>, Professor of Environmental and Geographical Sciences,&nbsp;<a href=\"https:\/\/theconversation.com\/institutions\/bournemouth-university-1215\" target=\"_blank\" rel=\"noreferrer noopener\">Bournemouth University<\/a>&nbsp;y&nbsp;<a href=\"https:\/\/theconversation.com\/profiles\/sally-christine-reynolds-431482\" target=\"_blank\" rel=\"noreferrer noopener\"><strong>Sally Christine Reynolds<\/strong><\/a>, Associate Professor in Hominin Palaeoecology,&nbsp;<a href=\"https:\/\/theconversation.com\/institutions\/bournemouth-university-1215\" target=\"_blank\" rel=\"noreferrer noopener\">Bournemouth University<\/a>.<\/p>\n\n\n\n<p>Este art\u00edculo fue publicado originalmente en&nbsp;<a href=\"https:\/\/theconversation.com\/\" target=\"_blank\" rel=\"noreferrer noopener\">The Conversation<\/a>. Lea el&nbsp;<a href=\"https:\/\/theconversation.com\/los-humanos-llegaron-a-america-7-000-anos-antes-de-lo-que-se-pensaba-215316\" target=\"_blank\" rel=\"noreferrer noopener\">original<\/a>.<\/p>\n","protected":false},"excerpt":{"rendered":"<p>Los expertos del siglo XX cre\u00edan que la aparici\u00f3n de los humanos coincidi\u00f3 con la formaci\u00f3n de un corredor libre [&hellip;]<\/p>\n","protected":false},"author":1,"featured_media":60875,"comment_status":"open","ping_status":"open","sticky":false,"template":"","format":"standard","meta":{"site-sidebar-layout":"default","site-content-layout":"","ast-site-content-layout":"default","site-content-style":"default","site-sidebar-style":"default","ast-global-header-display":"","ast-banner-title-visibility":"","ast-main-header-display":"","ast-hfb-above-header-display":"","ast-hfb-below-header-display":"","ast-hfb-mobile-header-display":"","site-post-title":"","ast-breadcrumbs-content":"","ast-featured-img":"","footer-sml-layout":"","theme-transparent-header-meta":"","adv-header-id-meta":"","stick-header-meta":"","header-above-stick-meta":"","header-main-stick-meta":"","header-below-stick-meta":"","astra-migrate-meta-layouts":"default","ast-page-background-enabled":"default","ast-page-background-meta":{"desktop":{"background-color":"var(--ast-global-color-4)","background-image":"","background-repeat":"repeat","background-position":"center center","background-size":"auto","background-attachment":"scroll","background-type":"","background-media":"","overlay-type":"","overlay-color":"","overlay-opacity":"","overlay-gradient":""},"tablet":{"background-color":"","background-image":"","background-repeat":"repeat","background-position":"center center","background-size":"auto","background-attachment":"scroll","background-type":"","background-media":"","overlay-type":"","overlay-color":"","overlay-opacity":"","overlay-gradient":""},"mobile":{"background-color":"","background-image":"","background-repeat":"repeat","background-position":"center center","background-size":"auto","background-attachment":"scroll","background-type":"","background-media":"","overlay-type":"","overlay-color":"","overlay-opacity":"","overlay-gradient":""}},"ast-content-background-meta":{"desktop":{"background-color":"var(--ast-global-color-5)","background-image":"","background-repeat":"repeat","background-position":"center center","background-size":"auto","background-attachment":"scroll","background-type":"","background-media":"","overlay-type":"","overlay-color":"","overlay-opacity":"","overlay-gradient":""},"tablet":{"background-color":"var(--ast-global-color-5)","background-image":"","background-repeat":"repeat","background-position":"center center","background-size":"auto","background-attachment":"scroll","background-type":"","background-media":"","overlay-type":"","overlay-color":"","overlay-opacity":"","overlay-gradient":""},"mobile":{"background-color":"var(--ast-global-color-5)","background-image":"","background-repeat":"repeat","background-position":"center center","background-size":"auto","background-attachment":"scroll","background-type":"","background-media":"","overlay-type":"","overlay-color":"","overlay-opacity":"","overlay-gradient":""}},"footnotes":""},"categories":[8],"tags":[],"class_list":["post-60874","post","type-post","status-publish","format-standard","has-post-thumbnail","hentry","category-noticias"],"_links":{"self":[{"href":"https:\/\/losperiodistas.com.mx\/portal\/wp-json\/wp\/v2\/posts\/60874","targetHints":{"allow":["GET"]}}],"collection":[{"href":"https:\/\/losperiodistas.com.mx\/portal\/wp-json\/wp\/v2\/posts"}],"about":[{"href":"https:\/\/losperiodistas.com.mx\/portal\/wp-json\/wp\/v2\/types\/post"}],"author":[{"embeddable":true,"href":"https:\/\/losperiodistas.com.mx\/portal\/wp-json\/wp\/v2\/users\/1"}],"replies":[{"embeddable":true,"href":"https:\/\/losperiodistas.com.mx\/portal\/wp-json\/wp\/v2\/comments?post=60874"}],"version-history":[{"count":1,"href":"https:\/\/losperiodistas.com.mx\/portal\/wp-json\/wp\/v2\/posts\/60874\/revisions"}],"predecessor-version":[{"id":60876,"href":"https:\/\/losperiodistas.com.mx\/portal\/wp-json\/wp\/v2\/posts\/60874\/revisions\/60876"}],"wp:featuredmedia":[{"embeddable":true,"href":"https:\/\/losperiodistas.com.mx\/portal\/wp-json\/wp\/v2\/media\/60875"}],"wp:attachment":[{"href":"https:\/\/losperiodistas.com.mx\/portal\/wp-json\/wp\/v2\/media?parent=60874"}],"wp:term":[{"taxonomy":"category","embeddable":true,"href":"https:\/\/losperiodistas.com.mx\/portal\/wp-json\/wp\/v2\/categories?post=60874"},{"taxonomy":"post_tag","embeddable":true,"href":"https:\/\/losperiodistas.com.mx\/portal\/wp-json\/wp\/v2\/tags?post=60874"}],"curies":[{"name":"wp","href":"https:\/\/api.w.org\/{rel}","templated":true}]}}