{"id":6085,"date":"2021-03-23T07:59:27","date_gmt":"2021-03-23T13:59:27","guid":{"rendered":"http:\/\/losperiodistas.com.mx\/portal\/?p=6085"},"modified":"2021-03-23T07:59:28","modified_gmt":"2021-03-23T13:59:28","slug":"coronavirus-como-el-resfriado-comun-puede-desalojar-la-covid-19-de-tu-organismo-bbc","status":"publish","type":"post","link":"https:\/\/losperiodistas.com.mx\/portal\/coronavirus-como-el-resfriado-comun-puede-desalojar-la-covid-19-de-tu-organismo-bbc\/","title":{"rendered":"Coronavirus: c\u00f3mo el resfriado com\u00fan puede desalojar la covid-19 de tu organismo | BBC"},"content":{"rendered":"\n<p style=\"font-size:18px\"><em>Se sabe que algunos virus compiten para poder ser el causante de una infecci\u00f3n.<\/em><\/p>\n\n\n\n<figure class=\"wp-block-image size-large\"><img fetchpriority=\"high\" decoding=\"async\" width=\"1024\" height=\"580\" src=\"https:\/\/losperiodistas.com.mx\/portal\/wp-content\/uploads\/2021\/03\/Captura-de-Pantalla-2021-03-23-a-las-7.56.37-1024x580.jpg\" alt=\"\" class=\"wp-image-6086\" srcset=\"https:\/\/losperiodistas.com.mx\/portal\/wp-content\/uploads\/2021\/03\/Captura-de-Pantalla-2021-03-23-a-las-7.56.37-1024x580.jpg 1024w, https:\/\/losperiodistas.com.mx\/portal\/wp-content\/uploads\/2021\/03\/Captura-de-Pantalla-2021-03-23-a-las-7.56.37-300x170.jpg 300w, https:\/\/losperiodistas.com.mx\/portal\/wp-content\/uploads\/2021\/03\/Captura-de-Pantalla-2021-03-23-a-las-7.56.37-768x435.jpg 768w, https:\/\/losperiodistas.com.mx\/portal\/wp-content\/uploads\/2021\/03\/Captura-de-Pantalla-2021-03-23-a-las-7.56.37.jpg 1286w\" sizes=\"(max-width: 1024px) 100vw, 1024px\" \/><\/figure>\n\n\n\n<p class=\"has-vivid-cyan-blue-color has-text-color has-medium-font-size\">JAMES GALLAGHER \/ BBC<\/p>\n\n\n\n<p><strong>El virus que causa el resfriado com\u00fan puede efectivamente expulsar al virus que causa la covid-19 de las c\u00e9lulas del organismo, descubrieron investigadores de Reino Unido.<\/strong><\/p>\n\n\n\n<p>Se sabe que algunos virus compiten para poder ser el causante de una infecci\u00f3n.<\/p>\n\n\n\n<p>Y seg\u00fan los cient\u00edficos de la Universidad de Glasgow, en Escocia, parece que el rinovirus que causa el resfriado triunfa sobre el coronavirus.<\/p>\n\n\n\n<p><strong>Los beneficios pueden ser de corta duraci\u00f3n, pero explican que el rinovirus est\u00e1 tan extendido, que a\u00fan as\u00ed podr\u00eda ayudar a suprimir el\u00a0SARS-CoV-2<\/strong>.<\/p>\n\n\n\n<p>Piensa en las c\u00e9lulas de tu nariz, tu garganta y tus pulmones como si fueran una hilera de casas.<\/p>\n\n\n\n<p>Una vez que un virus ingresa, puede mantener la puerta abierta para que entren otros virus, o puede la puede cerrar con llave y mantener su nuevo hogar para s\u00ed mismo.<\/p>\n\n\n\n<p>En ese sentido, el virus de la influenza es uno de los pat\u00f3genos m\u00e1s ego\u00edstas que existen y casi siempre infecta solo.<\/p>\n\n\n\n<p>Otros, como los adenovirus, parecen ser<strong>&nbsp;m\u00e1s aptos para compartir una casa.<\/strong><\/p>\n\n\n\n<p>Se ha especulado mucho sobre c\u00f3mo el SARS-CoV-2 se comporta en el misterioso mundo de las<strong>&nbsp;\u00abinteracciones virus-virus\u00bb<\/strong>.<\/p>\n\n\n\n<p>El desaf\u00edo para los cient\u00edficos es que tras&nbsp;<strong>un a\u00f1o de distanciamiento social se ha ralentizado la propagaci\u00f3n de todos los virus y ha dificultado mucho su estudio<\/strong>.<\/p>\n\n\n\n<p>El equipo del Centro de Investigaci\u00f3n de Virus en Glasgow us\u00f3 una r\u00e9plica del revestimiento de nuestras v\u00edas respiratorias, hecha del mismo tipo de c\u00e9lulas, y la infect\u00f3 con SARS-CoV-2 y rinovirus, que es una de las infecciones m\u00e1s extendidas en personas y una causa del resfriado com\u00fan.<\/p>\n\n\n\n<p>Cuando el rinovirus y el SARS-CoV-2 fueron liberados al mismo tiempo, solo el rinovirus tuvo \u00e9xito en la infecci\u00f3n.<\/p>\n\n\n\n<p>Las veces que el rinovirus se liber\u00f3 con una ventaja de 24 horas, el SARS-CoV-2 no tuvo ninguna oportunidad de ganar la competencia.<\/p>\n\n\n\n<p>E incluso cuando se le dio al SARS-CoV-2 una ventaja de 24 horas, el rinovirus lo venci\u00f3.<\/p>\n\n\n\n<p>\u00abEl SARS-CoV-2 nunca levanta vuelo, est\u00e1 fuertemente inhibido por el rinovirus\u00bb, le explica el doctor Pablo Murcia a la BBC.<\/p>\n\n\n\n<p>\u00abEsto es absolutamente emocionante porque si se tiene una alta prevalencia de rinovirus,&nbsp;<strong>esto podr\u00eda detener nuevas infecciones de S<\/strong><strong>ARS<\/strong><strong>-CoV-2&#8243;<\/strong>, a\u00f1ade.<\/p>\n\n\n\n<figure class=\"wp-block-image\"><img decoding=\"async\" src=\"https:\/\/ichef.bbci.co.uk\/news\/640\/cpsprodpb\/C842\/production\/_117666215_virusnosegraphic.jpg\" alt=\"virus\"\/><figcaption>Pie de foto,Un gran brote de rinovirus pudo haber retrasado la pandemia de gripe porcina de 2009 en algunas partes de Europa.<\/figcaption><\/figure>\n\n\n\n<p>Se han visto efectos similares antes. Un gran brote de rinovirus pudo haber retrasado la pandemia de gripe porcina de 2009 en algunas partes de Europa.<\/p>\n\n\n\n<p>Otros experimentos demostraron que<strong>&nbsp;el rinovirus desencadena una respuesta inmune dentro de las c\u00e9lulas&nbsp;<\/strong>infectadas, lo que bloquea la capacidad del SARS-CoV-2 para hacer copias de s\u00ed mismo.<\/p>\n\n\n\n<p>Cuando los cient\u00edficos bloquearon la respuesta inmune, los niveles del virus de la covid-19 eran los mismos que si no hubiera habido rinovirus.<\/p>\n\n\n\n<h2 class=\"wp-block-heading\" id=\"Invierno-dif\u00edcil-\">\u00abInvierno dif\u00edcil\u00bb<\/h2>\n\n\n\n<p>Sin embargo, el virus de la covid-19 podr\u00eda ser capaz de volver a causar una infecci\u00f3n una vez que el resfriado ha pasado y la respuesta inmune se ha calmado.<\/p>\n\n\n\n<p>El doctor Murcia se\u00f1ala que \u00abla vacunaci\u00f3n, m\u00e1s las medidas de higiene, m\u00e1s las interacciones entre los virus, podr\u00edan reducir considerablemente la incidencia de SARS-CoV-2, pero el efecto m\u00e1ximo provendr\u00e1 de la&nbsp;<strong>vacunaci\u00f3n<\/strong>\u00ab.<\/p>\n\n\n\n<p>El profesor Lawrence Young, de la Escuela de Medicina de Warwick, Inglaterra, indica que los rinovirus humanos, la causa m\u00e1s frecuente del resfriado com\u00fan, son \u00abaltamente transmisibles\u00bb.<\/p>\n\n\n\n<p>Agrega que este estudio sugiere que \u00abesta infecci\u00f3n com\u00fan podr\u00eda afectar la carga de covid-19 e influir en la propagaci\u00f3n del SARS-CoV-2, particularmente durante los meses de oto\u00f1o e invierno, cuando los resfriados estacionales son m\u00e1s frecuentes\u00bb.<\/p>\n\n\n\n<p>A\u00fan se&nbsp;<strong>desconoce c\u00f3mo esto impactar\u00e1&nbsp;<\/strong><strong>exactamente&nbsp;<\/strong><strong>en los inviernos futuros<\/strong>.<\/p>\n\n\n\n<p>Es probable que el coronavirus todav\u00eda est\u00e9 presente, y todas las dem\u00e1s infecciones que se han suprimido durante la pandemia podr\u00edan recuperarse a medida que disminuya la inmunidad contra ellas.<\/p>\n\n\n\n<figure class=\"wp-block-image\"><img decoding=\"async\" src=\"https:\/\/ichef.bbci.co.uk\/news\/640\/cpsprodpb\/2520\/production\/_111240590_gettyimages-1203426591.jpg\" alt=\"Coronavirus\"\/><figcaption>Pie de foto,A\u00fan se desconoce exactamente c\u00f3mo esto impactar\u00e1 en los inviernos futuros.<\/figcaption><\/figure>\n\n\n\n<p>La doctora Susan Hopkins, del organismo de Salud P\u00fablica de Inglaterra, ya ha advertido que sobre un \u00abinvierno duro\u00bb como resultado.<\/p>\n\n\n\n<p>\u00abPodr\u00edamos ver un aumento repentino de la gripe, de otros virus respiratorios y de otros pat\u00f3genos respiratorios\u00bb, indic\u00f3.<\/p>\n\n\n\n<p>Los resultados de la investigaci\u00f3n se publicaron en la revista especializada\u00a0<em>Journal of Infectious Diseases<\/em>.<\/p>\n\n\n\n<p>Fuente: https:\/\/www.bbc.com\/mundo\/noticias-56498287<\/p>\n","protected":false},"excerpt":{"rendered":"<p>Se sabe que algunos virus compiten para poder ser el causante de una infecci\u00f3n. JAMES GALLAGHER \/ BBC El virus [&hellip;]<\/p>\n","protected":false},"author":1,"featured_media":6086,"comment_status":"open","ping_status":"open","sticky":false,"template":"","format":"standard","meta":{"site-sidebar-layout":"default","site-content-layout":"","ast-site-content-layout":"default","site-content-style":"default","site-sidebar-style":"default","ast-global-header-display":"","ast-banner-title-visibility":"","ast-main-header-display":"","ast-hfb-above-header-display":"","ast-hfb-below-header-display":"","ast-hfb-mobile-header-display":"","site-post-title":"","ast-breadcrumbs-content":"","ast-featured-img":"","footer-sml-layout":"","theme-transparent-header-meta":"","adv-header-id-meta":"","stick-header-meta":"","header-above-stick-meta":"","header-main-stick-meta":"","header-below-stick-meta":"","astra-migrate-meta-layouts":"default","ast-page-background-enabled":"default","ast-page-background-meta":{"desktop":{"background-color":"var(--ast-global-color-4)","background-image":"","background-repeat":"repeat","background-position":"center center","background-size":"auto","background-attachment":"scroll","background-type":"","background-media":"","overlay-type":"","overlay-color":"","overlay-opacity":"","overlay-gradient":""},"tablet":{"background-color":"","background-image":"","background-repeat":"repeat","background-position":"center center","background-size":"auto","background-attachment":"scroll","background-type":"","background-media":"","overlay-type":"","overlay-color":"","overlay-opacity":"","overlay-gradient":""},"mobile":{"background-color":"","background-image":"","background-repeat":"repeat","background-position":"center center","background-size":"auto","background-attachment":"scroll","background-type":"","background-media":"","overlay-type":"","overlay-color":"","overlay-opacity":"","overlay-gradient":""}},"ast-content-background-meta":{"desktop":{"background-color":"var(--ast-global-color-5)","background-image":"","background-repeat":"repeat","background-position":"center center","background-size":"auto","background-attachment":"scroll","background-type":"","background-media":"","overlay-type":"","overlay-color":"","overlay-opacity":"","overlay-gradient":""},"tablet":{"background-color":"var(--ast-global-color-5)","background-image":"","background-repeat":"repeat","background-position":"center center","background-size":"auto","background-attachment":"scroll","background-type":"","background-media":"","overlay-type":"","overlay-color":"","overlay-opacity":"","overlay-gradient":""},"mobile":{"background-color":"var(--ast-global-color-5)","background-image":"","background-repeat":"repeat","background-position":"center center","background-size":"auto","background-attachment":"scroll","background-type":"","background-media":"","overlay-type":"","overlay-color":"","overlay-opacity":"","overlay-gradient":""}},"footnotes":""},"categories":[8],"tags":[659],"class_list":["post-6085","post","type-post","status-publish","format-standard","has-post-thumbnail","hentry","category-noticias","tag-resfriados-t-covid-19"],"_links":{"self":[{"href":"https:\/\/losperiodistas.com.mx\/portal\/wp-json\/wp\/v2\/posts\/6085","targetHints":{"allow":["GET"]}}],"collection":[{"href":"https:\/\/losperiodistas.com.mx\/portal\/wp-json\/wp\/v2\/posts"}],"about":[{"href":"https:\/\/losperiodistas.com.mx\/portal\/wp-json\/wp\/v2\/types\/post"}],"author":[{"embeddable":true,"href":"https:\/\/losperiodistas.com.mx\/portal\/wp-json\/wp\/v2\/users\/1"}],"replies":[{"embeddable":true,"href":"https:\/\/losperiodistas.com.mx\/portal\/wp-json\/wp\/v2\/comments?post=6085"}],"version-history":[{"count":1,"href":"https:\/\/losperiodistas.com.mx\/portal\/wp-json\/wp\/v2\/posts\/6085\/revisions"}],"predecessor-version":[{"id":6087,"href":"https:\/\/losperiodistas.com.mx\/portal\/wp-json\/wp\/v2\/posts\/6085\/revisions\/6087"}],"wp:featuredmedia":[{"embeddable":true,"href":"https:\/\/losperiodistas.com.mx\/portal\/wp-json\/wp\/v2\/media\/6086"}],"wp:attachment":[{"href":"https:\/\/losperiodistas.com.mx\/portal\/wp-json\/wp\/v2\/media?parent=6085"}],"wp:term":[{"taxonomy":"category","embeddable":true,"href":"https:\/\/losperiodistas.com.mx\/portal\/wp-json\/wp\/v2\/categories?post=6085"},{"taxonomy":"post_tag","embeddable":true,"href":"https:\/\/losperiodistas.com.mx\/portal\/wp-json\/wp\/v2\/tags?post=6085"}],"curies":[{"name":"wp","href":"https:\/\/api.w.org\/{rel}","templated":true}]}}