{"id":6078,"date":"2021-03-23T07:35:23","date_gmt":"2021-03-23T13:35:23","guid":{"rendered":"http:\/\/losperiodistas.com.mx\/portal\/?p=6078"},"modified":"2021-03-23T07:35:24","modified_gmt":"2021-03-23T13:35:24","slug":"arturo-herrera-estima-80-millones-de-vacunados-en-mexico-para-julio-sdp","status":"publish","type":"post","link":"https:\/\/losperiodistas.com.mx\/portal\/arturo-herrera-estima-80-millones-de-vacunados-en-mexico-para-julio-sdp\/","title":{"rendered":"Arturo Herrera estima 80 millones de vacunados en M\u00e9xico para julio | SDP"},"content":{"rendered":"\n<p style=\"font-size:18px\"><em>Arturo Herrera, titular de la SHCP, asegur\u00f3 que la recuperaci\u00f3n econ\u00f3mica depende del ritmo de vacunaci\u00f3n contra el Covid-19<\/em><\/p>\n\n\n\n<figure class=\"wp-block-image size-large\"><img fetchpriority=\"high\" decoding=\"async\" width=\"1024\" height=\"575\" src=\"https:\/\/losperiodistas.com.mx\/portal\/wp-content\/uploads\/2021\/03\/Captura-de-Pantalla-2021-03-23-a-las-7.32.53-1024x575.jpg\" alt=\"\" class=\"wp-image-6080\" srcset=\"https:\/\/losperiodistas.com.mx\/portal\/wp-content\/uploads\/2021\/03\/Captura-de-Pantalla-2021-03-23-a-las-7.32.53-1024x575.jpg 1024w, https:\/\/losperiodistas.com.mx\/portal\/wp-content\/uploads\/2021\/03\/Captura-de-Pantalla-2021-03-23-a-las-7.32.53-300x168.jpg 300w, https:\/\/losperiodistas.com.mx\/portal\/wp-content\/uploads\/2021\/03\/Captura-de-Pantalla-2021-03-23-a-las-7.32.53-768x431.jpg 768w, https:\/\/losperiodistas.com.mx\/portal\/wp-content\/uploads\/2021\/03\/Captura-de-Pantalla-2021-03-23-a-las-7.32.53-1536x862.jpg 1536w, https:\/\/losperiodistas.com.mx\/portal\/wp-content\/uploads\/2021\/03\/Captura-de-Pantalla-2021-03-23-a-las-7.32.53.jpg 1610w\" sizes=\"(max-width: 1024px) 100vw, 1024px\" \/><\/figure>\n\n\n\n<p class=\"has-vivid-cyan-blue-color has-text-color has-medium-font-size\">BERENICE SANTOS \/ SDP NOTICIAS<\/p>\n\n\n\n<p id=\"m105-104-106\">M\u00e9xico.- El secretario de Hacienda y Cr\u00e9dito P\u00fablico&nbsp;<strong>(SHCP)<\/strong>,&nbsp;<strong>Arturo Herrera,&nbsp;<\/strong>explic\u00f3 que la<strong>&nbsp;recuperaci\u00f3n econ\u00f3mica&nbsp;<\/strong>en&nbsp;<strong>M\u00e9xico<\/strong>&nbsp;depender\u00e1 del ritmo de&nbsp;<strong>vacunaci\u00f3n<\/strong>&nbsp;contra el&nbsp;<strong>Covid-19&nbsp;<\/strong>y estim\u00f3 que para julio al menos<strong>&nbsp;80 millones de mexicanos&nbsp;<\/strong>estar\u00e1n<strong>&nbsp;vacunados,<\/strong><\/p>\n\n\n\n<p id=\"m110-109-111\">Este 22 de marzo,&nbsp;<strong>Arturo Herrera&nbsp;<\/strong>particip\u00f3 en la catedra \u201cEconom\u00eda mexicana y respuestas ante&nbsp;<strong>Covid-19<\/strong>\u201d impartida por la Facultad de Econom\u00eda de la UNAM, en la cual adelant\u00f3 que en los pr\u00f3ximos 15 d\u00edas llegar\u00e1n al pa\u00eds&nbsp;8.7 millones de dosis&nbsp;de la&nbsp;<strong>vacuna<\/strong>&nbsp;contra&nbsp;<a href=\"https:\/\/www.sdpnoticias.com\/internacional\/coronavirus-hoy-ultima-hora-estadisticas-marzo-mexico-mundo.html\" target=\"_blank\" rel=\"noreferrer noopener\">coronavirus.&nbsp;<\/a>\u201cEl programa de vacunaci\u00f3n va muy bien, est\u00e1 llegando a su fase acelerada, y creo que, si somos prudentes algunas semanas m\u00e1s, estaremos viendo niveles de vacunaci\u00f3n donde estaremos en los de 20, 30 millones de personas ya vacunadas\u201dArturo Herrera, titular de la SCHPPuedes leer:&nbsp;<\/p>\n\n\n\n<figure class=\"wp-block-image\"><a href=\"https:\/\/www.sdpnoticias.com\/enelshow\/famosos\/muere-padre-actriz-carmen-madrid-guillermo-flores-montiel-covid-19-vacuna-sputnik-v.html\"><img decoding=\"async\" src=\"https:\/\/www.sdpnoticias.com\/files\/image_140_80\/uploads\/2021\/03\/21\/carmen-madrid.jpeg\" alt=\"\"\/><\/a><\/figure>\n\n\n\n<h3 class=\"wp-block-heading\"><a href=\"https:\/\/www.sdpnoticias.com\/enelshow\/famosos\/muere-padre-actriz-carmen-madrid-guillermo-flores-montiel-covid-19-vacuna-sputnik-v.html\">Carmen Madrid: Muere su pap\u00e1 tras vacunarse contra el Covid-19<\/a><\/h3>\n\n\n\n<h2 class=\"wp-block-heading\" id=\"m167-166-168\">M\u00e9xico tiene contratos para vacunar a 168 millones de personas<\/h2>\n\n\n\n<p id=\"m172-171-173\">El Gobierno de M\u00e9xico comenz\u00f3 su<strong>&nbsp;Plan de Vacunaci\u00f3n&nbsp;<\/strong>el pasado 24 de diciembre y tiene contratos para&nbsp;<strong>vacunar&nbsp;<\/strong>a 168 millones de personas contra el<strong>&nbsp;Covid-19<\/strong>, cuando el pa\u00eds tiene s\u00f3lo 126 millones. Sin embargo, hubo retrasos con las entregas de&nbsp;<strong>vacunas<\/strong>, destac\u00f3<strong>&nbsp;Arturo Herrera.<\/strong><\/p>\n\n\n\n<p id=\"m177-176-178\">El monto de los primeros contratos de compra de vacunas contra el&nbsp;<strong>Covid-19&nbsp;<\/strong>fue de 32 mil millones de pesos; s\u00f3lo se han pagado alrededor de 14 mil millones de pesos, detall\u00f3&nbsp;<strong>Arturo Herrera<\/strong>.<\/p>\n\n\n\n<p id=\"m182-181-183\">Hasta el 22 de enero,&nbsp;<strong>M\u00e9xico<\/strong>&nbsp;hab\u00eda aplicado 5 millones 781 mil 359 dosis de la vacuna contra el&nbsp;<strong>Covid-19,&nbsp;<\/strong>de acuerdo con datos de la Secretar\u00eda de Salud.Recomendamos:&nbsp;<\/p>\n\n\n\n<figure class=\"wp-block-image\"><a href=\"https:\/\/www.sdpnoticias.com\/internacional\/investigadores-descubren-nueva-variante-coronavirus-covid-19-belgica.html\"><img decoding=\"async\" src=\"https:\/\/www.sdpnoticias.com\/files\/image_140_80\/uploads\/2021\/03\/22\/atencion-coronavirus.jpeg\" alt=\"\"\/><\/a><\/figure>\n\n\n\n<h3 class=\"wp-block-heading\"><a href=\"https:\/\/www.sdpnoticias.com\/internacional\/investigadores-descubren-nueva-variante-coronavirus-covid-19-belgica.html\">Descubren nueva variante de Covid-19 en B\u00e9lgica<\/a><\/h3>\n\n\n\n<h2 class=\"wp-block-heading\" id=\"m223-222-224\">La econom\u00eda de M\u00e9xico cay\u00f3 18.7% por Covid-19<\/h2>\n\n\n\n<p id=\"m228-227-229\">El funcionario explic\u00f3 que las medidas de confinamiento por&nbsp;<strong>Covid-19<\/strong>&nbsp;ocasionaron que durante el segundo trimestre de 2020 la econom\u00eda cayera&nbsp;18.7 por ciento a tasa anual.&nbsp;Fue la perdida m\u00e1s grande despu\u00e9s de 2009, cuando cay\u00f3 8.9 por ciento, hab\u00eda una crisis financiera y la epidemia de influenza.&nbsp;<\/p>\n\n\n\n<p id=\"m233-232-234\">El secretario de Hacienda y Cr\u00e9dito P\u00fablico,\u00a0<strong>Arturo Herrera<\/strong>, pidi\u00f3 a la poblaci\u00f3n \u201cser prudente\u201d en el periodo vacacional de Semana Santa, para evitar una tercera ola de\u00a0<strong>Covid-19\u00a0<\/strong>y la pandemia pase relativamente r\u00e1pido.<\/p>\n\n\n\n<p>Fuente: https:\/\/www.sdpnoticias.com\/nacional\/arturo-herrera-estima-julio-millones-mexicanos-vacunados-contra-covid-19.html<\/p>\n","protected":false},"excerpt":{"rendered":"<p>Arturo Herrera, titular de la SHCP, asegur\u00f3 que la recuperaci\u00f3n econ\u00f3mica depende del ritmo de vacunaci\u00f3n contra el Covid-19 BERENICE [&hellip;]<\/p>\n","protected":false},"author":1,"featured_media":6080,"comment_status":"open","ping_status":"open","sticky":false,"template":"","format":"standard","meta":{"site-sidebar-layout":"default","site-content-layout":"","ast-site-content-layout":"default","site-content-style":"default","site-sidebar-style":"default","ast-global-header-display":"","ast-banner-title-visibility":"","ast-main-header-display":"","ast-hfb-above-header-display":"","ast-hfb-below-header-display":"","ast-hfb-mobile-header-display":"","site-post-title":"","ast-breadcrumbs-content":"","ast-featured-img":"","footer-sml-layout":"","theme-transparent-header-meta":"","adv-header-id-meta":"","stick-header-meta":"","header-above-stick-meta":"","header-main-stick-meta":"","header-below-stick-meta":"","astra-migrate-meta-layouts":"default","ast-page-background-enabled":"default","ast-page-background-meta":{"desktop":{"background-color":"var(--ast-global-color-4)","background-image":"","background-repeat":"repeat","background-position":"center center","background-size":"auto","background-attachment":"scroll","background-type":"","background-media":"","overlay-type":"","overlay-color":"","overlay-opacity":"","overlay-gradient":""},"tablet":{"background-color":"","background-image":"","background-repeat":"repeat","background-position":"center center","background-size":"auto","background-attachment":"scroll","background-type":"","background-media":"","overlay-type":"","overlay-color":"","overlay-opacity":"","overlay-gradient":""},"mobile":{"background-color":"","background-image":"","background-repeat":"repeat","background-position":"center center","background-size":"auto","background-attachment":"scroll","background-type":"","background-media":"","overlay-type":"","overlay-color":"","overlay-opacity":"","overlay-gradient":""}},"ast-content-background-meta":{"desktop":{"background-color":"var(--ast-global-color-5)","background-image":"","background-repeat":"repeat","background-position":"center center","background-size":"auto","background-attachment":"scroll","background-type":"","background-media":"","overlay-type":"","overlay-color":"","overlay-opacity":"","overlay-gradient":""},"tablet":{"background-color":"var(--ast-global-color-5)","background-image":"","background-repeat":"repeat","background-position":"center center","background-size":"auto","background-attachment":"scroll","background-type":"","background-media":"","overlay-type":"","overlay-color":"","overlay-opacity":"","overlay-gradient":""},"mobile":{"background-color":"var(--ast-global-color-5)","background-image":"","background-repeat":"repeat","background-position":"center center","background-size":"auto","background-attachment":"scroll","background-type":"","background-media":"","overlay-type":"","overlay-color":"","overlay-opacity":"","overlay-gradient":""}},"footnotes":""},"categories":[8],"tags":[657,658],"class_list":["post-6078","post","type-post","status-publish","format-standard","has-post-thumbnail","hentry","category-noticias","tag-arturo-herrera-shcp","tag-julio-mexico-80-millones-de-vacunados-en-mexico"],"_links":{"self":[{"href":"https:\/\/losperiodistas.com.mx\/portal\/wp-json\/wp\/v2\/posts\/6078","targetHints":{"allow":["GET"]}}],"collection":[{"href":"https:\/\/losperiodistas.com.mx\/portal\/wp-json\/wp\/v2\/posts"}],"about":[{"href":"https:\/\/losperiodistas.com.mx\/portal\/wp-json\/wp\/v2\/types\/post"}],"author":[{"embeddable":true,"href":"https:\/\/losperiodistas.com.mx\/portal\/wp-json\/wp\/v2\/users\/1"}],"replies":[{"embeddable":true,"href":"https:\/\/losperiodistas.com.mx\/portal\/wp-json\/wp\/v2\/comments?post=6078"}],"version-history":[{"count":1,"href":"https:\/\/losperiodistas.com.mx\/portal\/wp-json\/wp\/v2\/posts\/6078\/revisions"}],"predecessor-version":[{"id":6081,"href":"https:\/\/losperiodistas.com.mx\/portal\/wp-json\/wp\/v2\/posts\/6078\/revisions\/6081"}],"wp:featuredmedia":[{"embeddable":true,"href":"https:\/\/losperiodistas.com.mx\/portal\/wp-json\/wp\/v2\/media\/6080"}],"wp:attachment":[{"href":"https:\/\/losperiodistas.com.mx\/portal\/wp-json\/wp\/v2\/media?parent=6078"}],"wp:term":[{"taxonomy":"category","embeddable":true,"href":"https:\/\/losperiodistas.com.mx\/portal\/wp-json\/wp\/v2\/categories?post=6078"},{"taxonomy":"post_tag","embeddable":true,"href":"https:\/\/losperiodistas.com.mx\/portal\/wp-json\/wp\/v2\/tags?post=6078"}],"curies":[{"name":"wp","href":"https:\/\/api.w.org\/{rel}","templated":true}]}}