{"id":6075,"date":"2021-03-23T07:24:29","date_gmt":"2021-03-23T13:24:29","guid":{"rendered":"http:\/\/losperiodistas.com.mx\/portal\/?p=6075"},"modified":"2021-03-23T07:24:31","modified_gmt":"2021-03-23T13:24:31","slug":"nueve-suspensiones-definitivas-mas-a-la-reforma-electrica-la-jornada","status":"publish","type":"post","link":"https:\/\/losperiodistas.com.mx\/portal\/nueve-suspensiones-definitivas-mas-a-la-reforma-electrica-la-jornada\/","title":{"rendered":"Nueve suspensiones definitivas m\u00e1s a la reforma el\u00e9ctrica | La Jornada"},"content":{"rendered":"\n<figure class=\"wp-block-image size-large\"><img fetchpriority=\"high\" decoding=\"async\" width=\"1024\" height=\"812\" src=\"https:\/\/losperiodistas.com.mx\/portal\/wp-content\/uploads\/2021\/03\/Captura-de-Pantalla-2021-03-23-a-las-7.22.22-1024x812.jpg\" alt=\"\" class=\"wp-image-6076\" srcset=\"https:\/\/losperiodistas.com.mx\/portal\/wp-content\/uploads\/2021\/03\/Captura-de-Pantalla-2021-03-23-a-las-7.22.22-1024x812.jpg 1024w, https:\/\/losperiodistas.com.mx\/portal\/wp-content\/uploads\/2021\/03\/Captura-de-Pantalla-2021-03-23-a-las-7.22.22-300x238.jpg 300w, https:\/\/losperiodistas.com.mx\/portal\/wp-content\/uploads\/2021\/03\/Captura-de-Pantalla-2021-03-23-a-las-7.22.22-768x609.jpg 768w, https:\/\/losperiodistas.com.mx\/portal\/wp-content\/uploads\/2021\/03\/Captura-de-Pantalla-2021-03-23-a-las-7.22.22-1536x1218.jpg 1536w, https:\/\/losperiodistas.com.mx\/portal\/wp-content\/uploads\/2021\/03\/Captura-de-Pantalla-2021-03-23-a-las-7.22.22.jpg 1914w\" sizes=\"(max-width: 1024px) 100vw, 1024px\" \/><\/figure>\n\n\n\n<p class=\"has-vivid-cyan-blue-color has-text-color has-medium-font-size\">C\u00c9SAR ARELLANO GARC\u00cdA \/ LA JORNADA<\/p>\n\n\n\n<p><em>Ciudad de M\u00e9xico.<\/em>&nbsp;Juan Pablo G\u00f3mez Fierro, titular del juzgado segundo de distrito en materia administrativa, especializado en competencia econ\u00f3mica, concedi\u00f3 nueve suspensiones definitivas adicionales a empresas que impugnaron la entrada en vigor de la reforma el\u00e9ctrica que promovi\u00f3 el presidente Andr\u00e9s Manuel L\u00f3pez Obrador.<\/p>\n\n\n\n<p>Los recursos, que se suman a los tres del viernes pasado, favorecen a las empresas Energ\u00eda y Proyectos E\u00f3licos, Fuerza y Energ\u00eda de Naco Nogales, Fuerza y Energ\u00eda BII Hioxo, Fuerza E\u00f3lica de San Mat\u00edas, E\u00f3lica Santa Catarina, PE Ingenio, E\u00f3lica de Oaxaca, Bluemex Power 1 y Parque E\u00f3lico Reynosa III, con las cuales ya suman 12 las medidas cautelares que ha otorgado el togado.<\/p>\n\n\n\n<p>Al respecto, el primer tribunal colegiado de circuito en materia administrativa, especializado en competencia econ\u00f3mica, radiodifusi\u00f3n y telecomunicaciones, admiti\u00f3 a tr\u00e1mite el recurso de queja que interpuso el gobierno federal contra la suspensi\u00f3n provisional concedida a la empresa Eoliatec del Pac\u00edfico, pero es probable que se deseche, ya que el juez otorg\u00f3 la suspensi\u00f3n definitiva a la compa\u00f1\u00eda el pasado 19 de marzo.<\/p>\n\n\n\n<p>En tanto, la coordinadora de Asuntos Contenciosos de la Oficina del Abogado General de la Comisi\u00f3n Federal de Electricidad (CFE) interpuso un recurso de queja contra el acuerdo del 16 de marzo, a trav\u00e9s del cual concedi\u00f3 la suspensi\u00f3n provisional a las empresas contra la reforma.<\/p>\n\n\n\n<p>Sin embargo, el juez G\u00f3mez Fierro argument\u00f3 que la CFE no se encuentra legitimada para interponer recursos o formular alegatos, ya que en el acto reclamado no se le atribuye ni se le se\u00f1al\u00f3 como autoridad responsable, \u201cpor lo que no es parte procesal en este incidente de suspensi\u00f3n, raz\u00f3n por la cual no se encuentra legitimada para interponer recursos, formular alegatos, se\u00f1alar domicilio para o\u00edr y recibir notificaciones o designar delegados\u201d.<\/p>\n\n\n\n<p>Cuando el juez otorg\u00f3 las primeras suspensiones definitivas la semana pasada, afirm\u00f3 que esto no pone en riesgo la seguridad energ\u00e9tica del pa\u00eds.<\/p>\n\n\n\n<p>\u201cLa paralizaci\u00f3n del decreto reclamado \u00fanicamente tendr\u00e1 como consecuencia que el sector el\u00e9ctrico se siga desarrollando bajo el esquema que fue previsto en la propia Constituci\u00f3n con el objeto de incentivar la competencia en el sector, a efecto de facilitar a los mexicanos y a los sectores p\u00fablico, privado y social energ\u00eda m\u00e1s barata, as\u00ed como de lograr el desarrollo sustentable del pa\u00eds\u201d.<\/p>\n\n\n\n<p>Fuente: https:\/\/www.jornada.com.mx\/notas\/2021\/03\/23\/politica\/nueve-suspensiones-definitivas-mas-a-la-reforma-electrica\/<\/p>\n","protected":false},"excerpt":{"rendered":"<p>C\u00c9SAR ARELLANO GARC\u00cdA \/ LA JORNADA Ciudad de M\u00e9xico.&nbsp;Juan Pablo G\u00f3mez Fierro, titular del juzgado segundo de distrito en materia [&hellip;]<\/p>\n","protected":false},"author":1,"featured_media":6076,"comment_status":"open","ping_status":"open","sticky":false,"template":"","format":"standard","meta":{"site-sidebar-layout":"default","site-content-layout":"","ast-site-content-layout":"default","site-content-style":"default","site-sidebar-style":"default","ast-global-header-display":"","ast-banner-title-visibility":"","ast-main-header-display":"","ast-hfb-above-header-display":"","ast-hfb-below-header-display":"","ast-hfb-mobile-header-display":"","site-post-title":"","ast-breadcrumbs-content":"","ast-featured-img":"","footer-sml-layout":"","theme-transparent-header-meta":"","adv-header-id-meta":"","stick-header-meta":"","header-above-stick-meta":"","header-main-stick-meta":"","header-below-stick-meta":"","astra-migrate-meta-layouts":"default","ast-page-background-enabled":"default","ast-page-background-meta":{"desktop":{"background-color":"var(--ast-global-color-4)","background-image":"","background-repeat":"repeat","background-position":"center center","background-size":"auto","background-attachment":"scroll","background-type":"","background-media":"","overlay-type":"","overlay-color":"","overlay-opacity":"","overlay-gradient":""},"tablet":{"background-color":"","background-image":"","background-repeat":"repeat","background-position":"center center","background-size":"auto","background-attachment":"scroll","background-type":"","background-media":"","overlay-type":"","overlay-color":"","overlay-opacity":"","overlay-gradient":""},"mobile":{"background-color":"","background-image":"","background-repeat":"repeat","background-position":"center center","background-size":"auto","background-attachment":"scroll","background-type":"","background-media":"","overlay-type":"","overlay-color":"","overlay-opacity":"","overlay-gradient":""}},"ast-content-background-meta":{"desktop":{"background-color":"var(--ast-global-color-5)","background-image":"","background-repeat":"repeat","background-position":"center center","background-size":"auto","background-attachment":"scroll","background-type":"","background-media":"","overlay-type":"","overlay-color":"","overlay-opacity":"","overlay-gradient":""},"tablet":{"background-color":"var(--ast-global-color-5)","background-image":"","background-repeat":"repeat","background-position":"center center","background-size":"auto","background-attachment":"scroll","background-type":"","background-media":"","overlay-type":"","overlay-color":"","overlay-opacity":"","overlay-gradient":""},"mobile":{"background-color":"var(--ast-global-color-5)","background-image":"","background-repeat":"repeat","background-position":"center center","background-size":"auto","background-attachment":"scroll","background-type":"","background-media":"","overlay-type":"","overlay-color":"","overlay-opacity":"","overlay-gradient":""}},"footnotes":""},"categories":[8],"tags":[656,567],"class_list":["post-6075","post","type-post","status-publish","format-standard","has-post-thumbnail","hentry","category-noticias","tag-juan-pablo-gomez-fierro","tag-reforma-electrica-mexico"],"_links":{"self":[{"href":"https:\/\/losperiodistas.com.mx\/portal\/wp-json\/wp\/v2\/posts\/6075","targetHints":{"allow":["GET"]}}],"collection":[{"href":"https:\/\/losperiodistas.com.mx\/portal\/wp-json\/wp\/v2\/posts"}],"about":[{"href":"https:\/\/losperiodistas.com.mx\/portal\/wp-json\/wp\/v2\/types\/post"}],"author":[{"embeddable":true,"href":"https:\/\/losperiodistas.com.mx\/portal\/wp-json\/wp\/v2\/users\/1"}],"replies":[{"embeddable":true,"href":"https:\/\/losperiodistas.com.mx\/portal\/wp-json\/wp\/v2\/comments?post=6075"}],"version-history":[{"count":1,"href":"https:\/\/losperiodistas.com.mx\/portal\/wp-json\/wp\/v2\/posts\/6075\/revisions"}],"predecessor-version":[{"id":6077,"href":"https:\/\/losperiodistas.com.mx\/portal\/wp-json\/wp\/v2\/posts\/6075\/revisions\/6077"}],"wp:featuredmedia":[{"embeddable":true,"href":"https:\/\/losperiodistas.com.mx\/portal\/wp-json\/wp\/v2\/media\/6076"}],"wp:attachment":[{"href":"https:\/\/losperiodistas.com.mx\/portal\/wp-json\/wp\/v2\/media?parent=6075"}],"wp:term":[{"taxonomy":"category","embeddable":true,"href":"https:\/\/losperiodistas.com.mx\/portal\/wp-json\/wp\/v2\/categories?post=6075"},{"taxonomy":"post_tag","embeddable":true,"href":"https:\/\/losperiodistas.com.mx\/portal\/wp-json\/wp\/v2\/tags?post=6075"}],"curies":[{"name":"wp","href":"https:\/\/api.w.org\/{rel}","templated":true}]}}