{"id":6072,"date":"2021-03-23T07:02:40","date_gmt":"2021-03-23T13:02:40","guid":{"rendered":"http:\/\/losperiodistas.com.mx\/portal\/?p=6072"},"modified":"2021-03-23T07:02:41","modified_gmt":"2021-03-23T13:02:41","slug":"malas-noticias-para-los-que-pretenden-reelegirse","status":"publish","type":"post","link":"https:\/\/losperiodistas.com.mx\/portal\/malas-noticias-para-los-que-pretenden-reelegirse\/","title":{"rendered":"Malas noticias para los que pretenden reelegirse"},"content":{"rendered":"\n<p class=\"has-medium-font-size\">*Todav\u00eda permea entre los mexicanos la \u201cNo Reelecci\u00f3n\u201d<\/p>\n\n\n\n<figure class=\"wp-block-image size-large\"><img fetchpriority=\"high\" decoding=\"async\" width=\"640\" height=\"393\" src=\"https:\/\/losperiodistas.com.mx\/portal\/wp-content\/uploads\/2021\/03\/LA-REELECCIO\u0301N.jpeg\" alt=\"\" class=\"wp-image-6073\" srcset=\"https:\/\/losperiodistas.com.mx\/portal\/wp-content\/uploads\/2021\/03\/LA-REELECCIO\u0301N.jpeg 640w, https:\/\/losperiodistas.com.mx\/portal\/wp-content\/uploads\/2021\/03\/LA-REELECCIO\u0301N-300x184.jpeg 300w\" sizes=\"(max-width: 640px) 100vw, 640px\" \/><\/figure>\n\n\n\n<p class=\"has-vivid-cyan-blue-color has-text-color\" style=\"font-size:26px\"><em>Por Ra\u00fal Torres Salmer\u00f3n<\/em><\/p>\n\n\n\n<p>Desde hace muchos a\u00f1os a la fecha, el mexicano com\u00fan y corriente se ha mantenido apegado a aquella frase creada por el viejo sistema de Sufragio Efectivo, No Reelecci\u00f3n.<\/p>\n\n\n\n<p>M\u00faltiples encuestas y sondeos, a nivel nacional y estatal as\u00ed lo demuestran. El diario 24 Horas Puebla public\u00f3 este lunes un estudio del Bur\u00f3 de Estrategias y An\u00e1lisis del Poder (BEAP), donde informa que siete de cada 10 personas en Puebla Capital evitar\u00edan volver a votar por Claudia Rivera Vivanco para reelegirse en la Presidencia Municipal.<\/p>\n\n\n\n<p>Enrique Galv\u00e1n Ochoa, columnista de La Jornada coment\u00f3 en enero de 2021 de un sondeo entre sus lectores sobre si votar\u00edan otra vez por el diputado que los representa. El sondeo fue por redes sociales, participaron 867 personas; en Twitter, 174; en El Foro M\u00e9xico, 583 y en Facebook, 110.<\/p>\n\n\n\n<p>El resultado fue el siguiente: El 32 % no votar\u00eda por la reelecci\u00f3n; el 27 % no lo conoce ni sabe qui\u00e9n es; el 27 % si votar\u00eda por quien se reelige; el 9 % no votar\u00eda porque jam\u00e1s volvi\u00f3 y el 5 % tuvo otra opini\u00f3n.<\/p>\n\n\n\n<p>Otra encuesta, realizada en febrero de 2020 por C&amp;E, Campaigns &amp; Elections, inform\u00f3 que el 60 % de la poblaci\u00f3n no reelegir\u00eda a Claudia Rivera Vivanco, alcaldesa de Puebla, aunque el 32 % volver\u00eda a votar, el 8 % no sabe o no contesta.<\/p>\n\n\n\n<p>Otro estudio, realizado en 25 municipios de m\u00e1s de 50 mil habitantes, efectuada por la empresa Ideas, Desarrollo Local con Equidad y Ambiente Sustentable, que dirigen Gabriel L\u00f3pez Casta\u00f1eda y C\u00e9sar Musalem Jop, revel\u00f3 que son muy pocos los alcaldes de esos municipios, que alcanzaron una buena calificaci\u00f3n de sus habitantes, para pensar en la reelecci\u00f3n.<\/p>\n\n\n\n<p>Los tres primeros lugares fueron ocupados por Atlixco, Tlatlauquitepec y San Pedro Cholula. Claudia Rivera de Puebla Capital obtuvo el lugar 18 con una calificaci\u00f3n de 4.3, seg\u00fan public\u00f3 Don Gabriel S\u00e1nchez Andraca en el Diario Cambio a fines de 2020.<\/p>\n\n\n\n<p>En octubre de 2017, Parametr\u00eda realiz\u00f3 otro estudio llamado Opini\u00f3n en M\u00e9xico sobre la Reelecci\u00f3n. En las desventajas que la ciudadan\u00eda asocia con la reelecci\u00f3n est\u00e1n: Dar continuidad a algo que no funcion\u00f3 (31 %) y que se crea una dictadura (27 %). Adem\u00e1s, el 22 % de los entrevistados mencion\u00f3 otras desventajas como la corrupci\u00f3n, la falta de cumplimiento de promesas, la ambici\u00f3n y la falta de democracia.<\/p>\n\n\n\n<p>Al preguntar a la ciudadan\u00eda si votar\u00eda o no por el mismo Presidente Municipal, el 78 % afirma que no lo har\u00eda, contra 17 % que dice s\u00ed volver\u00eda a votar para reelegirlo o reelegirla.<\/p>\n\n\n\n<p>En Animal Pol\u00edtico, en agosto de 2013 se public\u00f3 que el 60 % de los mexicanos se opone a que presidentes municipales, gobernadores, diputados, senadores y el Presidente de la Rep\u00fablica encabecen un periodo adicional al que ya ejercen, seg\u00fan una encuesta de Mitofsky.<\/p>\n\n\n\n<p>OPINI\u00d3N DE \u201cEL AHUIZOTE\u201d<\/p>\n\n\n\n<p>Desde antes de Francisco I. Madero hab\u00eda opiniones en contra. El general Juan N. Mirafuentes, nacido en M\u00e9xico en 1825, funcionario de gobiernos de Chihuahua y Durango y gobernador del Estado de M\u00e9xico, afirm\u00f3 en el peri\u00f3dico El Ahuizote del 8 de Mayo de 1874, antes de la dictadura de Porfirio D\u00edaz:<\/p>\n\n\n\n<p>La renovaci\u00f3n peri\u00f3dica de las autoridades en una democracia, es garant\u00eda de la paz y de la tranquilidad p\u00fablica. El pueblo que se ve dominado, francamente por la fuerza o hip\u00f3critamente por la astucia, pierde un d\u00eda la paciencia, se cansa de sufrir y ocurre a las armas para recobrar su libertad menguada o perdida. La reelecci\u00f3n encierra en s\u00ed el germen de la inmoralidad, del despotismo y de la guerra.<\/p>\n\n\n\n<p>PORFIRIO D\u00cdAZ, EL CULPABLE<\/p>\n\n\n\n<p>Mucho del asunto de la No reelecci\u00f3n, sobre todo porque el Presidente Porfirio D\u00edaz se mantuvo 30 a\u00f1os en el poder, causa todav\u00eda mucho ruido entre los mexicanos.<\/p>\n\n\n\n<p>Al final de la Revoluci\u00f3n Mexicana, que cost\u00f3 un mill\u00f3n de muertos y a ra\u00edz del asesinato del General \u00c1lvaro Obreg\u00f3n, pr\u00e1cticamente qued\u00f3 sepultada la reelecci\u00f3n.<\/p>\n\n\n\n<p>Parec\u00eda una broma del Presidente Felipe Calder\u00f3n, panista, presentar en la celebraci\u00f3n de los 100 a\u00f1os del inicio de la Revoluci\u00f3n, una propuesta sobre la reelecci\u00f3n continua de legisladores y presidentes municipales. Y m\u00e1s broma parec\u00eda el respaldo del PRI.<\/p>\n\n\n\n<p>La empresa encuestadora Consulta Mitofsky, hizo mediciones sobre la propuesta presidencial de Felipe Calder\u00f3n en 2009 sobre la reelecci\u00f3n y reflej\u00f3 que 8 de cada 10 ciudadanos mexicanos rechazaron la idea.<\/p>\n\n\n\n<p>Durante m\u00e1s de 80 a\u00f1os el lema aquel de Sufragio Efectivo, No Reelecci\u00f3n campe\u00f3 en los gobiernos revolucionarios, hasta que en el a\u00f1o 2000, el panista Vicente Fox, al llegar a la Presidencia de la Rep\u00fablica, quit\u00f3 la frase de la papeler\u00eda oficial.<\/p>\n\n\n\n<p>Pero hubo intentos de reelecci\u00f3n presidencial. Miguel Alem\u00e1n trat\u00f3 de hacerlo y el rechazo ciudadano fue notable. Luis Echeverr\u00eda \u00c1lvarez y Carlos Salinas de Gortari tambi\u00e9n sondearon el asunto con muy malos resultados.<\/p>\n\n\n\n<p>La \u00fanica vez que el asunto se present\u00f3 en la C\u00e1mara de Diputados fue a cargo del poblano Vicente Lombardo Toledano en 1963, cuando el Partido Popular Socialista present\u00f3 el proyecto y fue rechazado.<\/p>\n\n\n\n<p>Luis Ortega Morales, intelectual poblano de izquierda, ha sido estudioso del tema. En los a\u00f1os 90 del siglo pasado, en su calidad de asesor del PRD en la C\u00e1mara de Diputados, present\u00f3 el documento Reelecci\u00f3n de Representantes Populares y Reforma Democr\u00e1tica del Estado, donde asent\u00f3 los pros y los contras de la reelecci\u00f3n inmediata.<\/p>\n\n\n\n<p>Entre la idea de la no reelecci\u00f3n y el p\u00e9simo trabajo efectuado, anula a quienes pretende reelegirse, dijo el Gobernador Miguel Barbosa Huerta quien ha se\u00f1alado que los aspirantes a la reelecci\u00f3n deben estar ciertos de contar con la aceptaci\u00f3n y reconocimiento de la poblaci\u00f3n.<\/p>\n\n\n\n<p>La C\u00e1mara de Diputados inform\u00f3 que 448 de los 500 legisladores, es decir el 90 %, buscar\u00e1 reelegirse en el pr\u00f3ximo proceso electoral.<\/p>\n\n\n\n<p>De los contendientes, 232 pertenecen a Morena, 64 del PAN, 44 del PRI, 43 del Partido del Trabajo, 22 de Movimiento Ciudadano, 22 diputados del PES, 11 del PVEM y 7 del PRD.<\/p>\n\n\n\n<p>Y faltan los presidentes municipales. Pero de acuerdo a los estudios, sondeos y encuestas, perder\u00e1 la mayor\u00eda de reeleccionistas. Sin duda son malas noticias para los reeleccionistas.<\/p>\n\n\n\n<p>En fin, como dicen las coplas:<\/p>\n\n\n\n<p>Al pie de un \u00e1rbol sin fruto<\/p>\n\n\n\n<p>me puse a considerar<\/p>\n\n\n\n<p>lo poco que vale un hombre<\/p>\n\n\n\n<p>cuando no tiene qu\u00e9 dar.<\/p>\n\n\n\n<p>&#8212;<\/p>\n\n\n\n<p>Le pueden quitar al rey<\/p>\n\n\n\n<p>su corona y sus estados;<\/p>\n\n\n\n<p>pero no pueden quitarle<\/p>\n\n\n\n<p>la gloria de haber reinado.<\/p>\n\n\n\n<p>raultorress@hotmail.com<\/p>\n","protected":false},"excerpt":{"rendered":"<p>*Todav\u00eda permea entre los mexicanos la \u201cNo Reelecci\u00f3n\u201d Por Ra\u00fal Torres Salmer\u00f3n Desde hace muchos a\u00f1os a la fecha, el [&hellip;]<\/p>\n","protected":false},"author":1,"featured_media":6073,"comment_status":"open","ping_status":"open","sticky":false,"template":"","format":"standard","meta":{"site-sidebar-layout":"default","site-content-layout":"","ast-site-content-layout":"default","site-content-style":"default","site-sidebar-style":"default","ast-global-header-display":"","ast-banner-title-visibility":"","ast-main-header-display":"","ast-hfb-above-header-display":"","ast-hfb-below-header-display":"","ast-hfb-mobile-header-display":"","site-post-title":"","ast-breadcrumbs-content":"","ast-featured-img":"","footer-sml-layout":"","theme-transparent-header-meta":"","adv-header-id-meta":"","stick-header-meta":"","header-above-stick-meta":"","header-main-stick-meta":"","header-below-stick-meta":"","astra-migrate-meta-layouts":"default","ast-page-background-enabled":"default","ast-page-background-meta":{"desktop":{"background-color":"var(--ast-global-color-4)","background-image":"","background-repeat":"repeat","background-position":"center center","background-size":"auto","background-attachment":"scroll","background-type":"","background-media":"","overlay-type":"","overlay-color":"","overlay-opacity":"","overlay-gradient":""},"tablet":{"background-color":"","background-image":"","background-repeat":"repeat","background-position":"center center","background-size":"auto","background-attachment":"scroll","background-type":"","background-media":"","overlay-type":"","overlay-color":"","overlay-opacity":"","overlay-gradient":""},"mobile":{"background-color":"","background-image":"","background-repeat":"repeat","background-position":"center center","background-size":"auto","background-attachment":"scroll","background-type":"","background-media":"","overlay-type":"","overlay-color":"","overlay-opacity":"","overlay-gradient":""}},"ast-content-background-meta":{"desktop":{"background-color":"var(--ast-global-color-5)","background-image":"","background-repeat":"repeat","background-position":"center center","background-size":"auto","background-attachment":"scroll","background-type":"","background-media":"","overlay-type":"","overlay-color":"","overlay-opacity":"","overlay-gradient":""},"tablet":{"background-color":"var(--ast-global-color-5)","background-image":"","background-repeat":"repeat","background-position":"center center","background-size":"auto","background-attachment":"scroll","background-type":"","background-media":"","overlay-type":"","overlay-color":"","overlay-opacity":"","overlay-gradient":""},"mobile":{"background-color":"var(--ast-global-color-5)","background-image":"","background-repeat":"repeat","background-position":"center center","background-size":"auto","background-attachment":"scroll","background-type":"","background-media":"","overlay-type":"","overlay-color":"","overlay-opacity":"","overlay-gradient":""}},"footnotes":""},"categories":[8,19],"tags":[655],"class_list":["post-6072","post","type-post","status-publish","format-standard","has-post-thumbnail","hentry","category-noticias","category-sin-limites-2","tag-no-reeleccion-mexico"],"_links":{"self":[{"href":"https:\/\/losperiodistas.com.mx\/portal\/wp-json\/wp\/v2\/posts\/6072","targetHints":{"allow":["GET"]}}],"collection":[{"href":"https:\/\/losperiodistas.com.mx\/portal\/wp-json\/wp\/v2\/posts"}],"about":[{"href":"https:\/\/losperiodistas.com.mx\/portal\/wp-json\/wp\/v2\/types\/post"}],"author":[{"embeddable":true,"href":"https:\/\/losperiodistas.com.mx\/portal\/wp-json\/wp\/v2\/users\/1"}],"replies":[{"embeddable":true,"href":"https:\/\/losperiodistas.com.mx\/portal\/wp-json\/wp\/v2\/comments?post=6072"}],"version-history":[{"count":1,"href":"https:\/\/losperiodistas.com.mx\/portal\/wp-json\/wp\/v2\/posts\/6072\/revisions"}],"predecessor-version":[{"id":6074,"href":"https:\/\/losperiodistas.com.mx\/portal\/wp-json\/wp\/v2\/posts\/6072\/revisions\/6074"}],"wp:featuredmedia":[{"embeddable":true,"href":"https:\/\/losperiodistas.com.mx\/portal\/wp-json\/wp\/v2\/media\/6073"}],"wp:attachment":[{"href":"https:\/\/losperiodistas.com.mx\/portal\/wp-json\/wp\/v2\/media?parent=6072"}],"wp:term":[{"taxonomy":"category","embeddable":true,"href":"https:\/\/losperiodistas.com.mx\/portal\/wp-json\/wp\/v2\/categories?post=6072"},{"taxonomy":"post_tag","embeddable":true,"href":"https:\/\/losperiodistas.com.mx\/portal\/wp-json\/wp\/v2\/tags?post=6072"}],"curies":[{"name":"wp","href":"https:\/\/api.w.org\/{rel}","templated":true}]}}