{"id":6069,"date":"2021-03-23T06:59:27","date_gmt":"2021-03-23T12:59:27","guid":{"rendered":"http:\/\/losperiodistas.com.mx\/portal\/?p=6069"},"modified":"2021-03-23T06:59:28","modified_gmt":"2021-03-23T12:59:28","slug":"cierran-1-millon-de-negocios-por-pandemia","status":"publish","type":"post","link":"https:\/\/losperiodistas.com.mx\/portal\/cierran-1-millon-de-negocios-por-pandemia\/","title":{"rendered":"Cierran 1 mill\u00f3n de negocios por pandemia"},"content":{"rendered":"\n<p style=\"font-size:18px\"><em>El Instituto Nacional de Estad\u00edstica y Geograf\u00eda inform\u00f3 que una de cada cinco unidades tuvieron que bajar la cortina definitivamente por los efectos del COVID-19.<\/em><\/p>\n\n\n\n<figure class=\"wp-block-image size-large\"><img fetchpriority=\"high\" decoding=\"async\" width=\"1024\" height=\"610\" src=\"https:\/\/losperiodistas.com.mx\/portal\/wp-content\/uploads\/2021\/03\/Captura-de-Pantalla-2021-03-23-a-las-6.57.05-1024x610.jpg\" alt=\"\" class=\"wp-image-6070\" srcset=\"https:\/\/losperiodistas.com.mx\/portal\/wp-content\/uploads\/2021\/03\/Captura-de-Pantalla-2021-03-23-a-las-6.57.05-1024x610.jpg 1024w, https:\/\/losperiodistas.com.mx\/portal\/wp-content\/uploads\/2021\/03\/Captura-de-Pantalla-2021-03-23-a-las-6.57.05-300x179.jpg 300w, https:\/\/losperiodistas.com.mx\/portal\/wp-content\/uploads\/2021\/03\/Captura-de-Pantalla-2021-03-23-a-las-6.57.05-768x458.jpg 768w, https:\/\/losperiodistas.com.mx\/portal\/wp-content\/uploads\/2021\/03\/Captura-de-Pantalla-2021-03-23-a-las-6.57.05-1536x915.jpg 1536w, https:\/\/losperiodistas.com.mx\/portal\/wp-content\/uploads\/2021\/03\/Captura-de-Pantalla-2021-03-23-a-las-6.57.05.jpg 1782w\" sizes=\"(max-width: 1024px) 100vw, 1024px\" \/><\/figure>\n\n\n\n<p class=\"has-vivid-cyan-blue-color has-text-color has-medium-font-size\">CRISTIAN TELLEZ \/ EL FINANCIERO<\/p>\n\n\n\n<p>Poco m\u00e1s de un mill\u00f3n de negocios en M\u00e9xico, uno de cada cinco, tuvieron que cerrar su cortina definitivamente a causa de los efectos de la pandemia.<\/p>\n\n\n\n<p>De acuerdo con el segundo conjunto de resultados del Estudio sobre la Demograf\u00eda de los Negocios (EDN) 2020 del Instituto Nacional de Estad\u00edstica y Geograf\u00eda (Inegi), se estima que de los 4.86 millones de establecimientos micro, peque\u00f1os y medianos reportados en los Censos Econ\u00f3micos 2019, sobrevivieron 3.85 millones, un mill\u00f3n 10 mil 857 cerraron sus puertas y nacieron 619 mil negocios.<\/p>\n\n\n\n<p>As\u00ed, de los 4.86 millones de negocios registrados en mayo de 2019, se estima que su n\u00famero se redujo a 4.47 millones a septiembre del a\u00f1o pasado, es decir un 8.1 por ciento menos.<\/p>\n\n\n\n<p>Seg\u00fan los resultados del EDN, el 20.81 por ciento de los negocios cerraron definitivamente, es decir, uno de cada cuatro. En el caso de las manufacturas la cifra fue de 15 por ciento del total, el 10.98 en el caso de negocios de giro comercial y 24.92 de las empresas del sector servicios, una de cada cuatro cerraron.<\/p>\n\n\n\n<p>De los negocios que cerraron, 5.6 por ciento eran formales y el 12.28 por ciento eran informales.<\/p>\n\n\n\n<p>\u201cCon la desaparici\u00f3n de estos establecimientos peque\u00f1os y medianos vemos una afectaci\u00f3n estructural que va a hacer muy complicado que la econom\u00eda pueda compensar porque significa menores empresas, menor cantidad de inversi\u00f3n y poca capacidad de generar empleos\u201d, dijo&nbsp;<strong>Jos\u00e9 Luis de la Cruz, director del Instituto para el Desarrollo Industrial y el Crecimiento Econ\u00f3mico (IDIC)<\/strong>.<\/p>\n\n\n\n<p>A\u00f1adi\u00f3 que los negocios m\u00e1s afectados fueron los informales, que son los que tienen menor capacidad para un cr\u00e9dito, adem\u00e1s cuentan con menos recursos financieros propios y por ello aument\u00f3 la precariedad en estas empresas.<\/p>\n\n\n\n<p>\u201cGran parte de las p\u00e9rdidas fueron a peque\u00f1as y medianas empresas que a diferencia de las grandes empresas, no tienen demasiadas fuentes de ahorro, tampoco tienen acceso a un cr\u00e9dito bancario o a emitir deuda en los mercados de capitales, por lo que su situaci\u00f3n es m\u00e1s dif\u00edcil. Muchos de estos establecimientos est\u00e1n en los sectores que son m\u00e1s vulnerables a la pandemia\u201d indic\u00f3&nbsp;<strong>Alejandro Salda\u00f1a, subdirector de An\u00e1lisis Econ\u00f3mico de Ve por M\u00e1s<\/strong>.<\/p>\n\n\n\n<p>Agreg\u00f3 que en un entorno en el cual hay una incertidumbre econ\u00f3mica y las expectativas de una lenta recuperaci\u00f3n es muy dif\u00edcil para el emprendedor iniciar un nuevo negocio.<\/p>\n\n\n\n<p>\u201cLos estragos de la pandemia son hist\u00f3ricos, que en comparaci\u00f3n con otras crisis econ\u00f3micas, est\u00e1 parece m\u00e1s a una situaci\u00f3n de destrucci\u00f3n de capital, vimos que cerca del 20 por ciento de empresas Mipymes se vieron afectadas con el cierre total\u201d, se\u00f1al\u00f3&nbsp;<strong>Carlos Hern\u00e1ndez, analista senior de Masari Casa de Bolsa<\/strong>. Destac\u00f3 que \u201cmuchos establecimientos no estaban tan consolidados y que no ten\u00edan recursos para salir adelante posiblemente fueron las que tuvieron mayor sensibilidad a la crisis\u201d.<\/p>\n\n\n\n<p><strong>Marcos Arias Novelo, analista econ\u00f3mico para Monex,<\/strong>&nbsp;indic\u00f3 que dada la magnitud de la crisis \u201cvemos que la creaci\u00f3n no cubre ni de cerca la destrucci\u00f3n de establecimientos, la raz\u00f3n es porque mucho de los cierres tienen que ver con la p\u00e9rdida de los ingresos de los propietarios y para realizar una reapertura de empresas se necesitan buenos de niveles de capitalizaci\u00f3n y dadas las circunstancias fue muy baja\u201d.<\/p>\n\n\n\n<figure class=\"wp-block-image\"><img decoding=\"async\" src=\"https:\/\/www.elfinanciero.com.mx\/uploads\/2021\/03\/23\/086af6e4641616483827.jpeg\" alt=\"\"\/><\/figure>\n\n\n\n<h3 class=\"wp-block-heading\">Personal ocupado<\/h3>\n\n\n\n<p>El estudio encontr\u00f3 que los micronegocios nacidos durante 2020 tienen en promedio dos personas ocupadas y los establecimientos que cerraron sus puertas ese mismo a\u00f1o ten\u00edan en 2018 un promedio de tres personas ocupadas, cifra semejante a la que mantuvieron los sobrevivientes.<\/p>\n\n\n\n<p><strong>Los peque\u00f1os y medianos negocios<\/strong>&nbsp;nacidos en el periodo entre mayo de 2019 y septiembre de 2020 tienen un promedio de 21 personas ocupadas, mientras que los que cerraron sus puertas ten\u00edan en 2018 un promedio de casi 29 y, los sobrevivientes se redujeron en 7 personas durante el mismo periodo.<\/p>\n\n\n\n<p>La mayor ca\u00edda en el personal ocupado se report\u00f3 entre abril y mayo del a\u00f1o anterior, con 23.1 por ciento en los negocios formales y 26.6 en los informales, que se moder\u00f3 a 11.2 y 9.1 entre junio y septiembre.<\/p>\n\n\n\n<p>Fuente: https:\/\/www.elfinanciero.com.mx\/economia\/mas-de-un-millon-de-establecimientos-cerraron-a-causa-del-covid-19-en-2020-inegi<\/p>\n","protected":false},"excerpt":{"rendered":"<p>El Instituto Nacional de Estad\u00edstica y Geograf\u00eda inform\u00f3 que una de cada cinco unidades tuvieron que bajar la cortina definitivamente [&hellip;]<\/p>\n","protected":false},"author":1,"featured_media":6070,"comment_status":"open","ping_status":"open","sticky":false,"template":"","format":"standard","meta":{"site-sidebar-layout":"default","site-content-layout":"","ast-site-content-layout":"default","site-content-style":"default","site-sidebar-style":"default","ast-global-header-display":"","ast-banner-title-visibility":"","ast-main-header-display":"","ast-hfb-above-header-display":"","ast-hfb-below-header-display":"","ast-hfb-mobile-header-display":"","site-post-title":"","ast-breadcrumbs-content":"","ast-featured-img":"","footer-sml-layout":"","theme-transparent-header-meta":"","adv-header-id-meta":"","stick-header-meta":"","header-above-stick-meta":"","header-main-stick-meta":"","header-below-stick-meta":"","astra-migrate-meta-layouts":"default","ast-page-background-enabled":"default","ast-page-background-meta":{"desktop":{"background-color":"var(--ast-global-color-4)","background-image":"","background-repeat":"repeat","background-position":"center center","background-size":"auto","background-attachment":"scroll","background-type":"","background-media":"","overlay-type":"","overlay-color":"","overlay-opacity":"","overlay-gradient":""},"tablet":{"background-color":"","background-image":"","background-repeat":"repeat","background-position":"center center","background-size":"auto","background-attachment":"scroll","background-type":"","background-media":"","overlay-type":"","overlay-color":"","overlay-opacity":"","overlay-gradient":""},"mobile":{"background-color":"","background-image":"","background-repeat":"repeat","background-position":"center center","background-size":"auto","background-attachment":"scroll","background-type":"","background-media":"","overlay-type":"","overlay-color":"","overlay-opacity":"","overlay-gradient":""}},"ast-content-background-meta":{"desktop":{"background-color":"var(--ast-global-color-5)","background-image":"","background-repeat":"repeat","background-position":"center center","background-size":"auto","background-attachment":"scroll","background-type":"","background-media":"","overlay-type":"","overlay-color":"","overlay-opacity":"","overlay-gradient":""},"tablet":{"background-color":"var(--ast-global-color-5)","background-image":"","background-repeat":"repeat","background-position":"center center","background-size":"auto","background-attachment":"scroll","background-type":"","background-media":"","overlay-type":"","overlay-color":"","overlay-opacity":"","overlay-gradient":""},"mobile":{"background-color":"var(--ast-global-color-5)","background-image":"","background-repeat":"repeat","background-position":"center center","background-size":"auto","background-attachment":"scroll","background-type":"","background-media":"","overlay-type":"","overlay-color":"","overlay-opacity":"","overlay-gradient":""}},"footnotes":""},"categories":[8],"tags":[654,653],"class_list":["post-6069","post","type-post","status-publish","format-standard","has-post-thumbnail","hentry","category-noticias","tag-cierran-negocios-por-pandemia-mexico","tag-inegi"],"_links":{"self":[{"href":"https:\/\/losperiodistas.com.mx\/portal\/wp-json\/wp\/v2\/posts\/6069","targetHints":{"allow":["GET"]}}],"collection":[{"href":"https:\/\/losperiodistas.com.mx\/portal\/wp-json\/wp\/v2\/posts"}],"about":[{"href":"https:\/\/losperiodistas.com.mx\/portal\/wp-json\/wp\/v2\/types\/post"}],"author":[{"embeddable":true,"href":"https:\/\/losperiodistas.com.mx\/portal\/wp-json\/wp\/v2\/users\/1"}],"replies":[{"embeddable":true,"href":"https:\/\/losperiodistas.com.mx\/portal\/wp-json\/wp\/v2\/comments?post=6069"}],"version-history":[{"count":1,"href":"https:\/\/losperiodistas.com.mx\/portal\/wp-json\/wp\/v2\/posts\/6069\/revisions"}],"predecessor-version":[{"id":6071,"href":"https:\/\/losperiodistas.com.mx\/portal\/wp-json\/wp\/v2\/posts\/6069\/revisions\/6071"}],"wp:featuredmedia":[{"embeddable":true,"href":"https:\/\/losperiodistas.com.mx\/portal\/wp-json\/wp\/v2\/media\/6070"}],"wp:attachment":[{"href":"https:\/\/losperiodistas.com.mx\/portal\/wp-json\/wp\/v2\/media?parent=6069"}],"wp:term":[{"taxonomy":"category","embeddable":true,"href":"https:\/\/losperiodistas.com.mx\/portal\/wp-json\/wp\/v2\/categories?post=6069"},{"taxonomy":"post_tag","embeddable":true,"href":"https:\/\/losperiodistas.com.mx\/portal\/wp-json\/wp\/v2\/tags?post=6069"}],"curies":[{"name":"wp","href":"https:\/\/api.w.org\/{rel}","templated":true}]}}