{"id":6066,"date":"2021-03-23T06:56:16","date_gmt":"2021-03-23T12:56:16","guid":{"rendered":"http:\/\/losperiodistas.com.mx\/portal\/?p=6066"},"modified":"2021-03-23T06:56:17","modified_gmt":"2021-03-23T12:56:17","slug":"pocos-barbosistas-en-la-lista-de-morena-para-diputados-federales-e-consulta","status":"publish","type":"post","link":"https:\/\/losperiodistas.com.mx\/portal\/pocos-barbosistas-en-la-lista-de-morena-para-diputados-federales-e-consulta\/","title":{"rendered":"Pocos barbosistas en la lista de Morena para diputados federales | E-Consulta"},"content":{"rendered":"\n<p style=\"font-size:18px\"><em>Cinco diputados van por la reelecci\u00f3n. El secretario de Gobernaci\u00f3n de la alcaldesa se cuela en el distrito 12<\/em><\/p>\n\n\n\n<figure class=\"wp-block-image size-large\"><img fetchpriority=\"high\" decoding=\"async\" width=\"1024\" height=\"694\" src=\"https:\/\/losperiodistas.com.mx\/portal\/wp-content\/uploads\/2021\/03\/Captura-de-Pantalla-2021-03-23-a-las-6.52.27-1024x694.jpg\" alt=\"\" class=\"wp-image-6067\" srcset=\"https:\/\/losperiodistas.com.mx\/portal\/wp-content\/uploads\/2021\/03\/Captura-de-Pantalla-2021-03-23-a-las-6.52.27-1024x694.jpg 1024w, https:\/\/losperiodistas.com.mx\/portal\/wp-content\/uploads\/2021\/03\/Captura-de-Pantalla-2021-03-23-a-las-6.52.27-300x203.jpg 300w, https:\/\/losperiodistas.com.mx\/portal\/wp-content\/uploads\/2021\/03\/Captura-de-Pantalla-2021-03-23-a-las-6.52.27-768x521.jpg 768w, https:\/\/losperiodistas.com.mx\/portal\/wp-content\/uploads\/2021\/03\/Captura-de-Pantalla-2021-03-23-a-las-6.52.27-1536x1042.jpg 1536w, https:\/\/losperiodistas.com.mx\/portal\/wp-content\/uploads\/2021\/03\/Captura-de-Pantalla-2021-03-23-a-las-6.52.27.jpg 1566w\" sizes=\"(max-width: 1024px) 100vw, 1024px\" \/><\/figure>\n\n\n\n<p class=\"has-vivid-cyan-blue-color has-text-color has-medium-font-size\">H\u00c9CTOR LLORAME \/ E-CONSULTA<\/p>\n\n\n\n<p>Morena asign\u00f3 candidaturas a diputaciones federales de Puebla a personajes afines al senador&nbsp;<strong>Alejandro Armenta Mier&nbsp;<\/strong>y la alcaldesa&nbsp;<strong>Claudia Rivera Vivanco<\/strong>, y a su vez&nbsp;<strong>cr\u00edticos del gobernador Miguel Barbosa Huerta.<\/strong><\/p>\n\n\n\n<p>El partido revel\u00f3 este lunes que competir\u00e1 en solitario en&nbsp;<strong>ocho de los 15 distritos electorales federales de Puebla<\/strong>, en cinco har\u00e1 alianza con el&nbsp;<strong>PT<\/strong>&nbsp;y en dos con el&nbsp;<strong>PVEM.<\/strong><\/p>\n\n\n\n<p>En un comunicado se dieron a conocer las personas que se postular\u00e1n el 6 de junio, de las cuales cinco son legisladores que ir\u00e1n por la reelecci\u00f3n y tres competir\u00e1n por primera vez.&nbsp;<\/p>\n\n\n\n<p>Sus designaciones se llevaron a cabo por la&nbsp;<strong>Comisi\u00f3n Nacional de Elecciones&nbsp;(CNE)<\/strong>, de la que es integrante Carlos Evangelista Aniceto, actual enlace nacional de&nbsp;<strong>Morena&nbsp;<\/strong>en<strong>&nbsp;Puebla<\/strong>&nbsp;y personaje af\u00edn a&nbsp;<strong>Armenta Mier.<\/strong><\/p>\n\n\n\n<p>Las nominaciones se dieron en medio de la disputa por la dirigencia estatal de Morena y las acusaciones por presunta venta de candidaturas.&nbsp;<\/p>\n\n\n\n<p><strong>Las candidaturas<\/strong><\/p>\n\n\n\n<p>En el distrito 4 de Ajalpan ser\u00e1 candidata la actual diputada federal&nbsp;<strong>In\u00e9s Parra Ju\u00e1rez<\/strong>, quien ha sido cr\u00edtica de Barbosa Huerta en la C\u00e1mara de Diputados desde el inicio del gobierno estatal.<\/p>\n\n\n\n<p>En el distrito 6 de Puebla se postular\u00e1 otra vez al actual diputado federal<strong>&nbsp;Alejandro Carvajal Hidalgo<\/strong>, quien no ha congeniado con el gobernador y declin\u00f3 de buscar la candidatura a la alcald\u00eda de Puebla para respaldar abiertamente a Rivera Vivanco en su b\u00fasqueda de la reelecci\u00f3n.<\/p>\n\n\n\n<p>En el distrito 7 de Tepeaca el abanderado ser\u00e1 el actual diputado local<strong>&nbsp;Raymundo Atanacio Luna,<\/strong>&nbsp;abiertamente af\u00edn a Armenta Mier, aunque en el discurso aplauda la gesti\u00f3n barbosista.<\/p>\n\n\n\n<p>En el distrito 8 de Ciudad Serd\u00e1n se nombr\u00f3 candidata a la actual diputada federal&nbsp;<strong>Julieta Vences Valencia,<\/strong>&nbsp;esposa de Evangelista Aniceto, quienes actualmente enfrentan acusaciones de presunta venta de candidaturas.<\/p>\n\n\n\n<p>En el distrito 10 de Cholula se postular\u00e1 a la legisladora federal<strong>&nbsp;Nayeli Salvatori Bojalil,<\/strong>&nbsp;exlocutora que lleg\u00f3 al cargo gracias al extinto Partido Encuentro Social (PES) y hace unos d\u00edas se pas\u00f3 a Morena.<\/p>\n\n\n\n<p>En el distrito 11 de Puebla capital la nominaci\u00f3n recay\u00f3 en el actual diputado federal<strong>&nbsp;Sa\u00fal Huerta Corona<\/strong>, el \u00fanico de la lista que ha sido af\u00edn a Barbosa Huerta.<\/p>\n\n\n\n<p>En el distrito 12 de<strong>&nbsp;Puebla capital&nbsp;<\/strong>ser\u00e1 abanderado&nbsp;<strong>Ren\u00e9 S\u00e1nchez Galindo<\/strong>, exsecretario de Gobernaci\u00f3n municipal de Rivera Vivanco y actual miembro de su equipo pol\u00edtico-electoral.<\/p>\n\n\n\n<p>Del distrito 13 de\u00a0<strong>Atlixco<\/strong>\u00a0se hizo candidato a\u00a0<strong>Miguel Carrillo Cubillas,<\/strong>\u00a0primo del dirigente nacional de Morena, Mario Delgado Carrillo y ex subsecretario de Infraestructura en el gobierno de Barbosa Huerta.<\/p>\n\n\n\n<p>Fuente: https:\/\/www.e-consulta.com\/nota\/2021-03-22\/elecciones\/pocos-barbosistas-en-la-lista-de-morena-para-diputados-federales<\/p>\n","protected":false},"excerpt":{"rendered":"<p>Cinco diputados van por la reelecci\u00f3n. El secretario de Gobernaci\u00f3n de la alcaldesa se cuela en el distrito 12 H\u00c9CTOR [&hellip;]<\/p>\n","protected":false},"author":1,"featured_media":6067,"comment_status":"open","ping_status":"open","sticky":false,"template":"","format":"standard","meta":{"site-sidebar-layout":"default","site-content-layout":"","ast-site-content-layout":"default","site-content-style":"default","site-sidebar-style":"default","ast-global-header-display":"","ast-banner-title-visibility":"","ast-main-header-display":"","ast-hfb-above-header-display":"","ast-hfb-below-header-display":"","ast-hfb-mobile-header-display":"","site-post-title":"","ast-breadcrumbs-content":"","ast-featured-img":"","footer-sml-layout":"","theme-transparent-header-meta":"","adv-header-id-meta":"","stick-header-meta":"","header-above-stick-meta":"","header-main-stick-meta":"","header-below-stick-meta":"","astra-migrate-meta-layouts":"default","ast-page-background-enabled":"default","ast-page-background-meta":{"desktop":{"background-color":"var(--ast-global-color-4)","background-image":"","background-repeat":"repeat","background-position":"center center","background-size":"auto","background-attachment":"scroll","background-type":"","background-media":"","overlay-type":"","overlay-color":"","overlay-opacity":"","overlay-gradient":""},"tablet":{"background-color":"","background-image":"","background-repeat":"repeat","background-position":"center center","background-size":"auto","background-attachment":"scroll","background-type":"","background-media":"","overlay-type":"","overlay-color":"","overlay-opacity":"","overlay-gradient":""},"mobile":{"background-color":"","background-image":"","background-repeat":"repeat","background-position":"center center","background-size":"auto","background-attachment":"scroll","background-type":"","background-media":"","overlay-type":"","overlay-color":"","overlay-opacity":"","overlay-gradient":""}},"ast-content-background-meta":{"desktop":{"background-color":"var(--ast-global-color-5)","background-image":"","background-repeat":"repeat","background-position":"center center","background-size":"auto","background-attachment":"scroll","background-type":"","background-media":"","overlay-type":"","overlay-color":"","overlay-opacity":"","overlay-gradient":""},"tablet":{"background-color":"var(--ast-global-color-5)","background-image":"","background-repeat":"repeat","background-position":"center center","background-size":"auto","background-attachment":"scroll","background-type":"","background-media":"","overlay-type":"","overlay-color":"","overlay-opacity":"","overlay-gradient":""},"mobile":{"background-color":"var(--ast-global-color-5)","background-image":"","background-repeat":"repeat","background-position":"center center","background-size":"auto","background-attachment":"scroll","background-type":"","background-media":"","overlay-type":"","overlay-color":"","overlay-opacity":"","overlay-gradient":""}},"footnotes":""},"categories":[8],"tags":[652],"class_list":["post-6066","post","type-post","status-publish","format-standard","has-post-thumbnail","hentry","category-noticias","tag-morena-candidatos-a-diputados-federales-puebla"],"_links":{"self":[{"href":"https:\/\/losperiodistas.com.mx\/portal\/wp-json\/wp\/v2\/posts\/6066","targetHints":{"allow":["GET"]}}],"collection":[{"href":"https:\/\/losperiodistas.com.mx\/portal\/wp-json\/wp\/v2\/posts"}],"about":[{"href":"https:\/\/losperiodistas.com.mx\/portal\/wp-json\/wp\/v2\/types\/post"}],"author":[{"embeddable":true,"href":"https:\/\/losperiodistas.com.mx\/portal\/wp-json\/wp\/v2\/users\/1"}],"replies":[{"embeddable":true,"href":"https:\/\/losperiodistas.com.mx\/portal\/wp-json\/wp\/v2\/comments?post=6066"}],"version-history":[{"count":1,"href":"https:\/\/losperiodistas.com.mx\/portal\/wp-json\/wp\/v2\/posts\/6066\/revisions"}],"predecessor-version":[{"id":6068,"href":"https:\/\/losperiodistas.com.mx\/portal\/wp-json\/wp\/v2\/posts\/6066\/revisions\/6068"}],"wp:featuredmedia":[{"embeddable":true,"href":"https:\/\/losperiodistas.com.mx\/portal\/wp-json\/wp\/v2\/media\/6067"}],"wp:attachment":[{"href":"https:\/\/losperiodistas.com.mx\/portal\/wp-json\/wp\/v2\/media?parent=6066"}],"wp:term":[{"taxonomy":"category","embeddable":true,"href":"https:\/\/losperiodistas.com.mx\/portal\/wp-json\/wp\/v2\/categories?post=6066"},{"taxonomy":"post_tag","embeddable":true,"href":"https:\/\/losperiodistas.com.mx\/portal\/wp-json\/wp\/v2\/tags?post=6066"}],"curies":[{"name":"wp","href":"https:\/\/api.w.org\/{rel}","templated":true}]}}