{"id":6060,"date":"2021-03-23T06:41:16","date_gmt":"2021-03-23T12:41:16","guid":{"rendered":"http:\/\/losperiodistas.com.mx\/portal\/?p=6060"},"modified":"2021-03-23T06:41:18","modified_gmt":"2021-03-23T12:41:18","slug":"china-y-rusia-hacen-la-pinza-a-eeuu-y-piden-una-reunion-del-consejo-de-seguridad-de-la-onu-el-mundo","status":"publish","type":"post","link":"https:\/\/losperiodistas.com.mx\/portal\/china-y-rusia-hacen-la-pinza-a-eeuu-y-piden-una-reunion-del-consejo-de-seguridad-de-la-onu-el-mundo\/","title":{"rendered":"China y Rusia hacen la pinza a EEUU y piden una reuni\u00f3n del Consejo de Seguridad de la ONU | El Mundo"},"content":{"rendered":"\n<p style=\"font-size:18px\"><em>El ministro de Exteriores ruso aterriza en la ciudad de Guilin, al sur de China, s\u00f3lo dos d\u00edas despu\u00e9s de la tensa reuni\u00f3n en Alaska entre los jefes de la diplomacia de Pek\u00edn y Washington<\/em><\/p>\n\n\n\n<figure class=\"wp-block-image size-large\"><img fetchpriority=\"high\" decoding=\"async\" width=\"958\" height=\"688\" src=\"https:\/\/losperiodistas.com.mx\/portal\/wp-content\/uploads\/2021\/03\/Captura-de-Pantalla-2021-03-23-a-las-6.38.36.jpg\" alt=\"\" class=\"wp-image-6061\" srcset=\"https:\/\/losperiodistas.com.mx\/portal\/wp-content\/uploads\/2021\/03\/Captura-de-Pantalla-2021-03-23-a-las-6.38.36.jpg 958w, https:\/\/losperiodistas.com.mx\/portal\/wp-content\/uploads\/2021\/03\/Captura-de-Pantalla-2021-03-23-a-las-6.38.36-300x215.jpg 300w, https:\/\/losperiodistas.com.mx\/portal\/wp-content\/uploads\/2021\/03\/Captura-de-Pantalla-2021-03-23-a-las-6.38.36-768x552.jpg 768w\" sizes=\"(max-width: 958px) 100vw, 958px\" \/><\/figure>\n\n\n\n<p class=\"has-vivid-cyan-blue-color has-text-color has-medium-font-size\">LUCAS DE LA CAL \/ Pek\u00edn \/ EL MUNDO<\/p>\n\n\n\n<p>\u00abNo importa cu\u00e1n ca\u00f3tico sea el mundo, la amistad entre China y Rusia no ser\u00e1 sacudida\u00bb. Fueron las primeras palabras anoche de&nbsp;<strong>Wang Yi<\/strong>, ministro de Exteriores de China. Su declaraci\u00f3n aparece en un comunicado de la agencia china Xinhua justo antes de la intervenci\u00f3n de su hom\u00f3logo ruso,&nbsp;<strong>Sergei Lavrov<\/strong>: \u00abEl modelo de interacci\u00f3n entre Rusia y China se encuentra en su mejor momento de toda la historia, est\u00e1 libre de ataduras ideol\u00f3gicas, no est\u00e1 sujeto a oportunismos y no se dirige contra nadie\u00bb. En cambio, Lavrov s\u00ed que se\u00f1al\u00f3 despu\u00e9s a un rival que comparte con su amiga China.&nbsp;<strong>\u00abEstados Unidos quiere preservar a toda costa su dominio en la econom\u00eda global<\/strong>&nbsp;y en la pol\u00edtica internacional, imponiendo a todos y en todas partes su voluntad\u00bb, a\u00f1adi\u00f3.<\/p>\n\n\n\n<p>El ministro Lavrov aterrizaba en la ciudad de Guilin, al sur de China, s\u00f3lo dos d\u00edas despu\u00e9s de la tensa reuni\u00f3n en Alaska entre los jefes de la diplomacia de Pek\u00edn y Washington. El encuentro, adem\u00e1s, coincidi\u00f3 con las&nbsp;<a href=\"https:\/\/www.elmundo.es\/internacional\/2021\/03\/22\/6058d9c421efa0893e8b4643.html\">sanciones a China<\/a>&nbsp;por parte de la Uni\u00f3n Europea, Estados Unidos, Canad\u00e1 y Reino Unido por la represi\u00f3n contra minor\u00eda musulmana uigur de la regi\u00f3n de Xinjiang. Unas sanciones que, seg\u00fan Lavrov, tanto Rusia como China consideran \u00abinaceptables\u00bb. Ambos ministros pidieron que m\u00e1s pa\u00edses se sumara a su \u00abfuerte oposici\u00f3n\u00bb a las sanciones de Occidente.<\/p>\n\n\n\n<p>\u00abWang Yi y Sergey Lavrov se\u00f1alaron que la comunidad internacional considera que Estados Unidos debe reflexionar sobre el da\u00f1o que ha causado a la paz y el desarrollo mundiales en los \u00faltimos a\u00f1os, cesar la intimidaci\u00f3n unilateral,&nbsp;<strong>dejar de inmiscuirse en los asuntos internos de otros pa\u00edses<\/strong>, y dejar de formar peque\u00f1os c\u00edrculos para buscar la confrontaci\u00f3n en bloque\u00bb, se\u00f1ala un comunicado de Xinhua.<\/p>\n\n\n\n<p>Este martes, los dos ministros de Exteriores han continuado su reuni\u00f3n. Seg\u00fan un comunicado oficial, ambos han discutido el acuerdo nuclear iran\u00ed, el proceso de paz afgano, la situaci\u00f3n de Birmania tras el golpe militar y el cambio clim\u00e1tico. Pero uno de los prop\u00f3sitos de las conversaciones ha sido crear un frente com\u00fan contra Estados Unidos. Para ello, el primer movimiento es la solicitud que han hecho ambos pa\u00edses para que se celebre&nbsp;<strong>una cumbre urgente entre los miembros permanentes del Consejo de Seguridad de la ONU.<\/strong><\/p>\n\n\n\n<p>\u00abEn un momento de creciente turbulencia pol\u00edtica global, esta cumbre es particularmente necesaria para establecer un di\u00e1logo directo sobre formas de resolver los problemas comunes de la humanidad en el inter\u00e9s de mantener la estabilidad global\u00bb, reza el comunicado conjunto. El nombre de Estados Unidos aparece en otra nota de la agencia rusa TASS, que cita a Lavrov diciendo que&nbsp;<strong>\u00abEstados Unidos est\u00e1 actuando de manera destructiva\u00bb.<\/strong><\/p>\n\n\n\n<p>Unas palabras que llegan una semana despu\u00e9s de que el presidente estadounidense,&nbsp;<strong>Joe Biden<\/strong>, llamara \u00abasesino\u00bb a su hom\u00f3logo ruso,&nbsp;<strong>Vladimir Putin<\/strong>. La agencia rusa tambi\u00e9n se\u00f1al\u00f3 que Lavrov acus\u00f3 a Bruselas de \u00abdestruir\u00bb los lazos entre Rusia y la Uni\u00f3n Europea y que Mosc\u00fa ahora solo tiene relaciones \u00abcon naciones individuales de la UE\u00bb.<\/p>\n\n\n\n<p>Tambi\u00e9n el martes,&nbsp;<strong>Hua Chunying<\/strong>, portavoz de Exteriores de China, ensalz\u00f3 las buenas relaciones bilaterales entre Pek\u00edn y Mosc\u00fa. \u00abHombro con hombro en estrecha cooperaci\u00f3n y&nbsp;<strong>firme oposici\u00f3n a la hegemon\u00eda y la intimidaci\u00f3n,<\/strong>&nbsp;ambos pa\u00edses han sido un pilar de la paz y la estabilidad mundiales\u00bb, dijo Hua.<\/p>\n\n\n\n<h2 class=\"wp-block-heading\">ALIANZAS CONTRA EN AVANCE DE CHINA<\/h2>\n\n\n\n<p>Tras la reuni\u00f3n, el ministro ruso puso rumbo a Corea del Sur, donde le espera su hom\u00f3logo\u00a0<strong>Chung Eui-yong<\/strong>\u00a0para celebrar el 30\u00ba aniversario del establecimiento de los lazos diplom\u00e1ticos entre los dos pa\u00edses. La semana pasada, fue el secretario de Estado de los Estados Unidos,\u00a0<a href=\"https:\/\/www.elmundo.es\/internacional\/2021\/03\/23\/6059b2b9fc6c8393168b45bf.html\">Anthony Blinken<\/a>, y el asesor de seguridad nacional,\u00a0<strong>Jake Sullivan<\/strong>, los que estuvieron en Corea del Sur -y en Jap\u00f3n- para fortalecer sus alianzas contra el avance de China en la regi\u00f3n. En el gigante asi\u00e1tico tampoco se va a quedar el ministro Wang Yi, quien va a comenzar un viaje por Arabia Saudita, Turqu\u00eda, Ir\u00e1n, Emiratos \u00c1rabes Unidos, Om\u00e1n y Bar\u00e9in. <\/p>\n\n\n\n<p>En Pek\u00edn el d\u00eda ha sido completo, ya que el presidente chino,&nbsp;<strong>Xi Jinping<\/strong>, ha intercambiado mensajes con su otro vecino de Corea del Norte,&nbsp;<strong>Kim Jong-un<\/strong>. La agencia norcoreana KCNA se\u00f1ala que su l\u00edder ha pedido a Pek\u00edn una mayor \u00abunidad y cooperaci\u00f3n\u00bb con China frente a los&nbsp;<strong>desaf\u00edos planteados por las \u00abfuerzas hostiles\u00bb.<\/strong><\/p>\n\n\n\n<p>Si no eran pocos los movimientos y dardos de un lado a otro que ha habido en estos d\u00edas, esta ma\u00f1ana desde Australia y Nueva Zelanda se han sumado al apoyo de las sanciones de Occidente contra China por las violaciones de los derechos humanos de las minor\u00edas musulmanas en Xinjiang. \u00abLos abusos incluyen restricciones a la libertad de religi\u00f3n, vigilancia masiva, detenciones en masa extrajudiciales, as\u00ed como trabajos forzados y controles de natalidad forzados, incluidas esterilizaciones\u00bb, dice una nota firmada por la ministra de Exteriores australiana,\u00a0<strong>Marise Payne<\/strong>, y la neozelandesa,\u00a0<strong>Nanaia Mahuta.<\/strong><\/p>\n\n\n\n<p>Fuente: https:\/\/www.elmundo.es\/internacional\/2021\/03\/23\/6059c5eefc6c83cc1e8b459d.html<\/p>\n","protected":false},"excerpt":{"rendered":"<p>El ministro de Exteriores ruso aterriza en la ciudad de Guilin, al sur de China, s\u00f3lo dos d\u00edas despu\u00e9s de [&hellip;]<\/p>\n","protected":false},"author":1,"featured_media":6061,"comment_status":"open","ping_status":"open","sticky":false,"template":"","format":"standard","meta":{"site-sidebar-layout":"default","site-content-layout":"","ast-site-content-layout":"default","site-content-style":"default","site-sidebar-style":"default","ast-global-header-display":"","ast-banner-title-visibility":"","ast-main-header-display":"","ast-hfb-above-header-display":"","ast-hfb-below-header-display":"","ast-hfb-mobile-header-display":"","site-post-title":"","ast-breadcrumbs-content":"","ast-featured-img":"","footer-sml-layout":"","theme-transparent-header-meta":"","adv-header-id-meta":"","stick-header-meta":"","header-above-stick-meta":"","header-main-stick-meta":"","header-below-stick-meta":"","astra-migrate-meta-layouts":"default","ast-page-background-enabled":"default","ast-page-background-meta":{"desktop":{"background-color":"var(--ast-global-color-4)","background-image":"","background-repeat":"repeat","background-position":"center center","background-size":"auto","background-attachment":"scroll","background-type":"","background-media":"","overlay-type":"","overlay-color":"","overlay-opacity":"","overlay-gradient":""},"tablet":{"background-color":"","background-image":"","background-repeat":"repeat","background-position":"center center","background-size":"auto","background-attachment":"scroll","background-type":"","background-media":"","overlay-type":"","overlay-color":"","overlay-opacity":"","overlay-gradient":""},"mobile":{"background-color":"","background-image":"","background-repeat":"repeat","background-position":"center center","background-size":"auto","background-attachment":"scroll","background-type":"","background-media":"","overlay-type":"","overlay-color":"","overlay-opacity":"","overlay-gradient":""}},"ast-content-background-meta":{"desktop":{"background-color":"var(--ast-global-color-5)","background-image":"","background-repeat":"repeat","background-position":"center center","background-size":"auto","background-attachment":"scroll","background-type":"","background-media":"","overlay-type":"","overlay-color":"","overlay-opacity":"","overlay-gradient":""},"tablet":{"background-color":"var(--ast-global-color-5)","background-image":"","background-repeat":"repeat","background-position":"center center","background-size":"auto","background-attachment":"scroll","background-type":"","background-media":"","overlay-type":"","overlay-color":"","overlay-opacity":"","overlay-gradient":""},"mobile":{"background-color":"var(--ast-global-color-5)","background-image":"","background-repeat":"repeat","background-position":"center center","background-size":"auto","background-attachment":"scroll","background-type":"","background-media":"","overlay-type":"","overlay-color":"","overlay-opacity":"","overlay-gradient":""}},"footnotes":""},"categories":[8],"tags":[648,649],"class_list":["post-6060","post","type-post","status-publish","format-standard","has-post-thumbnail","hentry","category-noticias","tag-geopolitica-china","tag-rusia-estados-unidos"],"_links":{"self":[{"href":"https:\/\/losperiodistas.com.mx\/portal\/wp-json\/wp\/v2\/posts\/6060","targetHints":{"allow":["GET"]}}],"collection":[{"href":"https:\/\/losperiodistas.com.mx\/portal\/wp-json\/wp\/v2\/posts"}],"about":[{"href":"https:\/\/losperiodistas.com.mx\/portal\/wp-json\/wp\/v2\/types\/post"}],"author":[{"embeddable":true,"href":"https:\/\/losperiodistas.com.mx\/portal\/wp-json\/wp\/v2\/users\/1"}],"replies":[{"embeddable":true,"href":"https:\/\/losperiodistas.com.mx\/portal\/wp-json\/wp\/v2\/comments?post=6060"}],"version-history":[{"count":1,"href":"https:\/\/losperiodistas.com.mx\/portal\/wp-json\/wp\/v2\/posts\/6060\/revisions"}],"predecessor-version":[{"id":6062,"href":"https:\/\/losperiodistas.com.mx\/portal\/wp-json\/wp\/v2\/posts\/6060\/revisions\/6062"}],"wp:featuredmedia":[{"embeddable":true,"href":"https:\/\/losperiodistas.com.mx\/portal\/wp-json\/wp\/v2\/media\/6061"}],"wp:attachment":[{"href":"https:\/\/losperiodistas.com.mx\/portal\/wp-json\/wp\/v2\/media?parent=6060"}],"wp:term":[{"taxonomy":"category","embeddable":true,"href":"https:\/\/losperiodistas.com.mx\/portal\/wp-json\/wp\/v2\/categories?post=6060"},{"taxonomy":"post_tag","embeddable":true,"href":"https:\/\/losperiodistas.com.mx\/portal\/wp-json\/wp\/v2\/tags?post=6060"}],"curies":[{"name":"wp","href":"https:\/\/api.w.org\/{rel}","templated":true}]}}