{"id":6057,"date":"2021-03-23T06:34:40","date_gmt":"2021-03-23T12:34:40","guid":{"rendered":"http:\/\/losperiodistas.com.mx\/portal\/?p=6057"},"modified":"2021-03-23T06:34:41","modified_gmt":"2021-03-23T12:34:41","slug":"biden-envia-a-mexico-una-delegacion-para-definir-una-estrategia-ante-la-primera-crisis-migratoria-de-su-mandato-el-pais","status":"publish","type":"post","link":"https:\/\/losperiodistas.com.mx\/portal\/biden-envia-a-mexico-una-delegacion-para-definir-una-estrategia-ante-la-primera-crisis-migratoria-de-su-mandato-el-pais\/","title":{"rendered":"Biden env\u00eda a M\u00e9xico una delegaci\u00f3n para definir una estrategia ante la primera crisis migratoria de su mandato | El Pa\u00eds"},"content":{"rendered":"\n<p style=\"font-size:18px\"><em>El equipo, encabezado por la exembajadora Roberta Jacobson, abordar\u00e1 con el canciller Marcelo Ebrard un plan de cooperaci\u00f3n en Centroam\u00e9rica<\/em><\/p>\n\n\n\n<figure class=\"wp-block-image size-large\"><img fetchpriority=\"high\" decoding=\"async\" width=\"1024\" height=\"614\" src=\"https:\/\/losperiodistas.com.mx\/portal\/wp-content\/uploads\/2021\/03\/Captura-de-Pantalla-2021-03-23-a-las-6.31.40-1024x614.jpg\" alt=\"\" class=\"wp-image-6058\" srcset=\"https:\/\/losperiodistas.com.mx\/portal\/wp-content\/uploads\/2021\/03\/Captura-de-Pantalla-2021-03-23-a-las-6.31.40-1024x614.jpg 1024w, https:\/\/losperiodistas.com.mx\/portal\/wp-content\/uploads\/2021\/03\/Captura-de-Pantalla-2021-03-23-a-las-6.31.40-300x180.jpg 300w, https:\/\/losperiodistas.com.mx\/portal\/wp-content\/uploads\/2021\/03\/Captura-de-Pantalla-2021-03-23-a-las-6.31.40-768x460.jpg 768w, https:\/\/losperiodistas.com.mx\/portal\/wp-content\/uploads\/2021\/03\/Captura-de-Pantalla-2021-03-23-a-las-6.31.40-1536x920.jpg 1536w, https:\/\/losperiodistas.com.mx\/portal\/wp-content\/uploads\/2021\/03\/Captura-de-Pantalla-2021-03-23-a-las-6.31.40.jpg 1956w\" sizes=\"(max-width: 1024px) 100vw, 1024px\" \/><\/figure>\n\n\n\n<p class=\"has-vivid-cyan-blue-color has-text-color has-medium-font-size\">FRANCESCO MANETTO \/ M\u00e9xico \/ EL PA\u00cdS<\/p>\n\n\n\n<p>La Administraci\u00f3n de Joe Biden intenta abordar<a href=\"https:\/\/elpais.com\/mexico\/2021-03-22\/la-frontera-sur-saturada-asi-se-llego-a-la-primera-crisis-migratoria-de-la-era-biden.html\">&nbsp;su primera crisis migratoria<\/a>&nbsp;en colaboraci\u00f3n con el Gobierno de Andr\u00e9s Manuel L\u00f3pez Obrador ante el masivo efecto llamada de migrantes centroamericanos. El presidente estadounidense ha enviado una delegaci\u00f3n a M\u00e9xico para definir una estrategia com\u00fan y un plan de cooperaci\u00f3n regional mientras&nbsp;<a href=\"https:\/\/elpais.com\/mexico\/2021-03-22\/la-esperanza-en-biden-termina-en-la-frontera.html\">miles de guatemaltecos, hondure\u00f1os y salvadore\u00f1os<\/a>&nbsp;en encuentran varados en las fronteras sur y norte del pa\u00eds. El equipo, encabezado por la exembajadora Roberta Jacobson, llega este lunes a Ciudad de M\u00e9xico para reunirse ma\u00f1ana con el canciller Marcelo Ebrard y mantener una jornada de trabajo con la Secretar\u00eda de Relaciones Exteriores. Una parte de la misi\u00f3n se desplazar\u00e1 despu\u00e9s Guatemala.<\/p>\n\n\n\n<p>El objetivo del viaje, que se produce justo despu\u00e9s de que Biden anunciara su intenci\u00f3n de visitar la frontera, consiste, seg\u00fan ha informado la Casa Blanca, en \u201ccolaborar con funcionarios del Gobierno mexicano para poner en marcha un plan de acci\u00f3n eficaz y humano en la gesti\u00f3n de la migraci\u00f3n\u201d.\u00a0<a href=\"https:\/\/elpais.com\/internacional\/2018\/03\/01\/mexico\/1519927689_032875.html\">Jacobson, una veterana diplom\u00e1tica<\/a>\u00a0que fue la m\u00e1xima representante de Washington en M\u00e9xico entre 2016 y 2018, y renunci\u00f3 por desacuerdos con Donald Trump, estar\u00e1 acompa\u00f1ada por Juan Gonz\u00e1lez, hombre fuerte de Biden en Am\u00e9rica Latina, y Ricardo Z\u00fa\u00f1iga, el reci\u00e9n nombrado enviado especial del Departamento de Estado para el Tri\u00e1ngulo Norte. La delegaci\u00f3n estadounidense quiere escuchar tambi\u00e9n a exponentes de la sociedad civil y de ONG \u201cpara abordar las causas primarias de la migraci\u00f3n en la regi\u00f3n y construir un futuro m\u00e1s esperanzador\u201d.<\/p>\n\n\n\n<p>Eso se ha traducido, de momento, el compromiso de la nueva Administraci\u00f3n estadounidense de destinar 4.000 millones de d\u00f3lares a Centroam\u00e9rica. El monto, anunciado en enero, es un punto de partida para una tarea tit\u00e1nica que incluye, por ejemplo, la reconstrucci\u00f3n de un pa\u00eds devastado por los huracanes Iota y Eta como Honduras, lo que fue otra espita de la \u00faltima caravana migrante.<\/p>\n\n\n\n<p>En este momento las relaciones bilaterales entre M\u00e9xico y Estados Unidos giran en torno a la migraci\u00f3n y a la distribuci\u00f3n de las vacunas contra la covid-19. La llegada de Biden a la Casa Blanca y las promesas de un giro en sus pol\u00edticas alent\u00f3 a finales de enero una nueva ola de migrantes. La primera caravana de hondure\u00f1os se top\u00f3 primero con la represi\u00f3n de las fuerzas de seguridad guatemaltecas y despu\u00e9s con la frontera mexicana. Los que logran cruzar y llegar hasta el r\u00edo Bravo se enfrentan a una expulsi\u00f3n hacia el sur, a pesar de que Trump ya no est\u00e9 en el poder. A diferencia de su antecesor, Biden ha suavizado algunas f\u00f3rmulas para permitir la entrada, por ejemplo por motivos humanitarios, pero tanto el presidente como su Administraci\u00f3n no han dejado de lanzar mensajes -y dar se\u00f1ales, como las expulsiones- disuasorios.<\/p>\n\n\n\n<p>El incremento del flujo ha sido vertiginoso en los \u00faltimos meses. En febrero fueron retenidos o detenidos m\u00e1s de 100.000 migrantes. Estos n\u00fameros recuerdan la crisis vivida a mediados de 2019, cuando L\u00f3pez Obrador se pleg\u00f3 a las exigencias de Trump para frenar la llegada de centroamericanos a Estados Unidos<a href=\"https:\/\/elpais.com\/internacional\/2019\/05\/31\/estados_unidos\/1559256743_016777.html\">\u00a0ante las amenazas arancelarias de Washington.\u00a0<\/a>El pasado 19 de marzo el Gobierno mexicano despleg\u00f3 nuevos operativos en la frontera sur \u201cpara salvaguardar los derechos e integridad de personas menores de edad migrantes de diferentes naciones centroamericanas, usados por redes criminales como salvoconducto de tr\u00e1nsito para llegar al norte del pa\u00eds\u201d. La Secretar\u00eda de Gobernaci\u00f3n inform\u00f3 tambi\u00e9n de restricciones de acceso \u201cen los cruces terrestres a los visitantes con actividades no esenciales\u201d ante la emergencia sanitaria de la covid-19. Las autoridades mexicanas han identificado en lo que va de a\u00f1o a casi 4.200 menores, acompa\u00f1ados y no acompa\u00f1ados, \u201cquienes viajaban de manera irregular en territorio mexicano y son presas de traficantes de personas que lucran con la migraci\u00f3n irregular\u201d.<\/p>\n\n\n\n<p>Con estas premisas, los Gobiernos de M\u00e9xico y Estados Unidos aseguran que se proponen fortalecer la cooperaci\u00f3n en materia migratoria semanas despu\u00e9s de que&nbsp;<a href=\"https:\/\/elpais.com\/mexico\/2021-03-02\/lopez-obrador-exhibe-un-trato-entre-iguales-con-ee-uu-y-profundiza-su-apuesta-por-la-soberania.html\">L\u00f3pez Obrador y Biden&nbsp;<\/a>abordaran ese reto en una reuni\u00f3n privada. \u201cEl d\u00eda de ma\u00f1ana [martes], recibiremos en la Secretar\u00eda de Exteriores la visita de una delegaci\u00f3n de alto nivel de Estados Unidos. Nos acompa\u00f1ar\u00e1n&nbsp;<a href=\"https:\/\/elpais.com\/internacional\/2021-01-19\/biden-nombrara-a-la-exembajadora-en-mexico-roberta-jacobson-coordinadora-de-la-frontera.html\">Roberta Jacobson<\/a>, enviada especial presidencial para la Frontera, Ricardo Z\u00fa\u00f1iga, enviado especial presidencial para el Tri\u00e1ngulo Norte de Centroam\u00e9rica y y Juan Gonzalez, director para el Hemisferio Occidental del Consejo Nacional de Seguridad de. Asimismo, participar\u00e1n representantes de la Comisi\u00f3n Econ\u00f3mica para Am\u00e9rica Latina y el Caribe (Cepal)\u201d, ha adelantado a trav\u00e9s de las redes sociales Roberto Velasco \u00c1lvarez, responsable de las relaciones exteriores para Am\u00e9rica del Norte. El director de ese departamento ha informado de que \u201cel principal tema a tratar ser\u00e1 la cooperaci\u00f3n para el desarrollo en Centroam\u00e9rica y el sur de M\u00e9xico, adem\u00e1s de los esfuerzos conjuntos por una migraci\u00f3n segura, ordenada y regular\u201d.<\/p>\n\n\n\n<p><a href=\"https:\/\/plus.elpais.com\/newsletters\/lnp\/1\/348\"><strong>Suscr\u00edbase aqu\u00ed<\/strong><\/a>a la\u00a0<em>newsletter<\/em>\u00a0de EL PA\u00cdS M\u00e9xico y reciba todas las claves informativas de la actualidad de este pa\u00eds<\/p>\n\n\n\n<p>Fuente: https:\/\/elpais.com\/mexico\/2021-03-23\/biden-envia-a-mexico-una-delegacion-para-definir-una-estrategia-ante-la-primera-crisis-migratoria-de-su-mandato.html<\/p>\n","protected":false},"excerpt":{"rendered":"<p>El equipo, encabezado por la exembajadora Roberta Jacobson, abordar\u00e1 con el canciller Marcelo Ebrard un plan de cooperaci\u00f3n en Centroam\u00e9rica [&hellip;]<\/p>\n","protected":false},"author":1,"featured_media":6058,"comment_status":"open","ping_status":"open","sticky":false,"template":"","format":"standard","meta":{"site-sidebar-layout":"default","site-content-layout":"","ast-site-content-layout":"default","site-content-style":"default","site-sidebar-style":"default","ast-global-header-display":"","ast-banner-title-visibility":"","ast-main-header-display":"","ast-hfb-above-header-display":"","ast-hfb-below-header-display":"","ast-hfb-mobile-header-display":"","site-post-title":"","ast-breadcrumbs-content":"","ast-featured-img":"","footer-sml-layout":"","theme-transparent-header-meta":"","adv-header-id-meta":"","stick-header-meta":"","header-above-stick-meta":"","header-main-stick-meta":"","header-below-stick-meta":"","astra-migrate-meta-layouts":"default","ast-page-background-enabled":"default","ast-page-background-meta":{"desktop":{"background-color":"var(--ast-global-color-4)","background-image":"","background-repeat":"repeat","background-position":"center center","background-size":"auto","background-attachment":"scroll","background-type":"","background-media":"","overlay-type":"","overlay-color":"","overlay-opacity":"","overlay-gradient":""},"tablet":{"background-color":"","background-image":"","background-repeat":"repeat","background-position":"center center","background-size":"auto","background-attachment":"scroll","background-type":"","background-media":"","overlay-type":"","overlay-color":"","overlay-opacity":"","overlay-gradient":""},"mobile":{"background-color":"","background-image":"","background-repeat":"repeat","background-position":"center center","background-size":"auto","background-attachment":"scroll","background-type":"","background-media":"","overlay-type":"","overlay-color":"","overlay-opacity":"","overlay-gradient":""}},"ast-content-background-meta":{"desktop":{"background-color":"var(--ast-global-color-5)","background-image":"","background-repeat":"repeat","background-position":"center center","background-size":"auto","background-attachment":"scroll","background-type":"","background-media":"","overlay-type":"","overlay-color":"","overlay-opacity":"","overlay-gradient":""},"tablet":{"background-color":"var(--ast-global-color-5)","background-image":"","background-repeat":"repeat","background-position":"center center","background-size":"auto","background-attachment":"scroll","background-type":"","background-media":"","overlay-type":"","overlay-color":"","overlay-opacity":"","overlay-gradient":""},"mobile":{"background-color":"var(--ast-global-color-5)","background-image":"","background-repeat":"repeat","background-position":"center center","background-size":"auto","background-attachment":"scroll","background-type":"","background-media":"","overlay-type":"","overlay-color":"","overlay-opacity":"","overlay-gradient":""}},"footnotes":""},"categories":[8],"tags":[643,645,647,646,644],"class_list":["post-6057","post","type-post","status-publish","format-standard","has-post-thumbnail","hentry","category-noticias","tag-biden-migracion-mexico","tag-marcelo-ebrard","tag-mexico-migracion","tag-plan-de-cooperacion-migratoria-centroamerica","tag-roberta-jacobson"],"_links":{"self":[{"href":"https:\/\/losperiodistas.com.mx\/portal\/wp-json\/wp\/v2\/posts\/6057","targetHints":{"allow":["GET"]}}],"collection":[{"href":"https:\/\/losperiodistas.com.mx\/portal\/wp-json\/wp\/v2\/posts"}],"about":[{"href":"https:\/\/losperiodistas.com.mx\/portal\/wp-json\/wp\/v2\/types\/post"}],"author":[{"embeddable":true,"href":"https:\/\/losperiodistas.com.mx\/portal\/wp-json\/wp\/v2\/users\/1"}],"replies":[{"embeddable":true,"href":"https:\/\/losperiodistas.com.mx\/portal\/wp-json\/wp\/v2\/comments?post=6057"}],"version-history":[{"count":1,"href":"https:\/\/losperiodistas.com.mx\/portal\/wp-json\/wp\/v2\/posts\/6057\/revisions"}],"predecessor-version":[{"id":6059,"href":"https:\/\/losperiodistas.com.mx\/portal\/wp-json\/wp\/v2\/posts\/6057\/revisions\/6059"}],"wp:featuredmedia":[{"embeddable":true,"href":"https:\/\/losperiodistas.com.mx\/portal\/wp-json\/wp\/v2\/media\/6058"}],"wp:attachment":[{"href":"https:\/\/losperiodistas.com.mx\/portal\/wp-json\/wp\/v2\/media?parent=6057"}],"wp:term":[{"taxonomy":"category","embeddable":true,"href":"https:\/\/losperiodistas.com.mx\/portal\/wp-json\/wp\/v2\/categories?post=6057"},{"taxonomy":"post_tag","embeddable":true,"href":"https:\/\/losperiodistas.com.mx\/portal\/wp-json\/wp\/v2\/tags?post=6057"}],"curies":[{"name":"wp","href":"https:\/\/api.w.org\/{rel}","templated":true}]}}