{"id":60557,"date":"2023-10-09T19:53:28","date_gmt":"2023-10-10T00:53:28","guid":{"rendered":"http:\/\/losperiodistas.com.mx\/portal\/?p=60557"},"modified":"2023-10-09T19:53:30","modified_gmt":"2023-10-10T00:53:30","slug":"escaner-mujeres-del-silencio-al-empoderamiento-en-la-industria-tabacalera-cubana-pl","status":"publish","type":"post","link":"https:\/\/losperiodistas.com.mx\/portal\/escaner-mujeres-del-silencio-al-empoderamiento-en-la-industria-tabacalera-cubana-pl\/","title":{"rendered":"ESC\u00c1NER: Mujeres, del silencio al empoderamiento en la industria tabacalera cubana | PL"},"content":{"rendered":"\n<figure class=\"wp-block-image size-full is-style-default\"><img fetchpriority=\"high\" decoding=\"async\" width=\"893\" height=\"768\" src=\"https:\/\/losperiodistas.com.mx\/portal\/wp-content\/uploads\/2023\/10\/Portada.jpeg\" alt=\"\" class=\"wp-image-60558\" srcset=\"https:\/\/losperiodistas.com.mx\/portal\/wp-content\/uploads\/2023\/10\/Portada.jpeg 893w, https:\/\/losperiodistas.com.mx\/portal\/wp-content\/uploads\/2023\/10\/Portada-300x258.jpeg 300w, https:\/\/losperiodistas.com.mx\/portal\/wp-content\/uploads\/2023\/10\/Portada-768x660.jpeg 768w\" sizes=\"(max-width: 893px) 100vw, 893px\" \/><figcaption>Fotos: Vladimir Molina<\/figcaption><\/figure>\n\n\n\n<p class=\"has-vivid-red-color has-text-color has-medium-font-size\"><strong>LA RUTA DEL TABACO \/ TEYUN\u00c9 D\u00cdAZ DIAZ \/ PRENSA LATINA<\/strong><\/p>\n\n\n\n<p>En exclusiva con Prensa Latina Nocedo, la primera mujer en adquirir tal reconocimiento en Comunicaci\u00f3n, profundiz\u00f3 sobre la presencia femenina durante la evoluci\u00f3n del tabaco cubano, desde su cultivo en las etapas m\u00e1s abor\u00edgenes hasta la elaboraci\u00f3n del producto entre los siglos XVIII y XXI.<\/p>\n\n\n\n<figure class=\"wp-block-image is-style-default\"><img decoding=\"async\" src=\"https:\/\/i.ytimg.com\/vi\/biIm563zC-Q\/hqdefault.jpg\" alt=\"\"\/><\/figure>\n\n\n\n<p>En la segunda mitad del siglo XVIII, explic\u00f3, cuando ya exist\u00eda una industria tabacalera en Cuba, el silencio predomin\u00f3 sobre todas las labores desarrolladas por las mujeres, dado, en gran parte, por una sociedad machista, pues las f\u00e9minas se apreciaban solamente desde el punto de vista sensual, asociadas primero al cigarro y luego al tabaco, pero no por su desempe\u00f1o.<\/p>\n\n\n\n<p>A juicio de la experta, fueron silenciadas por el temor masculino a ser desplazados del torcido en Chinchales (fuente incipiente de la&nbsp;industria tabacalera) porque est\u00e1 comprobado que las manos de la mujer son mejores para la manipulaci\u00f3n de las hojas y elaboraci\u00f3n del tabaco.<\/p>\n\n\n\n<figure class=\"wp-block-image is-style-default\"><img decoding=\"async\" src=\"https:\/\/www.prensa-latina.cu\/wp-content\/uploads\/2023\/10\/Foto1.jpg\" alt=\"\" class=\"wp-image-565255\"\/><\/figure>\n\n\n\n<p>UN POCO DE HISTORIA<\/p>\n\n\n\n<p>Desde la legendaria f\u00e1brica Partag\u00e1s, Nocedo explic\u00f3 a esta agencia que la incorporaci\u00f3n extraoficial de la mujer a este sector fue una consecuencia de los intereses de las clases m\u00e1s poderosas ante el incremento de la demanda de puros.<\/p>\n\n\n\n<p>Ejemplific\u00f3 que a mediados del siglo XVIII en la Casa de Beneficencia, las hu\u00e9rfanas trabajaban como torcedoras, en parte, por un mercado demandante, pero tambi\u00e9n para responder a las necesidades de manutenci\u00f3n de esas muchachas y ni\u00f1as, a las cuales tiempo despu\u00e9s se sum\u00f3 la contrataci\u00f3n de 100 negras esclavas.<\/p>\n\n\n\n<p>El motivo fue la necesidad -detectada por la Sociedad Econ\u00f3mica Amigos del Pa\u00eds- de aumentar la producci\u00f3n tabacalera, no por la capacidad y ni por la posici\u00f3n que podr\u00edan ocupar en esa industria, reiter\u00f3 Nocedo quien fungiera durante 21 a\u00f1os como directora del Museo del Tabaco.<\/p>\n\n\n\n<figure class=\"wp-block-image is-style-default\"><img decoding=\"async\" src=\"https:\/\/www.prensa-latina.cu\/wp-content\/uploads\/2023\/10\/foto-2.jpg\" alt=\"\" class=\"wp-image-565256\"\/><\/figure>\n\n\n\n<p>Con el tiempo creci\u00f3 la incorporaci\u00f3n de las mujeres pero a trav\u00e9s del trabajo dom\u00e9stico, desde el silencio torc\u00edan el tabaco en sus casas porque no pod\u00edan aparecer como mano de obra esencial, destac\u00f3 la investigadora.<\/p>\n\n\n\n<p>Una muestra de ello es que durante el censo poblacional de 1861 no aparece el desempe\u00f1o de las f\u00e9minas en el sector tabacalero sino en oficios como costureras, lavanderas o maestras, ejemplific\u00f3.<\/p>\n\n\n\n<p>Solo a fines del siglo XIX \u2013alrededor de 1879- &nbsp;son reconocidas oficialmente como despalilladoras, y posteriormente como anilladoras. Pero quedaban otras batallas, los hombres les negaban el trabajo como torcedoras y, adem\u00e1s, eran objeto de discriminaci\u00f3n en cuanto a puestos de trabajo y condiciones salariales, profundiz\u00f3.<\/p>\n\n\n\n<figure class=\"wp-block-image is-style-default\"><img decoding=\"async\" src=\"https:\/\/www.prensa-latina.cu\/wp-content\/uploads\/2023\/10\/Infografia-1.jpg\" alt=\"\" class=\"wp-image-565257\"\/><\/figure>\n\n\n\n<p>Sin embargo, al iniciar las Guerra de Independencia ocuparon todas las labores tanto para mantener la producci\u00f3n tabacalera como en la lucha independentista como en los clubes patri\u00f3ticos.<\/p>\n\n\n\n<p>En esas condiciones permanecieron hasta los primeros a\u00f1os de la Rep\u00fablica, una etapa signada por las luchas en pos de la igualdad, dijo mientras miraba la galera donde tuercen el tabaco hombres y mujeres sin distinci\u00f3n.<\/p>\n\n\n\n<figure class=\"wp-block-image is-style-default\"><img decoding=\"async\" src=\"https:\/\/www.prensa-latina.cu\/wp-content\/uploads\/2023\/10\/foto-3.jpg\" alt=\"\" class=\"wp-image-565258\"\/><\/figure>\n\n\n\n<p>EL CAMBIO<\/p>\n\n\n\n<p>En 1966, al aparecer la marca Coh\u00edba -la m\u00e1s famosa de las 27 que contiene el vitolario- el l\u00edder hist\u00f3rico de la Revoluci\u00f3n Cubana, Fidel Castro, se interes\u00f3 por la cantidad de torcedoras en el pa\u00eds&nbsp; (unas mil en aquel momento), tiempo aproximado para el aprendizaje del&nbsp; oficio, relat\u00f3.<\/p>\n\n\n\n<p>De ah\u00ed surgi\u00f3 la idea de crear la primera escuela de torcedoras, explic\u00f3, tras una convocatoria de la Federaci\u00f3n de Mujeres Cubanas a los pocos d\u00edas se sumaron otras 15 mujeres a las cuatro iniciales, pero la masividad comenz\u00f3 en 1967 con el Plan Tabaquera dise\u00f1ado para m\u00e1s de 100 f\u00e9minas, un proyecto que se extendi\u00f3 gradualmente por el pa\u00eds.<\/p>\n\n\n\n<p>Esa&nbsp; primera ense\u00f1anza posibilit\u00f3 la incorporaci\u00f3n masiva de la mujer como torcedora, y aunque se elimin\u00f3 la desigualdad salarial en la industria del tabaco, no signific\u00f3 la inexistencia de&nbsp; discordias, machismos o inquietudes, aunque desde el inicio qued\u00f3 establecida la igualdad de condiciones y facilit\u00f3 el desempe\u00f1o femenino en otras labores antes vedadas, subray\u00f3 Nocedo.<\/p>\n\n\n\n<p>Ejemplo es la lectura de tabaquer\u00eda antes reservada solo para los hombres, en cambio tras la proliferaci\u00f3n de la mujer en la industria tabacalera actualmente predominanlas f\u00e9minas que realizan esa labor.<\/p>\n\n\n\n<p>EL EMPODERAMIENTO<\/p>\n\n\n\n<p>Un elemento significativo es el empoderamiento femenino, un proceso paulatino que visibiliz\u00f3 y demostr\u00f3 -tras el silencio- todas las capacidades, habilidades y conocimiento de las mujeres.<\/p>\n\n\n\n<figure class=\"wp-block-image is-style-default\"><img decoding=\"async\" src=\"https:\/\/www.prensa-latina.cu\/wp-content\/uploads\/2023\/10\/infografia-2.jpg\" alt=\"\" class=\"wp-image-565261\"\/><\/figure>\n\n\n\n<p>Hoy se desempe\u00f1an en cualquier \u00e1rea, como directoras de f\u00e1bricas de empresas tabacaleras, jur\u00eddicas, comunicadoras, incluso recientemente, por primera vez, una mujer ocupa el cargo de copresidenta de la Corporaci\u00f3n Habanos S.A., Maritza Carrillo, puntualiz\u00f3.<\/p>\n\n\n\n<p>En opini\u00f3n de Nocedo se aprecia un empoderamiento de la mujer en la cultura tabacalera ganado por su trabajo, luego de ser invisibilizada durante a\u00f1os, y remarc\u00f3 que siempre particip\u00f3 en las labores de cultivo, y en los procesos preindustrial e industrial del tabaco.<\/p>\n\n\n\n<p>Actualmente, no existe desigualdad social o de salarios, pero si persisten incomprensiones por el machismo que puede prevalecer, todav\u00eda, en la mente de algunos hombres, m\u00e1s no en las leyes concluy\u00f3.<\/p>\n\n\n\n<figure class=\"wp-block-image is-style-default\"><img decoding=\"async\" src=\"https:\/\/www.prensa-latina.cu\/wp-content\/uploads\/2023\/10\/infografia-3.jpg\" alt=\"\" class=\"wp-image-565262\"\/><\/figure>\n\n\n\n<p>DE OFICIOS VEDADOS Y SUE\u00d1OS ACTUALES<\/p>\n\n\n\n<p>El lector de tabaquer\u00eda es uno de los oficios m\u00e1s legendarios del sector,&nbsp; surgi\u00f3 a mediados del siglo XIX y desde noviembre 2012 fue declarado Patrimonio Cultural de la Naci\u00f3n, otro de los trabajos tambi\u00e9n vedados para el sexo femenino, aunque hoy la realidad es diferente.<\/p>\n\n\n\n<figure class=\"wp-block-image is-style-default\"><img decoding=\"async\" src=\"https:\/\/i.ytimg.com\/vi\/_GD555YppWA\/hqdefault.jpg\" alt=\"\"\/><\/figure>\n\n\n\n<p>La pesquisa llev\u00f3 esta agencia a la Empresa de Tabaco Torcido Miguel Fern\u00e1ndez Roig, La Corona, donde labora Odalys Lara, la lectora de tabaquer\u00eda con mayor tiempo en la profesi\u00f3n en La&nbsp; Habana, y quiz\u00e1s en el pa\u00eds, tal afirmaci\u00f3n la validan 28 a\u00f1os de profesi\u00f3n.<\/p>\n\n\n\n<figure class=\"wp-block-image is-style-default\"><img decoding=\"async\" src=\"https:\/\/www.prensa-latina.cu\/wp-content\/uploads\/2023\/10\/Foto-5-entrevistada-2.jpg\" alt=\"\" class=\"wp-image-565263\"\/><\/figure>\n\n\n\n<p>Curioso resulta que se trata de un puesto por concurso, es necesario contar con la aprobaci\u00f3n de los trabajadores mediante voto secreto, en el caso de Lara fueron 21 d\u00edas de pruebas junto a otros dos candidatos hombres hasta ser electa como lectora de La Corona.<\/p>\n\n\n\n<p>En la tabaquer\u00eda, coment\u00f3, siempre existe un momento en que la hoja del tabaco se impregna de la voz del lector, de la trasmisi\u00f3n del conocimiento a los trabajadores, de la calidez cubana, y de comunicar las vivencias.<\/p>\n\n\n\n<p>Todo puro tiene una gota de esa sabidur\u00eda y concentra el deseo de prevalencia del habano en el mercado mundial por los siglos de los siglos, dijo Lara emocionada.<\/p>\n\n\n\n<p>EN LA GALERA, LA VIDA<\/p>\n\n\n\n<p>Casi puede decirse que pasaron siglos hasta que las mujeres en las galeras pudieron torcer los puros en condiciones de igualdad con los hombres, una realidad presente hoy y con garant\u00edas de continuidad para las futuras generaciones.<\/p>\n\n\n\n<p>Desde la Corona, la torcedora Yetel Garc\u00eda coment\u00f3 a Prensa Latina que comenz\u00f3 en el mundo de aprender a hacer un habano con apenas 21 a\u00f1os y hoy tiene 18 a\u00f1os de labor en la f\u00e1brica, claro el inicio no fue f\u00e1cil, pero al final lo logr\u00f3.<\/p>\n\n\n\n<figure class=\"wp-block-image is-style-default\"><img decoding=\"async\" src=\"https:\/\/www.prensa-latina.cu\/wp-content\/uploads\/2023\/10\/Foto-6-entrevistada-3.jpg\" alt=\"\" class=\"wp-image-565264\"\/><\/figure>\n\n\n\n<p>\u201cCreo que ha sido una bendici\u00f3n porque aunque la actividad es intensa, tambi\u00e9n es hermoso hacer algo con tus manos como cuando el artista cuando pinta un cuadro, al final ves el fruto tu trabajo luego de una jornada\u201d.<\/p>\n\n\n\n<p>Seg\u00fan cuenta Garc\u00eda esta profesi\u00f3n le posibilit\u00f3 mostrar su trabajo en otros pa\u00edses, ense\u00f1ar c\u00f3mo se hace un habano, y crear una familia, en sus palabras \u201cla f\u00e1brica es como si fuese mi segundo hogar\u201d.<\/p>\n\n\n\n<p>Relatos que muestran c\u00f3mo la mujer pas\u00f3 del silencio y la discriminaci\u00f3n a la visibilidad, la igualdad y el empoderamiento, sin desigualdades salariales o sociales, aunque aun persistan algunas incomprensiones.<\/p>\n\n\n\n<p>may\/tdd<\/p>\n\n\n\n<p>Fuente: <a href=\"https:\/\/www.prensa-latina.cu\/2023\/10\/03\/escaner-mujeres-del-silencio-al-empoderamiento-en-la-industria-tabacalera-cubana-fotos-info\">https:\/\/www.prensa-latina.cu\/2023\/10\/03\/escaner-mujeres-del-silencio-al-empoderamiento-en-la-industria-tabacalera-cubana-fotos-info<\/a><\/p>\n","protected":false},"excerpt":{"rendered":"<p>LA RUTA DEL TABACO \/ TEYUN\u00c9 D\u00cdAZ DIAZ \/ PRENSA LATINA En exclusiva con Prensa Latina Nocedo, la primera mujer [&hellip;]<\/p>\n","protected":false},"author":1,"featured_media":60558,"comment_status":"open","ping_status":"open","sticky":false,"template":"","format":"standard","meta":{"site-sidebar-layout":"default","site-content-layout":"","ast-site-content-layout":"default","site-content-style":"default","site-sidebar-style":"default","ast-global-header-display":"","ast-banner-title-visibility":"","ast-main-header-display":"","ast-hfb-above-header-display":"","ast-hfb-below-header-display":"","ast-hfb-mobile-header-display":"","site-post-title":"","ast-breadcrumbs-content":"","ast-featured-img":"","footer-sml-layout":"","theme-transparent-header-meta":"","adv-header-id-meta":"","stick-header-meta":"","header-above-stick-meta":"","header-main-stick-meta":"","header-below-stick-meta":"","astra-migrate-meta-layouts":"default","ast-page-background-enabled":"default","ast-page-background-meta":{"desktop":{"background-color":"var(--ast-global-color-4)","background-image":"","background-repeat":"repeat","background-position":"center center","background-size":"auto","background-attachment":"scroll","background-type":"","background-media":"","overlay-type":"","overlay-color":"","overlay-opacity":"","overlay-gradient":""},"tablet":{"background-color":"","background-image":"","background-repeat":"repeat","background-position":"center center","background-size":"auto","background-attachment":"scroll","background-type":"","background-media":"","overlay-type":"","overlay-color":"","overlay-opacity":"","overlay-gradient":""},"mobile":{"background-color":"","background-image":"","background-repeat":"repeat","background-position":"center center","background-size":"auto","background-attachment":"scroll","background-type":"","background-media":"","overlay-type":"","overlay-color":"","overlay-opacity":"","overlay-gradient":""}},"ast-content-background-meta":{"desktop":{"background-color":"var(--ast-global-color-5)","background-image":"","background-repeat":"repeat","background-position":"center center","background-size":"auto","background-attachment":"scroll","background-type":"","background-media":"","overlay-type":"","overlay-color":"","overlay-opacity":"","overlay-gradient":""},"tablet":{"background-color":"var(--ast-global-color-5)","background-image":"","background-repeat":"repeat","background-position":"center center","background-size":"auto","background-attachment":"scroll","background-type":"","background-media":"","overlay-type":"","overlay-color":"","overlay-opacity":"","overlay-gradient":""},"mobile":{"background-color":"var(--ast-global-color-5)","background-image":"","background-repeat":"repeat","background-position":"center center","background-size":"auto","background-attachment":"scroll","background-type":"","background-media":"","overlay-type":"","overlay-color":"","overlay-opacity":"","overlay-gradient":""}},"footnotes":""},"categories":[8],"tags":[16642,19465,7346],"class_list":["post-60557","post","type-post","status-publish","format-standard","has-post-thumbnail","hentry","category-noticias","tag-habanos","tag-mujeres-y-tabaco","tag-tabaco"],"_links":{"self":[{"href":"https:\/\/losperiodistas.com.mx\/portal\/wp-json\/wp\/v2\/posts\/60557","targetHints":{"allow":["GET"]}}],"collection":[{"href":"https:\/\/losperiodistas.com.mx\/portal\/wp-json\/wp\/v2\/posts"}],"about":[{"href":"https:\/\/losperiodistas.com.mx\/portal\/wp-json\/wp\/v2\/types\/post"}],"author":[{"embeddable":true,"href":"https:\/\/losperiodistas.com.mx\/portal\/wp-json\/wp\/v2\/users\/1"}],"replies":[{"embeddable":true,"href":"https:\/\/losperiodistas.com.mx\/portal\/wp-json\/wp\/v2\/comments?post=60557"}],"version-history":[{"count":1,"href":"https:\/\/losperiodistas.com.mx\/portal\/wp-json\/wp\/v2\/posts\/60557\/revisions"}],"predecessor-version":[{"id":60561,"href":"https:\/\/losperiodistas.com.mx\/portal\/wp-json\/wp\/v2\/posts\/60557\/revisions\/60561"}],"wp:featuredmedia":[{"embeddable":true,"href":"https:\/\/losperiodistas.com.mx\/portal\/wp-json\/wp\/v2\/media\/60558"}],"wp:attachment":[{"href":"https:\/\/losperiodistas.com.mx\/portal\/wp-json\/wp\/v2\/media?parent=60557"}],"wp:term":[{"taxonomy":"category","embeddable":true,"href":"https:\/\/losperiodistas.com.mx\/portal\/wp-json\/wp\/v2\/categories?post=60557"},{"taxonomy":"post_tag","embeddable":true,"href":"https:\/\/losperiodistas.com.mx\/portal\/wp-json\/wp\/v2\/tags?post=60557"}],"curies":[{"name":"wp","href":"https:\/\/api.w.org\/{rel}","templated":true}]}}