{"id":60551,"date":"2023-10-09T13:49:10","date_gmt":"2023-10-09T18:49:10","guid":{"rendered":"http:\/\/losperiodistas.com.mx\/portal\/?p=60551"},"modified":"2023-10-09T13:49:12","modified_gmt":"2023-10-09T18:49:12","slug":"morena-las-disputas-internas-parte-1-el-rio-revuelto-por-la-candidatura-en-puebla-proceso","status":"publish","type":"post","link":"https:\/\/losperiodistas.com.mx\/portal\/morena-las-disputas-internas-parte-1-el-rio-revuelto-por-la-candidatura-en-puebla-proceso\/","title":{"rendered":"Morena, las disputas internas. Parte 1: El r\u00edo revuelto por la candidatura en Puebla | Proceso"},"content":{"rendered":"\n<p class=\"has-light-green-cyan-background-color has-background has-medium-font-size\"><strong>Proceso inicia hoy una serie en la que da cuenta de las disputas de quienes al interior del pa\u00eds aspiran a un cargo de elecci\u00f3n popular estatal o federal bajo la bandera de la llamada Cuarta Transformaci\u00f3n.<\/strong><\/p>\n\n\n\n<p><\/p>\n\n\n\n<figure class=\"wp-block-image size-full is-style-default\"><img fetchpriority=\"high\" decoding=\"async\" width=\"685\" height=\"385\" src=\"https:\/\/losperiodistas.com.mx\/portal\/wp-content\/uploads\/2023\/10\/f685x385-182755_220448_5336.webp\" alt=\"\" class=\"wp-image-60553\" srcset=\"https:\/\/losperiodistas.com.mx\/portal\/wp-content\/uploads\/2023\/10\/f685x385-182755_220448_5336.webp 685w, https:\/\/losperiodistas.com.mx\/portal\/wp-content\/uploads\/2023\/10\/f685x385-182755_220448_5336-300x169.webp 300w\" sizes=\"(max-width: 685px) 100vw, 685px\" \/><figcaption>Mario Delgado. Internas de Morena, el desaf\u00edo. Foto: Eduardo Miranda<\/figcaption><\/figure>\n\n\n\n<p class=\"has-vivid-red-color has-text-color has-medium-font-size\"><strong>GABRIELA HERN\u00c1NDEZ \/ PROCESO<\/strong><\/p>\n\n\n\n<p><em>Lejos del triunfalismo en el que se regocija la virtual candidata de Morena a la Presidencia de la Rep\u00fablica, Claudia Sheinbaum, las disputas dentro del Movimiento de Regeneraci\u00f3n Nacional (Morena) se han agudizado en el pa\u00eds en su rebatinga por las f\u00f3rmulas electorales que, a nueve meses de los comicios, dan como ganadoras.&nbsp;<\/em><\/p>\n\n\n\n<p><em>En el prop\u00f3sito de lograr la mayor\u00eda calificada en el Congreso federal, m\u00e1s all\u00e1 de lo que consideran como inevitable triunfo presidencial de la exjefa de gobierno de la Ciudad de M\u00e9xico, los distintos grupos estatales de Morena han arreciado su confrontaci\u00f3n por estar en las listas de candidatos para gobernadores, senadores, diputados federales o estatales y presidentes municipales.<\/em><\/p>\n\n\n\n<p><strong>NOTICIAS RELACIONADAS<\/strong><\/p>\n\n\n\n<ul class=\"wp-block-list\"><li><a href=\"https:\/\/www.proceso.com.mx\/nacional\/2023\/10\/5\/adela-ramos-diputada-de-morena-denuncia-su-partido-por-violencia-politica-de-genero-316214.html\">Adela Ramos, diputada de Morena, denuncia a su partido por violencia pol\u00edtica de g\u00e9nero<\/a><\/li><li><a href=\"https:\/\/www.proceso.com.mx\/nacional\/cdmx\/2023\/10\/4\/no-hay-aspirante-favorito-en-morena-para-la-cdmx-sheinbaum-316161.html\">No hay aspirante favorito en Morena para la CDMX: Sheinbaum<\/a><\/li><li><a href=\"https:\/\/www.proceso.com.mx\/nacional\/estados\/2023\/10\/1\/armenta-confia-aun-en-llegar-playoff-en-la-contienda-interna-de-morena-en-puebla-315934.html\">Armenta conf\u00eda a\u00fan en llegar a \u00abplayoff\u00bb en la contienda interna de Morena en Puebla<\/a><\/li><li><a href=\"https:\/\/www.proceso.com.mx\/nacional\/estados\/2023\/10\/1\/ejecutan-dos-encuestadores-de-morena-en-chiapas-otro-esta-desaparecido-315956.html\">Ejecutan a dos encuestadores de Morena en Chiapas; otro est\u00e1 desaparecido<\/a><\/li><\/ul>\n\n\n\n<p><em>Expriistas que en Puebla trabajaron con Mario Mar\u00edn, el \u201cgober precioso\u201d; operadores que sirvieron al PRI en Nuevo Le\u00f3n, Oaxaca, Chiapas o Guerrero, entre otros estados, incluso expanistas venidos al morenismo como Ricardo Sheffield, quien pretende el gobierno de Guanajuato, dan cuenta del pragmatismo con el que Morena busca asumir el control pol\u00edtico en casi todo el pa\u00eds.&nbsp;<\/em><\/p>\n\n\n\n<p><em>En casos como Chiapas la pelea por las candidaturas es una continuaci\u00f3n de la confrontaci\u00f3n de los promotores de Sheinbaum y del fallido aspirante Ad\u00e1n Augusto L\u00f3pez, exsecretario de Gobernaci\u00f3n, aunque \u00e9sta es una de las entidades en donde los protagonistas asumen que las candidaturas las definir\u00e1 el presidente Andr\u00e9s Manuel L\u00f3pez Obrador.<\/em><\/p>\n\n\n\n<h2 class=\"wp-block-heading\">Lluvia de aspirantes en Puebla<\/h2>\n\n\n\n<p>PUEBLA, Pue (Proceso).\u2013 A un mes de que se defina la candidatura de Morena a la gubernatura de Puebla, nadie parece tener segura la nominaci\u00f3n, ni siquiera los primos Alejandro Armenta Mier e Ignacio Mier Velazco, quienes se colocan como punteros en las encuestas y llevan m\u00e1s de a\u00f1o y medio en franca campa\u00f1a, armando sus propias estructuras y tapizando la entidad con espectaculares y pinta de bardas.<\/p>\n\n\n\n<p>Al cierre del periodo de inscripci\u00f3n,&nbsp;21 perfiles se registraron en busca de ser&nbsp;tomados en cuenta en la encuesta que se realizar\u00e1 para designar al coordinador estatal de los Comit\u00e9s de Defensa de la Cuarta Transformaci\u00f3n en Puebla.&nbsp;<\/p>\n\n\n\n<p>La euforia fue tal que, incluso, se apuntaron en el proceso interno de Morena pol\u00edticos como Antonio Gali L\u00f3pez, hijo del exgobernador panista Antonio Gali Fayad. Gali L\u00f3pez participa como propuesta del Partido Verde.&nbsp;&nbsp;<\/p>\n\n\n\n<p>No obstante, a unos d\u00edas de que se realice la sesi\u00f3n del Consejo Estatal de Morena (CE), ni siquiera los dos punteros tienen la certeza de ser incluidos en las propuestas que har\u00e1 este \u00f3rgano partidista, que es controlado mayoritariamente por Julio Huerta G\u00f3mez \u2013primo del extinto gobernador Miguel Barbosa Huerta\u2013, excoordinador de la campa\u00f1a de Claudia Sheinbaum en la entidad, en alianza con el mandatario Salom\u00f3n C\u00e9spedes Peregrina.&nbsp;<\/p>\n\n\n\n<p>De hecho, Huerta se perfila como la \u00fanica propuesta segura para ser incluida en la cuarteta que propondr\u00e1 el CE para ser medido en la encuesta, pues la posibilidad de los otros aspirantes se centra en acuerdos pol\u00edticos con el propio primo de Barbosa Huerta y con el gobernador, o esperar a que el Consejo Nacional de Elecciones (CNE) los incorpore al proceso interno.&nbsp;<\/p>\n\n\n\n<figure class=\"wp-block-image is-style-default\"><img decoding=\"async\" src=\"https:\/\/www.proceso.com.mx\/u\/fotografias\/m\/2023\/10\/8\/f768x400-184196_228099_0.jpeg\" alt=\"\"\/><figcaption>Huerta G\u00f3mez. Control sobre el consejo estatal morenista. Foto: De la cuenta de XTwitter&nbsp;@juliomiguelhg<\/figcaption><\/figure>\n\n\n\n<p>El senador Armenta reconoci\u00f3 que, aunque encabeza la mayor\u00eda de las encuestas, no cuenta con el apoyo de ninguno de los 151 integrantes del CE, como tampoco tiene la estructura del partido, cuya dirigente estatal, Olga Luc\u00eda Garci Crespo, es aliada de Huerta.&nbsp;<\/p>\n\n\n\n<p>Sin embargo, en las \u00faltimas semanas Armenta ha tenido acercamientos y se ha tomado fotos con el primo de Barbosa, por lo que se advierte un posible acuerdo pol\u00edtico entre ambos.<\/p>\n\n\n\n<p>No es el mismo escenario para el diputado Ignacio Mier Velazco, quien desde los tiempos de Barbosa ha tenido confrontaciones con Huerta y con Armenta.&nbsp;<\/p>\n\n\n\n<p>Aunque el dirigente nacional de Morena, Mario Delgado, ya advirti\u00f3 que los mayoriteos por parte de los \u00f3rganos partidistas estatales ser\u00e1n est\u00e9riles, pues ser\u00e1 el CNE el que tenga la \u00faltima palabra para decidir sobre los perfiles con mayores posibilidades de triunfo electoral que ser\u00e1n medidos en la encuesta.<\/p>\n\n\n\n<p>Mier podr\u00eda depender de esa v\u00eda, aunque en los \u00faltimos d\u00edas se ha advertido que logr\u00f3 convencer a m\u00e1s de 40 consejeros, lo que complicar\u00eda la operaci\u00f3n y acuerdos de los grupos locales encabezados por Huerta.&nbsp;&nbsp;<\/p>\n\n\n\n<p>As\u00ed, el panorama para la unidad en Puebla se observa complicado, m\u00e1s cuando al menos tres de los participantes: Armenta, Mier y el primo de Barbosa tienen meses de movilizarse por todo el territorio estatal, de incorporar cuadros y de gastar en campa\u00f1as publicitarias.&nbsp;<\/p>\n\n\n\n<p>La incertidumbre en la definici\u00f3n del candidato tambi\u00e9n est\u00e1 marcada por los requerimientos de Morena para garantizar la paridad de g\u00e9nero en las nueve entidades en juego para 2024.<\/p>\n\n\n\n<figure class=\"wp-block-image is-style-default\"><img decoding=\"async\" src=\"https:\/\/www.proceso.com.mx\/u\/fotografias\/m\/2023\/10\/8\/f768x400-184198_228101_12.jpg\" alt=\"\"\/><figcaption>Mier Velazco y Armenta Mier. Primos y rivales. Foto: Proceso<\/figcaption><\/figure>\n\n\n\n<p>La exalcaldesa Claudia Rivera Vivanco, la exsecretaria de Econom\u00eda Olivia Salom\u00f3n Vibaldo, la exsecretaria estatal del Bienestar Lizeth S\u00e1nchez y la alcaldesa de San Mart\u00edn Texmelucan, Norma Lay\u00f3n, le apuestan a que en Puebla \u201ctoca gobernadora\u201d.&nbsp;<\/p>\n\n\n\n<p>Incluso se inscribi\u00f3 en el proceso interno Rosario Orozco Caballero, viuda de Miguel Barbosa Huerta, lo cual ha sido interpretado como una manifestaci\u00f3n del distanciamiento que ha marcado el gobernador Salom\u00f3n C\u00e9spedes con la familia y los excolaboradores allegados al fallecido mandatario.&nbsp;&nbsp;<\/p>\n\n\n\n<p>Tambi\u00e9n est\u00e1n buscando la postulaci\u00f3n Rodrigo Abdala, quien renunci\u00f3 a la delegaci\u00f3n de la Secretar\u00eda del Bienestar y es sobrino del exgobernador Manuel Bartlett; David M\u00e9ndez M\u00e1rquez, exsecretario estatal de Gobernaci\u00f3n, quien se ostenta como representante del aut\u00e9ntico obradorismo en Puebla; Melit\u00f3n Lozano, exsecretario estatal de Educaci\u00f3n, y Antonio Mart\u00ednez, extitular de Salud del Estado.&nbsp;<\/p>\n\n\n\n<h2 class=\"wp-block-heading\">El control&nbsp;<\/h2>\n\n\n\n<p>Los aspirantes a la postulaci\u00f3n de Morena en Puebla tratan de presentarse, cada uno por su lado, como el perfil m\u00e1s rentable y quien m\u00e1s votos podr\u00eda aportar para la causa presidencial y al objetivo prioritario para el partido: ganar la mayor\u00eda calificada en el Congreso de la Uni\u00f3n.&nbsp;<\/p>\n\n\n\n<p>El mismo d\u00eda que Sheinbaum gan\u00f3 la coordinaci\u00f3n nacional, Huerta G\u00f3mez reuni\u00f3 en un sal\u00f3n social a m\u00e1s de tres mil personas, entre ellas 157 alcaldes de todos los partidos, incluidos PRI y PAN, funcionarios estatales, diputados locales y la estructura local de Morena.&nbsp;<\/p>\n\n\n\n<p>\u201c\u00a1Gobernador, gobernador!\u201d, corearon los presentes en este acto, que fue convocado para festejar el triunfo de Sheinbaum, pero m\u00e1s pareci\u00f3 una demostraci\u00f3n de la capacidad de movilizaci\u00f3n y control de estructuras que tiene el exsecretario de Gobernaci\u00f3n.&nbsp;<\/p>\n\n\n\n<p>Con una escasa trayectoria pol\u00edtica, pues apenas tiene como antecedente haber sido regidor del municipio de Zinacatepec, el primo de Barbosa asegura ya haber alcanzado a Mier en el segundo lugar en las encuestas, y conf\u00eda en que superar\u00e1 a Armenta en el mes que tendr\u00e1n para la precampa\u00f1a.<\/p>\n\n\n\n<p>El desaparecido gobernador fue quien impuls\u00f3 la carrera pol\u00edtica de Huerta, aunque ahora \u00e9ste asegura en entrevistas que no representa una continuidad del barbosismo y aclara tener un \u201cestilo diferente\u201d.<\/p>\n\n\n\n<p>A mediados de 2022 fueron Huerta y C\u00e9spedes Peregrina \u2013quien en ese entonces era l\u00edder del Congreso local\u2013 los que operaron para que Barbosa tomara el control de la dirigencia de Morena en la entidad, estructura que ahora est\u00e1 vigente.&nbsp;&nbsp;<\/p>\n\n\n\n<figure class=\"wp-block-image is-style-default\"><img decoding=\"async\" src=\"https:\/\/www.proceso.com.mx\/u\/fotografias\/m\/2023\/10\/8\/f768x400-184199_228102_15.jpg\" alt=\"\"\/><figcaption>Sheinbaum. Efecto en Puebla. Foto: Miguel Dimayuga<\/figcaption><\/figure>\n\n\n\n<p>Igual que lo hizo en ese proceso, Huerta oper\u00f3 en favor del proyecto de Sheinbaum en Puebla mediante acuerdos pol\u00edticos con los alcaldes de todos los partidos, quienes fueron los encargados de financiar la pinta de bardas en los 217 municipios, no s\u00f3lo para ella, sino tambi\u00e9n para la propia causa del exfuncionario estatal.<\/p>\n\n\n\n<p>Aunque la base militante de Morena apoyaba de manera mayoritaria el proyecto de Sheinbaum, los obradoristas se desconcertaron con el nombramiento de Huerta como su coordinador, pues lo acusan de establecer pactos de impunidad con los alcaldes para movilizar a miles de personas al viejo estilo del PRI.&nbsp;<\/p>\n\n\n\n<p>Un ejemplo de estos acuerdos es el que, seg\u00fan las versiones dentro del movimiento, hizo con el alcalde de Zapotitl\u00e1n de M\u00e9ndez, Emiliano V\u00e1zquez Bonilla, a quien Huerta defendi\u00f3 cuando los pobladores lo acusaron de haber disparado contra una escuela primaria donde hab\u00eda ni\u00f1os y maestros.<\/p>\n\n\n\n<h2 class=\"wp-block-heading\"><em>Marinismo&nbsp;<\/em><\/h2>\n\n\n\n<p>Tras dar a conocer su registro, el senador Armenta sostuvo que los resultados de las encuestas apuntan a que es el perfil m\u00e1s competitivo para Morena, y consider\u00f3 que representa m\u00e1s de dos millones de votos para la causa nacional.&nbsp;<\/p>\n\n\n\n<p>En los \u00faltimos d\u00edas ha intensificado su promoci\u00f3n con recorridos, llamadas telef\u00f3nicas y propaganda que da por hecho que es el ganador de las encuestas.&nbsp;<\/p>\n\n\n\n<p>Armenta conform\u00f3 su estructura sobre pol\u00edticos marinistas, pues cabe recordar que el ahora senador por Morena hizo su carrera pol\u00edtica en el sexenio del \u201cg\u00f3ber precioso\u201d Mario Mar\u00edn, periodo en el que fue director del DIF estatal, secretario de Desarrollo Social y dirigente estatal del tricolor, entre otros cargos.&nbsp;<\/p>\n\n\n\n<p>En las \u00faltimas semanas se han sumado a su proyecto reconocidos exfuncionarios marinistas, como Juan Manuel Vega Rayet, Juan Carlos Lastiri, Mario Montero Serrano, Valent\u00edn Meneses Rojas, Blanca Jim\u00e9nez y otros. Incluso se manejan versiones de que los hermanos del exgobernador, Enrique y Blandina Mar\u00edn Torres, operan en favor de Armenta en la Mixteca.&nbsp;&nbsp;<\/p>\n\n\n\n<p>En tanto que los operadores pol\u00edticos de Ignacio Mier Velazco siempre lo han promovido como el poblano m\u00e1s cercano al presidente Andr\u00e9s Manuel L\u00f3pez Obrador y quien tiene el respaldo de pol\u00edticos con presencia nacional como Manuel Bartlett, director de la Comisi\u00f3n Federal de Electricidad.&nbsp;<\/p>\n\n\n\n<p>En sus redes sociales Mier divulg\u00f3 una fotograf\u00eda en la que aparece en plena carcajada junto a Claudia Sheinbaum y Ad\u00e1n Augusto L\u00f3pez, justo el d\u00eda que se dio a conocer que el tabasque\u00f1o ser\u00eda el coordinador pol\u00edtico de la campa\u00f1a presidencial.&nbsp;<\/p>\n\n\n\n<p>El l\u00edder de la fracci\u00f3n de Morena en la C\u00e1mara de Diputados apoy\u00f3 a L\u00f3pez en la campa\u00f1a interna de Morena, por lo cual sus simpatizantes difundieron ese nombramiento como una ventaja para su proyecto.&nbsp;<\/p>\n\n\n\n<p>Tras su registro, Mier congreg\u00f3 a uno 20 mil promotores del llamado Instituto Mexicano para la Transformaci\u00f3n de la Vida P\u00fablica, una agrupaci\u00f3n que conform\u00f3 para fungir como su estructura estatal. Con esto, consider\u00f3 que su grupo promotor en la entidad suma a m\u00e1s de 150 mil personas.&nbsp;<\/p>\n\n\n\n<figure class=\"wp-block-image is-style-default\"><img decoding=\"async\" src=\"https:\/\/www.proceso.com.mx\/u\/fotografias\/m\/2023\/10\/8\/f768x400-184200_228103_15.jpg\" alt=\"\"\/><figcaption>Orozco, con el extinto gobernador Barbosa. Una aspirante m\u00e1s. Foto: Cuartoscuro<\/figcaption><\/figure>\n\n\n\n<p>Sin embargo, el grupo de Mier tambi\u00e9n est\u00e1 m\u00e1s ligado al PRI que a los grupos fundadores de Morena, pues entre sus principales operadores est\u00e1n Enrique Doger Guerrero, H\u00e9ctor Jim\u00e9nez y Meneses, Luis Antonio Godina, Gabriel Reyes Cardoso y otros.&nbsp;<\/p>\n\n\n\n<p>Adem\u00e1s de panistas connotados como el exalcalde de Atlixco Guillermo Vel\u00e1zquez, el diputado federal Juan Pablo Pi\u00f1a Kurczyn, el exdiputado local Edgar Salom\u00f3n Escorza y se asegura que trabaja para \u00e9l la estructura del panista Antonio Gali Fayad.&nbsp;&nbsp;<\/p>\n\n\n\n<p>En Puebla estas incorporaciones dejaron de ser cuestionables para los aspirantes y m\u00e1s bien las han presentado como adhesiones a la estructura con la que contar\u00e1 Morena en los pr\u00f3ximos comicios, y que sumar\u00e1n a la causa por ganar la Presidencia y la mayor\u00eda calificada en las c\u00e1maras.<\/p>\n\n\n\n<p>De hecho, en los c\u00edrculos pol\u00edticos de la entidad se habla de que PRI y PAN se han quedado sin operadores pol\u00edticos para los comicios de 2024, pues una gran mayor\u00eda de ellos se sumaron a los distintos proyectos que contienden por la candidatura de Morena.<\/p>\n\n\n\n<p>Fuente: <a href=\"https:\/\/www.proceso.com.mx\/nacional\/2023\/10\/9\/morena-las-disputas-internas-parte-1-el-rio-revuelto-por-la-candidatura-en-puebla-316387.html\">https:\/\/www.proceso.com.mx\/nacional\/2023\/10\/9\/morena-las-disputas-internas-parte-1-el-rio-revuelto-por-la-candidatura-en-puebla-316387.html<\/a><\/p>\n","protected":false},"excerpt":{"rendered":"<p>Proceso inicia hoy una serie en la que da cuenta de las disputas de quienes al interior del pa\u00eds aspiran [&hellip;]<\/p>\n","protected":false},"author":1,"featured_media":60553,"comment_status":"open","ping_status":"open","sticky":false,"template":"","format":"standard","meta":{"site-sidebar-layout":"default","site-content-layout":"","ast-site-content-layout":"default","site-content-style":"default","site-sidebar-style":"default","ast-global-header-display":"","ast-banner-title-visibility":"","ast-main-header-display":"","ast-hfb-above-header-display":"","ast-hfb-below-header-display":"","ast-hfb-mobile-header-display":"","site-post-title":"","ast-breadcrumbs-content":"","ast-featured-img":"","footer-sml-layout":"","theme-transparent-header-meta":"","adv-header-id-meta":"","stick-header-meta":"","header-above-stick-meta":"","header-main-stick-meta":"","header-below-stick-meta":"","astra-migrate-meta-layouts":"default","ast-page-background-enabled":"default","ast-page-background-meta":{"desktop":{"background-color":"var(--ast-global-color-4)","background-image":"","background-repeat":"repeat","background-position":"center center","background-size":"auto","background-attachment":"scroll","background-type":"","background-media":"","overlay-type":"","overlay-color":"","overlay-opacity":"","overlay-gradient":""},"tablet":{"background-color":"","background-image":"","background-repeat":"repeat","background-position":"center center","background-size":"auto","background-attachment":"scroll","background-type":"","background-media":"","overlay-type":"","overlay-color":"","overlay-opacity":"","overlay-gradient":""},"mobile":{"background-color":"","background-image":"","background-repeat":"repeat","background-position":"center center","background-size":"auto","background-attachment":"scroll","background-type":"","background-media":"","overlay-type":"","overlay-color":"","overlay-opacity":"","overlay-gradient":""}},"ast-content-background-meta":{"desktop":{"background-color":"var(--ast-global-color-5)","background-image":"","background-repeat":"repeat","background-position":"center center","background-size":"auto","background-attachment":"scroll","background-type":"","background-media":"","overlay-type":"","overlay-color":"","overlay-opacity":"","overlay-gradient":""},"tablet":{"background-color":"var(--ast-global-color-5)","background-image":"","background-repeat":"repeat","background-position":"center center","background-size":"auto","background-attachment":"scroll","background-type":"","background-media":"","overlay-type":"","overlay-color":"","overlay-opacity":"","overlay-gradient":""},"mobile":{"background-color":"var(--ast-global-color-5)","background-image":"","background-repeat":"repeat","background-position":"center center","background-size":"auto","background-attachment":"scroll","background-type":"","background-media":"","overlay-type":"","overlay-color":"","overlay-opacity":"","overlay-gradient":""}},"footnotes":""},"categories":[8],"tags":[3642,5486,725,12221,12895],"class_list":["post-60551","post","type-post","status-publish","format-standard","has-post-thumbnail","hentry","category-noticias","tag-alejandro-armenta","tag-elecciones-2024","tag-morena-puebla","tag-nacho-mier","tag-politica-puebla"],"_links":{"self":[{"href":"https:\/\/losperiodistas.com.mx\/portal\/wp-json\/wp\/v2\/posts\/60551","targetHints":{"allow":["GET"]}}],"collection":[{"href":"https:\/\/losperiodistas.com.mx\/portal\/wp-json\/wp\/v2\/posts"}],"about":[{"href":"https:\/\/losperiodistas.com.mx\/portal\/wp-json\/wp\/v2\/types\/post"}],"author":[{"embeddable":true,"href":"https:\/\/losperiodistas.com.mx\/portal\/wp-json\/wp\/v2\/users\/1"}],"replies":[{"embeddable":true,"href":"https:\/\/losperiodistas.com.mx\/portal\/wp-json\/wp\/v2\/comments?post=60551"}],"version-history":[{"count":1,"href":"https:\/\/losperiodistas.com.mx\/portal\/wp-json\/wp\/v2\/posts\/60551\/revisions"}],"predecessor-version":[{"id":60554,"href":"https:\/\/losperiodistas.com.mx\/portal\/wp-json\/wp\/v2\/posts\/60551\/revisions\/60554"}],"wp:featuredmedia":[{"embeddable":true,"href":"https:\/\/losperiodistas.com.mx\/portal\/wp-json\/wp\/v2\/media\/60553"}],"wp:attachment":[{"href":"https:\/\/losperiodistas.com.mx\/portal\/wp-json\/wp\/v2\/media?parent=60551"}],"wp:term":[{"taxonomy":"category","embeddable":true,"href":"https:\/\/losperiodistas.com.mx\/portal\/wp-json\/wp\/v2\/categories?post=60551"},{"taxonomy":"post_tag","embeddable":true,"href":"https:\/\/losperiodistas.com.mx\/portal\/wp-json\/wp\/v2\/tags?post=60551"}],"curies":[{"name":"wp","href":"https:\/\/api.w.org\/{rel}","templated":true}]}}