{"id":6054,"date":"2021-03-23T06:21:37","date_gmt":"2021-03-23T12:21:37","guid":{"rendered":"http:\/\/losperiodistas.com.mx\/portal\/?p=6054"},"modified":"2021-03-23T06:21:38","modified_gmt":"2021-03-23T12:21:38","slug":"la-violencia-el-fuego-a-la-democracia-forbes","status":"publish","type":"post","link":"https:\/\/losperiodistas.com.mx\/portal\/la-violencia-el-fuego-a-la-democracia-forbes\/","title":{"rendered":"La violencia: el fuego a la democracia | Forbes"},"content":{"rendered":"\n<p><em>La elecci\u00f3n ser\u00e1 la m\u00e1s complicada y la violencia puede convertirse en un factor si no es atajada.<\/em><\/p>\n\n\n\n<figure class=\"wp-block-image size-large\"><img fetchpriority=\"high\" decoding=\"async\" width=\"1024\" height=\"621\" src=\"https:\/\/losperiodistas.com.mx\/portal\/wp-content\/uploads\/2021\/03\/Captura-de-Pantalla-2021-03-23-a-las-6.18.56-1024x621.jpg\" alt=\"\" class=\"wp-image-6055\" srcset=\"https:\/\/losperiodistas.com.mx\/portal\/wp-content\/uploads\/2021\/03\/Captura-de-Pantalla-2021-03-23-a-las-6.18.56-1024x621.jpg 1024w, https:\/\/losperiodistas.com.mx\/portal\/wp-content\/uploads\/2021\/03\/Captura-de-Pantalla-2021-03-23-a-las-6.18.56-300x182.jpg 300w, https:\/\/losperiodistas.com.mx\/portal\/wp-content\/uploads\/2021\/03\/Captura-de-Pantalla-2021-03-23-a-las-6.18.56-768x466.jpg 768w, https:\/\/losperiodistas.com.mx\/portal\/wp-content\/uploads\/2021\/03\/Captura-de-Pantalla-2021-03-23-a-las-6.18.56-1536x932.jpg 1536w, https:\/\/losperiodistas.com.mx\/portal\/wp-content\/uploads\/2021\/03\/Captura-de-Pantalla-2021-03-23-a-las-6.18.56.jpg 1724w\" sizes=\"(max-width: 1024px) 100vw, 1024px\" \/><\/figure>\n\n\n\n<p class=\"has-vivid-cyan-blue-color has-text-color has-medium-font-size\">JULI\u00c1N ANDRADE \/ FORBES<\/p>\n\n\n\n<p>El proceso electoral ser\u00e1 el m\u00e1s grande la historia y puede convertirse en el m\u00e1s violento. Los datos son inquietantes: 18 muertes asociadas a aspiraciones pol\u00edticas, es decir, precandidatos a alg\u00fan cargo de elecci\u00f3n. El caso m\u00e1s reciente, el de la candidata a la alcald\u00eda de Ocotl\u00e1n de Morelos, en Oaxaca, Ivonne Gallegos. \u00a0<\/p>\n\n\n\n<p>Por si eso fuera poco, la consultora Integralia, document\u00f3 entre septiembre de 2020 y enero de este a\u00f1o, 64 asesinatos por violencia pol\u00edtica.<\/p>\n\n\n\n<p>Quiz\u00e1 por las crisis sucesivas por las que estamos pasando, nos hacen no ver con claridad la profundidad del problema.<\/p>\n\n\n\n<p>Recordemos, que entre otros, fueron asesinados Arist\u00f3teles Sandoval, ex gobernador de Jalisco, Florisel R\u00edos, alcaldesa de Jamapa, en Veracruz, Carlos Beltr\u00e1n, presidente municipal de Tem\u00f3sachic, en Chihuahua y Jos\u00e9 Antonio Acosta, diputado local en Guanajuato.<\/p>\n\n\n\n<p><a href=\"http:\/\/bit.ly\/2smr5VR\"><em>S\u00edguenos en Google Noticias para mantenerte siempre informado<\/em><\/a><\/p>\n\n\n\n<p>Es un espanto, por supuesto, por lo que significa para las v\u00edctimas, sus familiares, amigos e inclusive partidarios. Es una forma de decidir la contienda fuera de la boleta o de cortar influencias, de romper liderazgos y desbarrancar posibilidades.<\/p>\n\n\n\n<p>Forma parte de la debilidad institucional en la que nos encontramos, no de ahora, pero s\u00ed profundizada por la ausencia de la pol\u00edtica, por la escasa presencia de los \u00f3rganos encargados de dotar de condiciones que hagan posible la gobernabilidad democr\u00e1tica.<\/p>\n\n\n\n<p>La pol\u00edtica interna luce abandonada, como no sea en el espacio electoral, donde la operaci\u00f3n del gobierno es aceitada por la experiencia y por la convicci\u00f3n de que pasar la aduana del 1 de junio es indispensable para la consolidaci\u00f3n del proyecto de la 4T.<\/p>\n\n\n\n<p><a href=\"https:\/\/www.forbes.com.mx\/\"><em>Sigue la informaci\u00f3n sobre los negocios y la actualidad en Forbes M\u00e9xico<\/em><\/a><\/p>\n\n\n\n<p>Quiz\u00e1 se pierde de vista que la legitimidad de la contienda tiene que ver mucho con su calidad, con las condiciones en que se realiza.<\/p>\n\n\n\n<p>Ojal\u00e1 los acuerdos del titular del ejecutivo con los gobernadores sirvan para distender el ambiente y que ello forme parte del respeto a las instituciones encargadas de la contienda, el INE y el Tribunal Electoral, pero no nos enga\u00f1emos, la dificultad m\u00e1s grande est\u00e1 en el terreno, en zonas donde intereses leg\u00edtimos e ileg\u00edtimos se enfrentan.<\/p>\n\n\n\n<p>Por desidia, irresponsabilidad y costumbre, hemos dejado de lado la indignaci\u00f3n ante la irrupci\u00f3n de la violencia. Hay condenas ante hechos consumando, es verdad, pero al parecer no existe una idea cabal del desaf\u00edo en que nos encontramos.<\/p>\n\n\n\n<p><a href=\"https:\/\/www.forbes.com.mx\/tag\/coronavirus\"><em>Sigue aqu\u00ed el avance contra la pandemia en M\u00e9xico y el mundo<\/em><\/a><\/p>\n\n\n\n<p>El ambiente, polarizado, tampoco ayuda, porque se est\u00e1 generando un escenario donde los puentes de di\u00e1logo son bastante endebles por lo que est\u00e1 en juego.<\/p>\n\n\n\n<p>Es ah\u00ed donde se realizar\u00e1n las campa\u00f1as y en condiciones in\u00e9ditas por las restricciones que impone la pandemia.<\/p>\n\n\n\n<p>La seguridad es quiz\u00e1 uno de los temas m\u00e1s apremiantes, pero est\u00e1 solo ser\u00e1 exitosa si es acompa\u00f1ada del trabajo de todos, de autoridades y partidos, para dejar en claro cu\u00e1les l\u00edmites no se pueden rebasar.<\/p>\n\n\n\n<p><a href=\"https:\/\/suscripciones.groupbrands.net\/\"><em>Suscr\u00edbete a Forbes M\u00e9xico<\/em><\/a><\/p>\n\n\n\n<p><strong>Contacto:<\/strong><\/p>\n\n\n\n<p><strong>Twitter:&nbsp;<\/strong><a href=\"https:\/\/twitter.com\/jandradej?lang=es\" target=\"_blank\" rel=\"noreferrer noopener\"><strong>@jandradej<\/strong><\/a><\/p>\n\n\n\n<p><em>Las opiniones expresadas son s\u00f3lo responsabilidad de sus autores y son completamente independientes de la postura y la l\u00ednea editorial de&nbsp;<strong>Forbes M\u00e9xico<\/strong>.<\/em><\/p>\n\n\n\n<p>Fuente: https:\/\/www.forbes.com.mx\/red-forbes-la-violencia-el-fuego-a-la-democracia\/<\/p>\n","protected":false},"excerpt":{"rendered":"<p>La elecci\u00f3n ser\u00e1 la m\u00e1s complicada y la violencia puede convertirse en un factor si no es atajada. JULI\u00c1N ANDRADE [&hellip;]<\/p>\n","protected":false},"author":1,"featured_media":6055,"comment_status":"open","ping_status":"open","sticky":false,"template":"","format":"standard","meta":{"site-sidebar-layout":"default","site-content-layout":"","ast-site-content-layout":"default","site-content-style":"default","site-sidebar-style":"default","ast-global-header-display":"","ast-banner-title-visibility":"","ast-main-header-display":"","ast-hfb-above-header-display":"","ast-hfb-below-header-display":"","ast-hfb-mobile-header-display":"","site-post-title":"","ast-breadcrumbs-content":"","ast-featured-img":"","footer-sml-layout":"","theme-transparent-header-meta":"","adv-header-id-meta":"","stick-header-meta":"","header-above-stick-meta":"","header-main-stick-meta":"","header-below-stick-meta":"","astra-migrate-meta-layouts":"default","ast-page-background-enabled":"default","ast-page-background-meta":{"desktop":{"background-color":"var(--ast-global-color-4)","background-image":"","background-repeat":"repeat","background-position":"center center","background-size":"auto","background-attachment":"scroll","background-type":"","background-media":"","overlay-type":"","overlay-color":"","overlay-opacity":"","overlay-gradient":""},"tablet":{"background-color":"","background-image":"","background-repeat":"repeat","background-position":"center center","background-size":"auto","background-attachment":"scroll","background-type":"","background-media":"","overlay-type":"","overlay-color":"","overlay-opacity":"","overlay-gradient":""},"mobile":{"background-color":"","background-image":"","background-repeat":"repeat","background-position":"center center","background-size":"auto","background-attachment":"scroll","background-type":"","background-media":"","overlay-type":"","overlay-color":"","overlay-opacity":"","overlay-gradient":""}},"ast-content-background-meta":{"desktop":{"background-color":"var(--ast-global-color-5)","background-image":"","background-repeat":"repeat","background-position":"center center","background-size":"auto","background-attachment":"scroll","background-type":"","background-media":"","overlay-type":"","overlay-color":"","overlay-opacity":"","overlay-gradient":""},"tablet":{"background-color":"var(--ast-global-color-5)","background-image":"","background-repeat":"repeat","background-position":"center center","background-size":"auto","background-attachment":"scroll","background-type":"","background-media":"","overlay-type":"","overlay-color":"","overlay-opacity":"","overlay-gradient":""},"mobile":{"background-color":"var(--ast-global-color-5)","background-image":"","background-repeat":"repeat","background-position":"center center","background-size":"auto","background-attachment":"scroll","background-type":"","background-media":"","overlay-type":"","overlay-color":"","overlay-opacity":"","overlay-gradient":""}},"footnotes":""},"categories":[8],"tags":[641,642],"class_list":["post-6054","post","type-post","status-publish","format-standard","has-post-thumbnail","hentry","category-noticias","tag-elecciones-mexico-2021-violencia","tag-ivonne-gallegos"],"_links":{"self":[{"href":"https:\/\/losperiodistas.com.mx\/portal\/wp-json\/wp\/v2\/posts\/6054","targetHints":{"allow":["GET"]}}],"collection":[{"href":"https:\/\/losperiodistas.com.mx\/portal\/wp-json\/wp\/v2\/posts"}],"about":[{"href":"https:\/\/losperiodistas.com.mx\/portal\/wp-json\/wp\/v2\/types\/post"}],"author":[{"embeddable":true,"href":"https:\/\/losperiodistas.com.mx\/portal\/wp-json\/wp\/v2\/users\/1"}],"replies":[{"embeddable":true,"href":"https:\/\/losperiodistas.com.mx\/portal\/wp-json\/wp\/v2\/comments?post=6054"}],"version-history":[{"count":1,"href":"https:\/\/losperiodistas.com.mx\/portal\/wp-json\/wp\/v2\/posts\/6054\/revisions"}],"predecessor-version":[{"id":6056,"href":"https:\/\/losperiodistas.com.mx\/portal\/wp-json\/wp\/v2\/posts\/6054\/revisions\/6056"}],"wp:featuredmedia":[{"embeddable":true,"href":"https:\/\/losperiodistas.com.mx\/portal\/wp-json\/wp\/v2\/media\/6055"}],"wp:attachment":[{"href":"https:\/\/losperiodistas.com.mx\/portal\/wp-json\/wp\/v2\/media?parent=6054"}],"wp:term":[{"taxonomy":"category","embeddable":true,"href":"https:\/\/losperiodistas.com.mx\/portal\/wp-json\/wp\/v2\/categories?post=6054"},{"taxonomy":"post_tag","embeddable":true,"href":"https:\/\/losperiodistas.com.mx\/portal\/wp-json\/wp\/v2\/tags?post=6054"}],"curies":[{"name":"wp","href":"https:\/\/api.w.org\/{rel}","templated":true}]}}