{"id":60514,"date":"2023-10-08T19:50:42","date_gmt":"2023-10-09T00:50:42","guid":{"rendered":"http:\/\/losperiodistas.com.mx\/portal\/?p=60514"},"modified":"2023-10-08T19:50:44","modified_gmt":"2023-10-09T00:50:44","slug":"mohamed-deif-el-jefe-del-brazo-armado-de-hamas-el-mundo","status":"publish","type":"post","link":"https:\/\/losperiodistas.com.mx\/portal\/mohamed-deif-el-jefe-del-brazo-armado-de-hamas-el-mundo\/","title":{"rendered":"Mohamed Deif, el jefe del brazo armado de Hamas | El Mundo"},"content":{"rendered":"\n<p class=\"has-medium-font-size\">Se trata de uno de los terroristas m\u00e1s buscados por Israel en las \u00faltimas d\u00e9cadas<\/p>\n\n\n\n<figure class=\"wp-block-image size-large\"><img fetchpriority=\"high\" decoding=\"async\" width=\"768\" height=\"1024\" src=\"https:\/\/losperiodistas.com.mx\/portal\/wp-content\/uploads\/2023\/10\/16967854040758-768x1024.jpeg\" alt=\"\" class=\"wp-image-60515\" srcset=\"https:\/\/losperiodistas.com.mx\/portal\/wp-content\/uploads\/2023\/10\/16967854040758-768x1024.jpeg 768w, https:\/\/losperiodistas.com.mx\/portal\/wp-content\/uploads\/2023\/10\/16967854040758-225x300.jpeg 225w, https:\/\/losperiodistas.com.mx\/portal\/wp-content\/uploads\/2023\/10\/16967854040758.jpeg 990w\" sizes=\"(max-width: 768px) 100vw, 768px\" \/><figcaption>El l\u00edder del brazo armado de Hamas, Mohamed Deif, en una imagen de archivo.<\/figcaption><\/figure>\n\n\n\n<p class=\"has-vivid-red-color has-text-color has-medium-font-size\"><strong>SAL EMERGUI \/ Sur de Israel \/EL MUNDO<\/strong><\/p>\n\n\n\n<p>Cada vez que los israel\u00edes escuchan en las noticias el nombre de&nbsp;<a href=\"https:\/\/www.elmundo.es\/internacional\/2021\/05\/11\/609a9acc21efa089238b4644.html\" target=\"_blank\" rel=\"noreferrer noopener\"><strong>Mohamed Deif<\/strong><\/a>&nbsp;saben que \u00abalgo malo\u00bb les ha pasado o les pasar\u00e1. As\u00ed fue cuando el veterano jefe del brazo armado del grupo islamista Hamas apareci\u00f3 el s\u00e1bado a primera hora de la ma\u00f1ana&nbsp;para anunciar \u00abel d\u00eda de la gran revoluci\u00f3n\u00bb y adelantar lo que horas despu\u00e9s se revel\u00f3 como&nbsp;<a href=\"https:\/\/www.elmundo.es\/internacional\/2023\/10\/08\/65223a172dd8a800286bce23-directo.html\" target=\"_blank\" rel=\"noreferrer noopener\">el peor atentado terrorista en la historia de Israel<\/a>. Tras su anuncio, Deif volvi\u00f3 a desaparecer del radar medi\u00e1tico en la Franja de Gaza aumentando el aura de&nbsp;<em>intocable&nbsp;<\/em>entre los suyos que elogian su largo historial tanto de israel\u00edes muertos como de ataques fallidos de su enemigo para matarle mientras sigue al pie de la letra y con profundo acento religioso el viejo lema de&nbsp;<a href=\"https:\/\/www.elmundo.es\/e\/ha\/hamas.html\" target=\"_blank\" rel=\"noreferrer noopener\">Hamas<\/a>:&nbsp;<strong>\u00abVenceremos o moriremos como m\u00e1rtires\u00bb<\/strong>.<\/p>\n\n\n\n<p>El hombre en la sombra -al parecer con s\u00f3lo un ojo y un brazo y en silla de ruedas como resultado de varios ataques selectivos israel\u00edes- es un mito entre los simpatizantes de Hamas donde muy pocos saben donde est\u00e1. Su nombre es coreado por palestinos en el sur del L\u00edbano, Nablus, Gaza o la Explanada de las Mezquitas en Jerusal\u00e9n.&nbsp;<strong>Su nombre est\u00e1 apuntado en la agenda israel\u00ed de terroristas m\u00e1s buscados<\/strong>&nbsp;desde finales de los 90.<\/p>\n\n\n\n<p>Nacido en el campo de refugiados de Jan Yunes en la&nbsp;<a href=\"https:\/\/www.elmundo.es\/e\/fr\/franja-de-gaza.html\" target=\"_blank\" rel=\"noreferrer noopener\">Franja de Gaza<\/a>&nbsp;bajo la identidad de Mohamed Diab Ibrahim al-Masri en 1965, se afili\u00f3 a los Hermanos Musulmanes antes de sumarse a Hamas creado en diciembre de 1987. Concretamente en el brazo armado del grupo integrista palestino siendo \u00e9ste el motivo de su detenci\u00f3n. Israel le sentenci\u00f3 a 16 meses de c\u00e1rcel.<\/p>\n\n\n\n<p>Su admirado mentor era Yahya Ayyash, denominado&nbsp;<em>el ingeniero<\/em>&nbsp;por su habilidad para fabricar explosivos usados en atentados suicidas en&nbsp;<a href=\"https:\/\/www.elmundo.es\/internacional\/israel.html\" target=\"_blank\" rel=\"noreferrer noopener\">Israel<\/a>. En 1996, sin embargo, Ayyash cometi\u00f3 un grave error de seguridad al contestar una llamada telef\u00f3nica sin blindar el aparato en el que el servicio secreto interno logr\u00f3 introducir un explosivo. Deif jur\u00f3 venganza y se la cobr\u00f3 contribuyendo a una cadena de sangrientos atentados con decenas de muertos en las calles israel\u00edes. Eso le ayud\u00f3 a escalar posiciones en el organigrama de las Brigadas Azzadin Al Qassam mientras otros cabecillas ca\u00edan en los llamados \u00abasesinatos selectivos\u00bb en la Segunda Intifada.https:\/\/e308d6bff0a6f08be4ebab6c3df5f798.safeframe.googlesyndication.com\/safeframe\/1-0-40\/html\/container.html<\/p>\n\n\n\n<p>Siempre envuelto por una extrema discreci\u00f3n que le protegi\u00f3 y le dio fama y misterio en el seno de su grupo, Deif&nbsp;<strong>fue nombrado jefe del brazo armado en 2002 para liderar la planificaci\u00f3n de atentados y secuestros<\/strong>.<\/p>\n\n\n\n<p>Su&nbsp;<em>legado<\/em>&nbsp;se puede ver en numerosas vertientes de Hamas en el Siglo XXI: la fabricaci\u00f3n de cohetes Qassam, la creaci\u00f3n de una infraestructura de t\u00faneles (escondite, canal de distribuci\u00f3n de armas y lanzadera de milicianos para infiltrarse en Israel) y la promoci\u00f3n de atentados y secuestros. En muchos casos convenciendo a l\u00edderes del ala pol\u00edtico que, pese a admirarle, pensaban que era m\u00e1s inteligente adoptar una posici\u00f3n pragm\u00e1tica tras el control de Gaza en 2007 que hizo que Hamas dejara de ser solo grupo de&nbsp;<em>Mukawama<\/em>&nbsp;(resistencia armada) para gobernar tambi\u00e9n un ente geogr\u00e1fico entre Israel y Egipto.<\/p>\n\n\n\n<p>A nivel estrat\u00e9gico y pese a que Hamas es un grupo sun\u00ed,&nbsp;<strong>Deif apoy\u00f3 el acercamiento con Ir\u00e1n para lograr financiaci\u00f3n, armas y un paraguas regional<\/strong>&nbsp;frente a Israel y, si tambi\u00e9n, frente a su gran rival interno, Al Fatah de Abu Mazen.<\/p>\n\n\n\n<p>Para los servicios de inteligencia israel\u00edes, acabar con Deif no solo es un golpe operativo contra Hamas sino tambi\u00e9n simb\u00f3lico y moral. \u00abLo que Al\u00e1 decida, ser\u00e1 lo que pasar\u00bb, dijo en una ocasi\u00f3n el hombre que vio este s\u00e1bado c\u00f3mo se cumpl\u00eda su gran sue\u00f1o y se convert\u00eda en sangrienta pesadilla para Israel.<\/p>\n\n\n\n<p>Fuente: <a href=\"https:\/\/www.elmundo.es\/internacional\/2023\/10\/08\/6522e346e9cf4abe158b4579.html\">https:\/\/www.elmundo.es\/internacional\/2023\/10\/08\/6522e346e9cf4abe158b4579.html<\/a><\/p>\n","protected":false},"excerpt":{"rendered":"<p>Se trata de uno de los terroristas m\u00e1s buscados por Israel en las \u00faltimas d\u00e9cadas SAL EMERGUI \/ Sur de [&hellip;]<\/p>\n","protected":false},"author":1,"featured_media":60515,"comment_status":"open","ping_status":"open","sticky":false,"template":"","format":"standard","meta":{"site-sidebar-layout":"default","site-content-layout":"","ast-site-content-layout":"default","site-content-style":"default","site-sidebar-style":"default","ast-global-header-display":"","ast-banner-title-visibility":"","ast-main-header-display":"","ast-hfb-above-header-display":"","ast-hfb-below-header-display":"","ast-hfb-mobile-header-display":"","site-post-title":"","ast-breadcrumbs-content":"","ast-featured-img":"","footer-sml-layout":"","theme-transparent-header-meta":"","adv-header-id-meta":"","stick-header-meta":"","header-above-stick-meta":"","header-main-stick-meta":"","header-below-stick-meta":"","astra-migrate-meta-layouts":"default","ast-page-background-enabled":"default","ast-page-background-meta":{"desktop":{"background-color":"var(--ast-global-color-4)","background-image":"","background-repeat":"repeat","background-position":"center center","background-size":"auto","background-attachment":"scroll","background-type":"","background-media":"","overlay-type":"","overlay-color":"","overlay-opacity":"","overlay-gradient":""},"tablet":{"background-color":"","background-image":"","background-repeat":"repeat","background-position":"center center","background-size":"auto","background-attachment":"scroll","background-type":"","background-media":"","overlay-type":"","overlay-color":"","overlay-opacity":"","overlay-gradient":""},"mobile":{"background-color":"","background-image":"","background-repeat":"repeat","background-position":"center center","background-size":"auto","background-attachment":"scroll","background-type":"","background-media":"","overlay-type":"","overlay-color":"","overlay-opacity":"","overlay-gradient":""}},"ast-content-background-meta":{"desktop":{"background-color":"var(--ast-global-color-5)","background-image":"","background-repeat":"repeat","background-position":"center center","background-size":"auto","background-attachment":"scroll","background-type":"","background-media":"","overlay-type":"","overlay-color":"","overlay-opacity":"","overlay-gradient":""},"tablet":{"background-color":"var(--ast-global-color-5)","background-image":"","background-repeat":"repeat","background-position":"center center","background-size":"auto","background-attachment":"scroll","background-type":"","background-media":"","overlay-type":"","overlay-color":"","overlay-opacity":"","overlay-gradient":""},"mobile":{"background-color":"var(--ast-global-color-5)","background-image":"","background-repeat":"repeat","background-position":"center center","background-size":"auto","background-attachment":"scroll","background-type":"","background-media":"","overlay-type":"","overlay-color":"","overlay-opacity":"","overlay-gradient":""}},"footnotes":""},"categories":[8],"tags":[1488,1582,19451,17147],"class_list":["post-60514","post","type-post","status-publish","format-standard","has-post-thumbnail","hentry","category-noticias","tag-franja-de-gaza","tag-israel","tag-mohamed-deif","tag-palestina"],"_links":{"self":[{"href":"https:\/\/losperiodistas.com.mx\/portal\/wp-json\/wp\/v2\/posts\/60514","targetHints":{"allow":["GET"]}}],"collection":[{"href":"https:\/\/losperiodistas.com.mx\/portal\/wp-json\/wp\/v2\/posts"}],"about":[{"href":"https:\/\/losperiodistas.com.mx\/portal\/wp-json\/wp\/v2\/types\/post"}],"author":[{"embeddable":true,"href":"https:\/\/losperiodistas.com.mx\/portal\/wp-json\/wp\/v2\/users\/1"}],"replies":[{"embeddable":true,"href":"https:\/\/losperiodistas.com.mx\/portal\/wp-json\/wp\/v2\/comments?post=60514"}],"version-history":[{"count":1,"href":"https:\/\/losperiodistas.com.mx\/portal\/wp-json\/wp\/v2\/posts\/60514\/revisions"}],"predecessor-version":[{"id":60516,"href":"https:\/\/losperiodistas.com.mx\/portal\/wp-json\/wp\/v2\/posts\/60514\/revisions\/60516"}],"wp:featuredmedia":[{"embeddable":true,"href":"https:\/\/losperiodistas.com.mx\/portal\/wp-json\/wp\/v2\/media\/60515"}],"wp:attachment":[{"href":"https:\/\/losperiodistas.com.mx\/portal\/wp-json\/wp\/v2\/media?parent=60514"}],"wp:term":[{"taxonomy":"category","embeddable":true,"href":"https:\/\/losperiodistas.com.mx\/portal\/wp-json\/wp\/v2\/categories?post=60514"},{"taxonomy":"post_tag","embeddable":true,"href":"https:\/\/losperiodistas.com.mx\/portal\/wp-json\/wp\/v2\/tags?post=60514"}],"curies":[{"name":"wp","href":"https:\/\/api.w.org\/{rel}","templated":true}]}}