{"id":60505,"date":"2023-10-08T14:47:53","date_gmt":"2023-10-08T19:47:53","guid":{"rendered":"http:\/\/losperiodistas.com.mx\/portal\/?p=60505"},"modified":"2023-10-08T14:47:55","modified_gmt":"2023-10-08T19:47:55","slug":"las-otras-arenas","status":"publish","type":"post","link":"https:\/\/losperiodistas.com.mx\/portal\/las-otras-arenas\/","title":{"rendered":"Las otras arenas"},"content":{"rendered":"\n<p class=\"has-medium-font-size\">#PorSoleares | <em>La final de la sucesi\u00f3n de Puebla se parece a un quesillo oaxaque\u00f1o, enredada, muchos vectores coinciden y afloran quienes buscan mantener el poder, la influencia econ\u00f3mica y pol\u00edtica.<\/em><\/p>\n\n\n\n<figure class=\"wp-block-embed is-type-video is-provider-youtube wp-block-embed-youtube wp-embed-aspect-16-9 wp-has-aspect-ratio\"><div class=\"wp-block-embed__wrapper\">\n<iframe title=\"Las otras arenas | octubre 8 2023\" width=\"500\" height=\"281\" src=\"https:\/\/www.youtube.com\/embed\/KdcUq3JckIM?feature=oembed\" frameborder=\"0\" allow=\"accelerometer; autoplay; clipboard-write; encrypted-media; gyroscope; picture-in-picture; web-share\" referrerpolicy=\"strict-origin-when-cross-origin\" allowfullscreen><\/iframe>\n<\/div><\/figure>\n\n\n\n<p><\/p>\n\n\n\n<p><\/p>\n\n\n\n<p class=\"has-vivid-red-color has-text-color\" style=\"font-size:26px\"><strong><em>Por Jes\u00fas Manuel Hern\u00e1ndez<\/em><\/strong><\/p>\n\n\n\n<p><strong>\u201cNadie tiene asegurado nada\u201d<\/strong> expres\u00f3 un alto mando de Morena, las encuestas ser\u00e1n reveladoras de nuevos escenarios en el complicado camino de la sucesi\u00f3n un tanto cuanto marcada por un <strong>estilo oaxaque\u00f1o<\/strong>, no por los usos y costumbres, sino por lo enredado del proceso, m\u00e1s parecido a un quesillo de Oaxaca.<\/p>\n\n\n\n<p>Y con esas palabras descart\u00f3 de un plumazo a varios aspirantes. No ser\u00e1 el m\u00e1s conocido, el m\u00e1s popular, <strong>ser\u00e1 quien haya demostrado ser un aut\u00e9ntico defensor de la 4T<\/strong>, alguien que garantice la continuidad del proyecto y no un retroceso al viejo escenario\u2026 <strong>\u00a1Sopas Perico!<\/strong>, nunca mejor dicho.<\/p>\n\n\n\n<p>Y como remate la sentencia del INE, de las 9 gubernaturas en juego en 2024 donde tendr\u00e1n que proponer los partidos a <strong>5 mujeres de los 9 espacios a disputarse<\/strong>. \u00bfD\u00f3nde estar\u00e1 Puebla en esta cuota, qu\u00e9 tanto inter\u00e9s tendr\u00e1n Morena y el Frente Amplio por colocar a una mujer en Puebla?<\/p>\n\n\n\n<p>Y entonces el quesillo se enreda m\u00e1s.<\/p>\n\n\n\n<p>Quienes pensaban que solo habr\u00eda 4 encuestados ahora ajustan sus especulaciones al doble de aspirantes, como lo dijo oportunamente el gobernador poblano, C\u00e9spedes Peregrina, algo sabr\u00eda de antemano o alguien le recomend\u00f3 abrir el espacio de esa forma para seguir protegiendo a la favorita o el favorito.<\/p>\n\n\n\n<p>Y he aqu\u00ed que muchos empiezan a especular sobre <strong>qui\u00e9nes ser\u00e1n los grandes perdedores <\/strong>y hasta d\u00f3nde este escenario puede favorecer a la candidatura <strong><em>in pectore<\/em><\/strong> de Eduardo Rivera y la denuncia de Ana Tere contra Nacho Mier por gastos excesivos.<\/p>\n\n\n\n<p>Y c\u00f3mo interpretar el regreso de Nancy de la Sierra al PRI, cu\u00e1nto ruido, cu\u00e1ntas patadas bajo la mesa trae su reaparici\u00f3n en el tricolor hasta ahora reservado exclusivamente a las figuras femeninas como Silvia Tan\u00fas, Lucero Salda\u00f1a o Blanca Alcal\u00e1.<\/p>\n\n\n\n<p>\u00bfAcaso esta pol\u00edtica del quesillo ha hecho converger tantos intereses y tantos actores cuyo \u00fanico objetivo es seguir detentando el poder econ\u00f3mico aparte de la influencia pol\u00edtica?<\/p>\n\n\n\n<p>Pronto nos daremos cuenta de la verdadera circunstancia de Puebla y las plazas, los campos los terrenos donde se registran los enfrentamientos y muy posiblemente <strong>las decisiones se tomar\u00e1n en otras arenas<\/strong>.<\/p>\n\n\n\n<p>O por lo menos as\u00ed me lo parece.<\/p>\n\n\n\n<p><a href=\"mailto:jmhernandezlopez@gmail.com\">losperiodistas.com.mx@gmail.com<\/a><\/p>\n","protected":false},"excerpt":{"rendered":"<p>#PorSoleares | La final de la sucesi\u00f3n de Puebla se parece a un quesillo oaxaque\u00f1o, enredada, muchos vectores coinciden y [&hellip;]<\/p>\n","protected":false},"author":1,"featured_media":60506,"comment_status":"open","ping_status":"open","sticky":false,"template":"","format":"standard","meta":{"site-sidebar-layout":"default","site-content-layout":"","ast-site-content-layout":"default","site-content-style":"default","site-sidebar-style":"default","ast-global-header-display":"","ast-banner-title-visibility":"","ast-main-header-display":"","ast-hfb-above-header-display":"","ast-hfb-below-header-display":"","ast-hfb-mobile-header-display":"","site-post-title":"","ast-breadcrumbs-content":"","ast-featured-img":"","footer-sml-layout":"","theme-transparent-header-meta":"","adv-header-id-meta":"","stick-header-meta":"","header-above-stick-meta":"","header-main-stick-meta":"","header-below-stick-meta":"","astra-migrate-meta-layouts":"default","ast-page-background-enabled":"default","ast-page-background-meta":{"desktop":{"background-color":"var(--ast-global-color-4)","background-image":"","background-repeat":"repeat","background-position":"center center","background-size":"auto","background-attachment":"scroll","background-type":"","background-media":"","overlay-type":"","overlay-color":"","overlay-opacity":"","overlay-gradient":""},"tablet":{"background-color":"","background-image":"","background-repeat":"repeat","background-position":"center center","background-size":"auto","background-attachment":"scroll","background-type":"","background-media":"","overlay-type":"","overlay-color":"","overlay-opacity":"","overlay-gradient":""},"mobile":{"background-color":"","background-image":"","background-repeat":"repeat","background-position":"center center","background-size":"auto","background-attachment":"scroll","background-type":"","background-media":"","overlay-type":"","overlay-color":"","overlay-opacity":"","overlay-gradient":""}},"ast-content-background-meta":{"desktop":{"background-color":"var(--ast-global-color-5)","background-image":"","background-repeat":"repeat","background-position":"center center","background-size":"auto","background-attachment":"scroll","background-type":"","background-media":"","overlay-type":"","overlay-color":"","overlay-opacity":"","overlay-gradient":""},"tablet":{"background-color":"var(--ast-global-color-5)","background-image":"","background-repeat":"repeat","background-position":"center center","background-size":"auto","background-attachment":"scroll","background-type":"","background-media":"","overlay-type":"","overlay-color":"","overlay-opacity":"","overlay-gradient":""},"mobile":{"background-color":"var(--ast-global-color-5)","background-image":"","background-repeat":"repeat","background-position":"center center","background-size":"auto","background-attachment":"scroll","background-type":"","background-media":"","overlay-type":"","overlay-color":"","overlay-opacity":"","overlay-gradient":""}},"footnotes":""},"categories":[8,5],"tags":[5486,885,725,19450],"class_list":["post-60505","post","type-post","status-publish","format-standard","has-post-thumbnail","hentry","category-noticias","category-por-soleares","tag-elecciones-2024","tag-ine","tag-morena-puebla","tag-sucesion-puebla"],"_links":{"self":[{"href":"https:\/\/losperiodistas.com.mx\/portal\/wp-json\/wp\/v2\/posts\/60505","targetHints":{"allow":["GET"]}}],"collection":[{"href":"https:\/\/losperiodistas.com.mx\/portal\/wp-json\/wp\/v2\/posts"}],"about":[{"href":"https:\/\/losperiodistas.com.mx\/portal\/wp-json\/wp\/v2\/types\/post"}],"author":[{"embeddable":true,"href":"https:\/\/losperiodistas.com.mx\/portal\/wp-json\/wp\/v2\/users\/1"}],"replies":[{"embeddable":true,"href":"https:\/\/losperiodistas.com.mx\/portal\/wp-json\/wp\/v2\/comments?post=60505"}],"version-history":[{"count":1,"href":"https:\/\/losperiodistas.com.mx\/portal\/wp-json\/wp\/v2\/posts\/60505\/revisions"}],"predecessor-version":[{"id":60507,"href":"https:\/\/losperiodistas.com.mx\/portal\/wp-json\/wp\/v2\/posts\/60505\/revisions\/60507"}],"wp:featuredmedia":[{"embeddable":true,"href":"https:\/\/losperiodistas.com.mx\/portal\/wp-json\/wp\/v2\/media\/60506"}],"wp:attachment":[{"href":"https:\/\/losperiodistas.com.mx\/portal\/wp-json\/wp\/v2\/media?parent=60505"}],"wp:term":[{"taxonomy":"category","embeddable":true,"href":"https:\/\/losperiodistas.com.mx\/portal\/wp-json\/wp\/v2\/categories?post=60505"},{"taxonomy":"post_tag","embeddable":true,"href":"https:\/\/losperiodistas.com.mx\/portal\/wp-json\/wp\/v2\/tags?post=60505"}],"curies":[{"name":"wp","href":"https:\/\/api.w.org\/{rel}","templated":true}]}}