{"id":60472,"date":"2023-10-08T08:48:15","date_gmt":"2023-10-08T13:48:15","guid":{"rendered":"http:\/\/losperiodistas.com.mx\/portal\/?p=60472"},"modified":"2023-10-08T08:48:17","modified_gmt":"2023-10-08T13:48:17","slug":"guia-para-entender-el-conflicto-palestino-israeli-75-anos-de-una-herida-abierta-france-24","status":"publish","type":"post","link":"https:\/\/losperiodistas.com.mx\/portal\/guia-para-entender-el-conflicto-palestino-israeli-75-anos-de-una-herida-abierta-france-24\/","title":{"rendered":"Gu\u00eda para entender el conflicto palestino-israel\u00ed: 75 a\u00f1os de una herida abierta | France 24"},"content":{"rendered":"\n<p>La violencia, como una constante en esta regi\u00f3n, ha definido la consolidaci\u00f3n del Estado israel\u00ed y la desaparici\u00f3n progresiva, de una salida negociada, en l\u00ednea con la resoluci\u00f3n\u00a0 181 votada en la ONU en 1947, por la cual se divid\u00eda Palestina en dos Estados. Las disputas de soberan\u00eda sobre territorios estrat\u00e9gicos, la expansi\u00f3n israel\u00ed, la violencia desde y hacia la Franja de Gaza alejan la posibilidad de una salida negociada.\u00a0<\/p>\n\n\n\n<figure class=\"wp-block-image size-full is-style-default\"><img fetchpriority=\"high\" decoding=\"async\" width=\"980\" height=\"552\" src=\"https:\/\/losperiodistas.com.mx\/portal\/wp-content\/uploads\/2023\/10\/000_PAR2004021397940.jpg\" alt=\"\" class=\"wp-image-60473\" srcset=\"https:\/\/losperiodistas.com.mx\/portal\/wp-content\/uploads\/2023\/10\/000_PAR2004021397940.jpg 980w, https:\/\/losperiodistas.com.mx\/portal\/wp-content\/uploads\/2023\/10\/000_PAR2004021397940-300x169.jpg 300w, https:\/\/losperiodistas.com.mx\/portal\/wp-content\/uploads\/2023\/10\/000_PAR2004021397940-768x433.jpg 768w\" sizes=\"(max-width: 980px) 100vw, 980px\" \/><figcaption>Una de las primeras fotos tomadas en Haifa en mayo de 1948 tras la toma de la ciudad \u00e1rabe por las fuerzas jud\u00edas de la Haganah. La bandera israel\u00ed ondea en el puente de Rushmieh, cuartel general de la Nejada. Una foto difundida en Haifa muestra a miembros de la Hagan\u00e1 en armas junto a una bandera israel\u00ed en el puente de Rushmieh tras la toma de la ciudad a los \u00e1rabes por las fuerzas israel\u00edes en mayo de 1948. El 29 de noviembre de 1947, la Asamblea General de las Naciones Unidas vot\u00f3 la resoluci\u00f3n 181 sobre la partici\u00f3n de Palestina en dos Estados, uno jud\u00edo y otro \u00e1rabe. Jerusal\u00e9n deb\u00eda permanecer bajo control internacional.\u00a0\u00a9 AFP<\/figcaption><\/figure>\n\n\n\n<p class=\"has-vivid-red-color has-text-color has-medium-font-size\"><strong>JULI\u00c1N RAM\u00cdREZ CASTRO \/ FRANCE 24<\/strong><\/p>\n\n\n\n<p>En la madrugada de este s\u00e1bado, 7 de octubre,&nbsp;<a href=\"https:\/\/www.france24.com\/es\/tag\/ham%C3%A1s-1\/\">Ham\u00e1s<\/a>&nbsp;lanza el mayor ataque sorpresa desde Gaza y en consecuencia Israel declara el estado de guerra, logrando acaparar as\u00ed toda la preocupaci\u00f3n internacional ante una r\u00e1pida escalada de este conflicto.&nbsp;<\/p>\n\n\n\n<p>Estas son cinco claves hist\u00f3ricas para entender la tensi\u00f3n que cumple m\u00e1s de siete d\u00e9cadas en el medio oriente:&nbsp;<\/p>\n\n\n\n<h2 class=\"wp-block-heading\">\u200b\u200b\u200b\u200b<strong>1. Un conflicto, muchas causas<\/strong><\/h2>\n\n\n\n<p>El antisemitismo que&nbsp;<a href=\"https:\/\/es.unesco.org\/courier\/2018-1\/antisemitismo-lecciones-historia\" target=\"_blank\" rel=\"noreferrer noopener\"><u>padec\u00eda<\/u><\/a>&nbsp;el pueblo jud\u00edo en diferentes pa\u00edses de Europa, a finales del siglo XIX y en el comienzo del siglo XX, dio raz\u00f3n y fuerza al movimiento sionista, que defend\u00eda la necesidad de establecer un Estado jud\u00edo.&nbsp;<\/p>\n\n\n\n<p>La migraci\u00f3n jud\u00eda, impulsada en parte por el movimiento sionista, empezaba a revelar las primeras resistencias entre la poblaci\u00f3n local de la regi\u00f3n de Palestina.&nbsp;<\/p>\n\n\n\n<p>En aquella \u00e9poca, esta regi\u00f3n localizada entre el afluente del Jord\u00e1n y el mar Mediterr\u00e1neo, formaba parte del Imperio Otomano y estaba habitada, en su mayor\u00eda, por poblaciones \u00e1rabes y, en menor proporci\u00f3n, por comunidades musulmanas.&nbsp;<\/p>\n\n\n\n<p>Tras la desintegraci\u00f3n del Imperio Otomano, como resultado de la&nbsp;<a href=\"https:\/\/www.france24.com\/es\/tag\/primera-guerra-mundial\/\">Primera Guerra Mundial<\/a>,&nbsp;<a href=\"https:\/\/www.france24.com\/es\/tag\/reino-unido\/\">Reino Unido<\/a>&nbsp;recibi\u00f3 el encargo de la Liga de las Naciones para administrar este territorio.&nbsp;<\/p>\n\n\n\n<figure class=\"wp-block-image is-style-default\"><img decoding=\"async\" src=\"https:\/\/s.france24.com\/media\/display\/939735b4-6545-11ee-9b9e-005056bf30b7\/000_TO3TV.jpg\" alt=\"Una imagen distribuida por la Oficina de Prensa del Gobierno israel\u00ed (GPO) el 24 de octubre de 2017, muestra una copia de la Declaraci\u00f3n Balfour fechada el 2 de noviembre de 1917. La Declaraci\u00f3n Balfour de 1917 es una declaraci\u00f3n formal de la pol\u00edtica del gobierno brit\u00e1nico con respecto al establecimiento de una patria jud\u00eda en Palestina.\"\/><figcaption>Una imagen distribuida por la Oficina de Prensa del Gobierno israel\u00ed (GPO) el 24 de octubre de 2017, muestra una copia de la Declaraci\u00f3n Balfour fechada el 2 de noviembre de 1917. La Declaraci\u00f3n Balfour de 1917 es una declaraci\u00f3n formal de la pol\u00edtica del gobierno brit\u00e1nico con respecto al establecimiento de una patria jud\u00eda en Palestina.&nbsp;AFP &#8211; HANDOUT<\/figcaption><\/figure>\n\n\n\n<p>Sin embargo, la administraci\u00f3n brit\u00e1nica gest\u00f3 los primeros enfrentamientos b\u00e9licos en la zona, porque se comprometi\u00f3 con grupos \u00e1rabes y jud\u00edos a reconocerles tierras y soberan\u00eda a ambos, compromisos que no era realizables porque previamente ya hab\u00eda una repartici\u00f3n del territorio con Francia. Por lo que se registraron los primeros enfrentamientos entre nacionalistas \u00e1rabes y jud\u00edos, a trav\u00e9s de grupos paramilitares jud\u00edos y bandas \u00e1rabes, de acuerdo con&nbsp;<a href=\"https:\/\/www.bbc.com\/mundo\/noticias-internacional-44125537\" target=\"_blank\" rel=\"noreferrer noopener\"><u>BBC<\/u><\/a>.<\/p>\n\n\n\n<p>El fin de la&nbsp;<a href=\"https:\/\/www.france24.com\/es\/tag\/segunda-guerra-mundial\/\">Segunda Guerra Mundial<\/a>&nbsp;reforz\u00f3 el clamor de los grupos sionistas y aceler\u00f3 los planes de repartici\u00f3n del territorio. De esta manera, en 1947 se vot\u00f3 en la ONU la&nbsp;<a href=\"https:\/\/documents-dds-ny.un.org\/doc\/RESOLUTION\/GEN\/NR0\/041\/19\/PDF\/NR004119.pdf?OpenElement\" target=\"_blank\" rel=\"noreferrer noopener\"><u>resoluci\u00f3n 181<\/u><\/a>, que reconoc\u00eda la necesidad de dividir este territorio en dos Estados independientes, y estableci\u00f3 la administraci\u00f3n internacional de&nbsp;<a href=\"https:\/\/www.france24.com\/es\/tag\/jerusal%C3%A9n\/\">Jerusal\u00e9n<\/a>&nbsp;y de los lugares religiosos, considerados sagrados por el catolicismo, el juda\u00edsmo y el Islam.<\/p>\n\n\n\n<h2 class=\"wp-block-heading\"><strong>2. E<\/strong><strong>l nacimiento de un Estado y el comienzo de la \u201cNakba\u201d<\/strong><\/h2>\n\n\n\n<p>Un d\u00eda antes de que expirara el mandato brit\u00e1nico en la regi\u00f3n palestina, el 14 de mayo de 1948,&nbsp;<a href=\"http:\/\/mfa.gov.il\/MFA\/MFAES\/MFAArchive\/Pages\/La%20Declaracion%20de%20Independencia%20de%20Israel.aspx\" target=\"_blank\" rel=\"noreferrer noopener\">Israel proclam\u00f3 su independencia<\/a>.<\/p>\n\n\n\n<p>Menos de 24 horas m\u00e1s tarde, los ej\u00e9rcitos de pa\u00edses vecinos como Egipto, Jordania, Siria, L\u00edbano e Irak invadieron Israel. Este fue el primer conflicto que enfrent\u00f3 el Estado israel\u00ed y mostr\u00f3 las principales debilidades y retos que deber\u00eda enfrentar en materia militar y estrat\u00e9gica, en una regi\u00f3n que se resist\u00eda a reconocerlo.&nbsp;<\/p>\n\n\n\n<figure class=\"wp-block-image is-style-default\"><img decoding=\"async\" src=\"https:\/\/s.france24.com\/media\/display\/b8ab15fa-6540-11ee-a868-005056a90321\/000_33DE7KC.jpg\" alt=\"Una fotograf\u00eda publicada el 8 de junio de 1948 muestra a un oficial israel\u00ed izando la Bandera Nacional por primera vez durante la celebraci\u00f3n del nacimiento del Estado israel\u00ed tras su proclamaci\u00f3n, el 14 de mayo de 1948.\"\/><figcaption>Una fotograf\u00eda publicada el 8 de junio de 1948 muestra a un oficial israel\u00ed izando la Bandera Nacional por primera vez durante la celebraci\u00f3n del nacimiento del Estado israel\u00ed tras su proclamaci\u00f3n, el 14 de mayo de 1948.&nbsp;\u00a9 AFP<\/figcaption><\/figure>\n\n\n\n<p>Desde la visi\u00f3n palestina, el nacimiento de&nbsp;<a href=\"https:\/\/www.france24.com\/es\/tag\/israel\/\">Israel<\/a>&nbsp;como Estado, representa la \u201c<a href=\"https:\/\/www.france24.com\/es\/tag\/nakba\/\">Nakba<\/a>\u201d, tambi\u00e9n llamada \u00abdestrucci\u00f3n\u00bb o \u00abcat\u00e1strofe\u00bb. Cerca de 800.000 palestinos, seg\u00fan BBC,&nbsp; se exiliaron en pa\u00edses vecinos o fueron expulsados por tropas jud\u00edas.&nbsp;<\/p>\n\n\n\n<p>Tras la declaraci\u00f3n de independencia, los enfrentamientos entre \u00e1rabes y jud\u00edos continuaron.<\/p>\n\n\n\n<p>Por ejemplo, en 1956, una crisis generada por la nacionalizaci\u00f3n del Canal del Suez en Egipto, desat\u00f3 una respuesta militar desde Israel con apoyo franc\u00e9s y brit\u00e1nico. Y otros conflictos posteriores redefinieron la geopol\u00edtica de la regi\u00f3n e internacionalizaron el conflicto.<\/p>\n\n\n\n<p>De un lado, en 1967 en la&nbsp;<a href=\"https:\/\/www.france24.com\/es\/tag\/guerra-de-los-seis-d%C3%ADas\/\">Guerra de los Seis D\u00edas<\/a>, entre el 5 y el 10 de junio de ese a\u00f1o, Israel obtuvo la Franja de Gaza y la pen\u00ednsula del Sina\u00ed a Egipto,&nbsp;<a href=\"https:\/\/www.france24.com\/es\/tag\/cisjordania\/\">Cisjordania<\/a>&nbsp;(con Jerusal\u00e9n Oriental) a Jordania y los Altos del Gol\u00e1n a Siria. Esto produjo que cerca de 500.000 palestinos huyeran de estas zonas.<\/p>\n\n\n\n<figure class=\"wp-block-image is-style-default\"><img decoding=\"async\" src=\"https:\/\/s.france24.com\/media\/display\/faaac0dc-653f-11ee-bfa3-005056bf30b7\/000_SAPA990729794370.jpg\" alt=\"Un barco hundido por los egipcios para bloquear el Canal de Suez aparece en la superficie del agua,11 de noviembre de 1956 en Port Sa\u00efd. Despu\u00e9s de que el presidente egipcio Nasser nacionalizara el Canal de Suez el 26 de julio, se inici\u00f3 una intervenci\u00f3n anglo-francesa. A finales de diciembre, la acci\u00f3n diplom\u00e1tica de Estados Unidos y la URSS oblig\u00f3 a Gran Breta\u00f1a y Francia a retirarse y a Israel a renunciar al Sina\u00ed, que hab\u00edan invadido en octubre.\"\/><figcaption>Un barco hundido por los egipcios para bloquear el Canal de Suez aparece en la superficie del agua,11 de noviembre de 1956 en Port Sa\u00efd. Despu\u00e9s de que el presidente egipcio Nasser nacionalizara el Canal de Suez el 26 de julio, se inici\u00f3 una intervenci\u00f3n anglo-francesa. A finales de diciembre, la acci\u00f3n diplom\u00e1tica de Estados Unidos y la URSS oblig\u00f3 a Gran Breta\u00f1a y Francia a retirarse y a Israel a renunciar al Sina\u00ed, que hab\u00edan invadido en octubre.&nbsp;\u00a9 AFP<\/figcaption><\/figure>\n\n\n\n<p>Por otra parte, la victoria sobre la coalici\u00f3n \u00e1rabe marca el comienzo oficial de los asentamientos israel\u00edes en los territorios palestinos ocupados, que ya cumple cinco d\u00e9cadas, de acuerdo con la organizaci\u00f3n&nbsp;<a href=\"https:\/\/www.es.amnesty.org\/en-que-estamos\/blog\/historia\/articulo\/ocho-claves-para-entender-el-conflicto-palestino-israeli\/\" target=\"_blank\" rel=\"noreferrer noopener\"><u>Amnist\u00eda Internacional<\/u><\/a>.&nbsp;<\/p>\n\n\n\n<p>En 1973, otro conflicto denominado la guerra de Yom Kipur, enfrent\u00f3 a Egipto y Siria contra Israel y permiti\u00f3 que el El Cairo retomara el Sina\u00ed, sin Gaza, seis a\u00f1os despu\u00e9s.&nbsp;<a href=\"https:\/\/www.france24.com\/es\/tag\/egipto\/\">Egipto<\/a>&nbsp;es el primer pa\u00eds \u00e1rabe en firmar un acuerdo de paz con Israel.&nbsp;<\/p>\n\n\n\n<figure class=\"wp-block-image is-style-default\"><img decoding=\"async\" src=\"https:\/\/s.france24.com\/media\/display\/a8f18f6c-6541-11ee-aba1-005056bf30b7\/000_SAPA971127017240.jpg\" alt=\"(ARCHIVO) Fotograf\u00eda fechada el 14 de mayo de 1948 que muestra al primer ministro israel\u00ed David Ben Gourion acompa\u00f1ado por miembros de su gobierno provisional leyendo la declaraci\u00f3n de independencia de Israel en Tel Aviv.\"\/><figcaption>(ARCHIVO) Fotograf\u00eda fechada el 14 de mayo de 1948 que muestra al primer ministro israel\u00ed David Ben Gourion acompa\u00f1ado por miembros de su gobierno provisional leyendo la declaraci\u00f3n de independencia de Israel en Tel Aviv.&nbsp;AFP<\/figcaption><\/figure>\n\n\n\n<p>Las&nbsp;<a href=\"https:\/\/www.dw.com\/es\/cronolog%C3%ADa-de-la-intifada\/a-41719672\" target=\"_blank\" rel=\"noreferrer noopener\"><u>intifadas<\/u><\/a>, en 1987 y 2000, han servido de term\u00f3metros sociales para mostrar la indignaci\u00f3n del lado palestino, que ha derivado en hechos violentos, y ha puesto la lupa sobre acciones militares israel\u00edes.&nbsp;<\/p>\n\n\n\n<h2 class=\"wp-block-heading\"><strong>3. Acuerdos fr\u00e1giles y puntos irreconciliables en el conflicto<\/strong><\/h2>\n\n\n\n<p>Con la constituci\u00f3n del Estado de Israel y el desplazamiento de palestinos de territorios anteriormente habitados, los movimientos nacionalistas palestinos empezaron a reagruparse en las zonas de&nbsp;<a href=\"https:\/\/www.france24.com\/es\/tag\/cisjordania\/\">Cisjordania<\/a>, Gaza y en los campos para refugiados creados en Jordania y Egipto.<\/p>\n\n\n\n<p>Estos lugares, a su vez, se convirtieron en los principales puntos de acci\u00f3n de organizaciones armadas, consideradas terroristas por Israel.<\/p>\n\n\n\n<p>En 1993, se produce el primer acuerdo de paz, conocido como los Acuerdos de Oslo. En estos se dan los primeros avances a d\u00e9cadas de enfrentamientos entre \u00e1rabes y jud\u00edos: el punto m\u00e1s importante es el reconocimiento de la&nbsp;<a href=\"https:\/\/www.france24.com\/es\/tag\/autoridad-nacional-palestina\/\">Autoridad Nacional Palestina<\/a>. Una organizaci\u00f3n que representar\u00eda los intereses palestinos.&nbsp;<\/p>\n\n\n\n<p>En los Acuerdos firmados en la capital noruega no se reconoci\u00f3 la integridad de&nbsp;<a href=\"https:\/\/www.france24.com\/es\/tag\/cisjordania\/\">Cisjordania<\/a>&nbsp;como regi\u00f3n palestina y fue dividida en tres zonas: Zona A, bajo control civil y militar de la&nbsp;<a href=\"https:\/\/www.france24.com\/es\/tag\/autoridad-nacional-palestina\/\">Autoridad Nacional Palestina<\/a>; Zona B, controlada por civiles y fuerzas militares israel\u00edes y palestinas; y Zona C, bajo control civil y militar israel\u00ed (a menudo los palestinos se refieren a esta zona como \u201cCisjordan\u00eda ocupada\u201d).&nbsp;<\/p>\n\n\n\n<figure class=\"wp-block-image is-style-default\"><img decoding=\"async\" src=\"https:\/\/s.france24.com\/media\/display\/c4bb8a4e-6542-11ee-9969-005056a90321\/000_ARP1584913.jpg\" alt=\"El Primer Ministro israel\u00ed Yitzhak Rabin (C), firma el 10 de septiembre de 1993 el reconocimiento oficial por Israel de la Organizaci\u00f3n para la Liberaci\u00f3n de Palestina, en una decisi\u00f3n hist\u00f3rica que cambiar\u00e1 la faz de Oriente Medio. Observan la firma el ministro noruego de Asuntos Exteriores, Johan Joergen Holst (izda.), y su hom\u00f3logo israel\u00ed, Shimon Peres (dcha.), ambos decisivos para alcanzar el acuerdo.\"\/><figcaption>El Primer Ministro israel\u00ed Yitzhak Rabin (C), firma el 10 de septiembre de 1993 el reconocimiento oficial por Israel de la Organizaci\u00f3n para la Liberaci\u00f3n de Palestina, en una decisi\u00f3n hist\u00f3rica que cambiar\u00e1 la faz de Oriente Medio. Observan la firma el ministro noruego de Asuntos Exteriores, Johan Joergen Holst (izda.), y su hom\u00f3logo israel\u00ed, Shimon Peres (dcha.), ambos decisivos para alcanzar el acuerdo.&nbsp;AFP &#8211; MENAHEM KAHANA<\/figcaption><\/figure>\n\n\n\n<p>No obstante, los puntos inamovibles, como el reclamo de la soberan\u00eda de Jerusal\u00e9n del este como propia por ambas partes, los refugiados palestinos, los asentamientos israel\u00edes en expansi\u00f3n, las seguridad y las fronteras no se alteraron en esta negociaci\u00f3n y se mostraron como los principales puntos de renuencia para alcanzar un acuerdo final.&nbsp;<\/p>\n\n\n\n<p>Los puntos m\u00e1s \u00e1lgidos, que han bloqueado el avance hacia un acuerdo duradero, han sido:<\/p>\n\n\n\n<p>Jerusal\u00e9n, que tanto palestinos como israel\u00edes reclaman su soberan\u00eda, dado su valor hist\u00f3rico y religioso que recae en este enclave.<\/p>\n\n\n\n<p>Las fronteras de un eventual Estado palestino, punto de resistencia entre ambas partes.<\/p>\n\n\n\n<p>Las probabilidades de que&nbsp;<a href=\"https:\/\/www.france24.com\/es\/tag\/israel\/\">Israel<\/a>&nbsp;retorne territorios que otrora estaban ocupados por palestinos y comunidades \u00e1rabes que es cada vez m\u00e1s baja.<\/p>\n\n\n\n<figure class=\"wp-block-image is-style-default\"><img decoding=\"async\" src=\"https:\/\/s.france24.com\/media\/display\/659ad870-6543-11ee-939e-005056bf30b7\/000_ARP3621426.jpg\" alt=\"El l\u00edder de la Organizaci\u00f3n para la Liberaci\u00f3n de Palestina, Yasser Arafat (d), saluda a su llegada al jard\u00edn sur de la Casa Blanca junto al presidente estadounidense, Bill Clinton (c), y el primer ministro israel\u00ed, Yitzhak Rabin, el 13 de septiembre de 1993 en Washington, D.C., para la firma de los hist\u00f3ricos Acuerdos de Oslo entre Israel y la OLP sobre la autonom\u00eda palestina.\"\/><figcaption>El l\u00edder de la Organizaci\u00f3n para la Liberaci\u00f3n de Palestina, Yasser Arafat (d), saluda a su llegada al jard\u00edn sur de la Casa Blanca junto al presidente estadounidense, Bill Clinton (c), y el primer ministro israel\u00ed, Yitzhak Rabin, el 13 de septiembre de 1993 en Washington, D.C., para la firma de los hist\u00f3ricos Acuerdos de Oslo entre Israel y la OLP sobre la autonom\u00eda palestina.&nbsp;AFP &#8211; ROBERT GIROUX<\/figcaption><\/figure>\n\n\n\n<p>Y el desarrollo de los asentamientos jud\u00edos, especialmente desde 1967, pone mayor&nbsp; tensi\u00f3n sobre zonas cisjordanas y comunidades palestinas que han sido desalojadas con el respaldo oficial, seg\u00fan documenta la&nbsp;<a href=\"https:\/\/www.publico.es\/internacional\/corte-penal-internacional-da-luz.html#analytics-noticia:contenido-enlace\" target=\"_blank\" rel=\"noreferrer noopener\"><u>Corte Penal Internacional,<\/u><\/a>&nbsp;<a href=\"https:\/\/www.swissinfo.ch\/spa\/israel-palestina_400-diputados-europeos-alertan-de--anexi%C3%B3n-de-facto--israel%C3%AD-en-cisjordania\/46410120\" target=\"_blank\" rel=\"noreferrer noopener\"><u>miembros<\/u><\/a>&nbsp;del Parlamento Europeo y&nbsp;<a href=\"https:\/\/www.es.amnesty.org\/actua\/acciones\/israel-apartheid-viviendas-palestina-feb22\/\" target=\"_blank\" rel=\"noreferrer noopener\"><u>Amnist\u00eda Internacional<\/u><\/a>.&nbsp;<\/p>\n\n\n\n<h2 class=\"wp-block-heading\"><strong>4. El reconocimiento internacional de un Estado palestino<\/strong><\/h2>\n\n\n\n<p>En 2012, la ONU brind\u00f3 reconocimiento a Palestina como \u201cEstado observador no miembro\u201d. Este cambio, en la pr\u00e1ctica no implica que Palestina cuente con un esca\u00f1o y reconocimiento pleno por parte de este organismo multilateral, pero brinda mayor visibilidad y participaci\u00f3n en las discusiones. Adem\u00e1s, abre la puerta a que Palestina pueda recibir apoyo de agencias de la&nbsp;<a href=\"https:\/\/www.france24.com\/es\/tag\/onu\/\">ONU<\/a>.&nbsp;<\/p>\n\n\n\n<p>Sin embargo, el poder de veto de Estados Unidos, el mayor aliado hist\u00f3rico de Israel, en el Consejo de Seguridad bloquea un avance hacia el reconocimiento pleno de Palestina en las Naciones Unidas. Tambi\u00e9n, en 2012, este pa\u00eds de Am\u00e9rica del Norte se convirti\u00f3 en el primero en el mundo en reconocer a&nbsp;<a href=\"https:\/\/www.france24.com\/es\/tag\/jerusal%C3%A9n\/\">Jerusal\u00e9n<\/a>&nbsp;como la capital de Israel.&nbsp;<\/p>\n\n\n\n<p>En el plano del derecho internacional se ha impulsado el reconocimiento de Palestina por parte de pa\u00edses del \u2018sur global\u2019, se destaca una campa\u00f1a impulsada por la Liga \u00c1rabe conocida como \u201cPalestina 194\u201d, que pretend\u00eda impulsar la votaci\u00f3n a favor en la Asamblea General de la ONU.&nbsp;<\/p>\n\n\n\n<figure class=\"wp-block-image is-style-default\"><img decoding=\"async\" src=\"https:\/\/s.france24.com\/media\/display\/2c98896a-6542-11ee-ac2b-005056bf30b7\/000_NIC2004100533441.jpg\" alt=\"Un soldado israel\u00ed reza junto a la &quot;valla de seguridad&quot; que rodea la franja de Gaza en el kibutz Mefalsim tras una noche de combates en el campo de refugiados de Yabalia, al otro lado, 5 de octubre de 2004. Las tropas israel\u00edes siguen adelante con una gran ofensiva en Gaza por s\u00e9ptimo d\u00eda consecutivo, mientras el Consejo de Seguridad de la ONU se dispone a votar un proyecto de resoluci\u00f3n que pide a Israel que retire sus fuerzas tras una enorme embestida que ha dejado casi 80 palestinos muertos en menos de una semana.\"\/><figcaption>Un soldado israel\u00ed reza junto a la \u00abvalla de seguridad\u00bb que rodea la franja de Gaza en el kibutz Mefalsim tras una noche de combates en el campo de refugiados de Yabalia, al otro lado, 5 de octubre de 2004. Las tropas israel\u00edes siguen adelante con una gran ofensiva en Gaza por s\u00e9ptimo d\u00eda consecutivo, mientras el Consejo de Seguridad de la ONU se dispone a votar un proyecto de resoluci\u00f3n que pide a Israel que retire sus fuerzas tras una enorme embestida que ha dejado casi 80 palestinos muertos en menos de una semana.&nbsp;AFP &#8211; YOAV LEMMER<\/figcaption><\/figure>\n\n\n\n<p>Paralelamente, los pa\u00edses del&nbsp;<a href=\"https:\/\/www.france24.com\/es\/tag\/mercosur\/\">Mercosur<\/a>&nbsp;y la regi\u00f3n latinoamericana y del Caribe, as\u00ed como los integrantes de&nbsp;<a href=\"https:\/\/www.france24.com\/es\/tag\/brics\/\">BRICS<\/a>&nbsp;y pa\u00edses de la&nbsp;<a href=\"https:\/\/www.france24.com\/es\/tag\/liga-%C3%A1rabe\/\">Liga \u00c1rabe<\/a>&nbsp;albergan el mayor n\u00famero de Estados que reconocen a Palestina como un pa\u00eds, de acuerdo con&nbsp;<a href=\"http:\/\/www.scielo.org.co\/scielo.php?script=sci_arttext&amp;pid=S1909-30632020000200131#:~:text=Antes%20de%20finalizar%20el%20siglo,mientras%20que%20el%2025,4%20%\" target=\"_blank\" rel=\"noreferrer noopener\"><u>Lisbeth Duarte y Jorge Miramontes<\/u><\/a>. En contraste, la Uni\u00f3n Europea y Am\u00e9rica del Norte (incluido M\u00e9xico) no reconocen a Palestina.<\/p>\n\n\n\n<h2 class=\"wp-block-heading\"><strong>5. Ham\u00e1s, un actor determinante del conflicto<\/strong><\/h2>\n\n\n\n<p>Ham\u00e1s es una organizaci\u00f3n palestina que se declara como&nbsp;<a href=\"https:\/\/es.wikipedia.org\/wiki\/Yihadista\" target=\"_blank\" rel=\"noreferrer noopener\">yihadista<\/a>,&nbsp;<a href=\"https:\/\/es.wikipedia.org\/wiki\/Nacionalista\" target=\"_blank\" rel=\"noreferrer noopener\">nacionalista<\/a>&nbsp;e&nbsp;<a href=\"https:\/\/es.wikipedia.org\/wiki\/Islamismo\" target=\"_blank\" rel=\"noreferrer noopener\">islamista<\/a>. No reconoce a Israel como Estado. El objetivo de&nbsp;<a href=\"https:\/\/www.france24.com\/es\/tag\/ham%C3%A1s-1\/\">Ham\u00e1s<\/a>&nbsp;es crear un Estado palestino fundamentalista isl\u00e1mico.&nbsp;<\/p>\n\n\n\n<figure class=\"wp-block-image is-style-default\"><img decoding=\"async\" src=\"https:\/\/s.france24.com\/media\/display\/3149815a-6540-11ee-b964-005056a90321\/000_33XQ2ZU.jpg\" alt=\"La noche del 7 de octubre de 2023 se dispar\u00f3 una salva de cohetes desde la ciudad de Gaza hacia Israel.\"\/><figcaption>La noche del 7 de octubre de 2023 se dispar\u00f3 una salva de cohetes desde la ciudad de Gaza hacia Israel.&nbsp;\u00a9 Mahmud Hams, AFP<\/figcaption><\/figure>\n\n\n\n<p>La organizaci\u00f3n radical se distancia de la opositora&nbsp;<a href=\"https:\/\/www.france24.com\/es\/tag\/organizaci%C3%B3n-para-la-liberaci%C3%B3n-de-palestina\/\">Organizaci\u00f3n para la Liberaci\u00f3n de Palestina<\/a>&nbsp;(OLP), precedida de Yasir Arafat, porque a diferencia de la OLP, niega el reconocimiento del Estado israel\u00ed.&nbsp;<\/p>\n\n\n\n<p>Ham\u00e1s se compone de varios grupos militares,&nbsp;<a href=\"https:\/\/www.dw.com\/es\/explicaci%C3%B3n-qu%C3%A9-es-el-grupo-isl%C3%A1mico-ham%C3%A1s\/a-67028626\" target=\"_blank\" rel=\"noreferrer noopener\"><u>seg\u00fan DW<\/u><\/a>, entre ellos las Brigadas Qassam, que han realizado varios atentados suicidas contra Israel en los \u00faltimos a\u00f1os. Adem\u00e1s, la organizaci\u00f3n cuenta con un partido pol\u00edtico y organizaciones de ayuda humanitaria.<\/p>\n\n\n\n<p>Este grupo, denominado como terrorista por parte de Israel, la&nbsp;<a href=\"https:\/\/www.france24.com\/es\/tag\/uni%C3%B3n-europea\/\">Uni\u00f3n Europea<\/a>, Estados Unidos y algunos pa\u00edses \u00e1rabes, fue fundado en diciembre de 1987, en los territorios palestinos tomando como inspiraci\u00f3n a los&nbsp;<a href=\"https:\/\/www.france24.com\/es\/tag\/hermanos-musulmanes\/\">Hermanos Musulmanes<\/a>, otro grupo armado radical, de su vecino Egipto.<\/p>\n\n\n\n<p>El 25 de enero de 2006, el grupo islamista Ham\u00e1s se impuso en las elecciones parlamentarias. En 2007, tom\u00f3 el control de la Franja de&nbsp;<a href=\"https:\/\/www.france24.com\/es\/tag\/gaza\/\">Gaza<\/a>, tras intensos enfrentamientos contra el movimiento palestino Al Fatah.<\/p>\n\n\n\n<p>Desde ese momento, este territorio es visto como enemigo desde Tel-Aviv e Israel le&nbsp; impuso un bloqueo por tierra, mar y aire, que ha dejado a aislado a 1.9 millones de habitantes.<\/p>\n\n\n\n<p>En la pr\u00e1ctica, este cierre impide todo movimiento de palestinos hacia o desde esa regi\u00f3n, salvo en un reducido n\u00famero de casos humanitarios excepcionales, como&nbsp;<a href=\"https:\/\/www.france24.com\/es\/20180601-reporteros-israel-religion-viaje-agricultura\"><u>document\u00f3 France 24<\/u><\/a>&nbsp;en 2018 y 2021.&nbsp;<\/p>\n\n\n\n<p>El actual l\u00edder de\u00a0<a href=\"https:\/\/www.france24.com\/es\/tag\/ham%C3%A1s-1\/\">Ham\u00e1s<\/a>\u00a0es Ismail Haniya. Fue elegido en 2017 y reelegido en 2021. El 14 de junio de 2007 el presidente de la ANP,\u00a0<a href=\"https:\/\/www.france24.com\/es\/tag\/mahmud-abbas\/\">Mahmud Abbas<\/a>, lo destituy\u00f3 y fue sustituido por Salam Fayyad, exfuncionario del Fondo Monasterio Internacional. Haniya no admiti\u00f3 la destituci\u00f3n y contin\u00faa gobernando de facto la Franja de\u00a0<a href=\"https:\/\/www.france24.com\/es\/tag\/gaza\/\">Gaza<\/a>.<\/p>\n\n\n\n<p>Fuente: <a href=\"https:\/\/www.france24.com\/es\/medio-oriente\/20231007-cinco-claves-para-entender-el-conflicto-palestino-israel%C3%AD-75-a%C3%B1os-de-una-herida-abierta\">https:\/\/www.france24.com\/es\/medio-oriente\/20231007-cinco-claves-para-entender-el-conflicto-palestino-israel%C3%AD-75-a%C3%B1os-de-una-herida-abierta<\/a><\/p>\n","protected":false},"excerpt":{"rendered":"<p>La violencia, como una constante en esta regi\u00f3n, ha definido la consolidaci\u00f3n del Estado israel\u00ed y la desaparici\u00f3n progresiva, de [&hellip;]<\/p>\n","protected":false},"author":1,"featured_media":60473,"comment_status":"open","ping_status":"open","sticky":false,"template":"","format":"standard","meta":{"site-sidebar-layout":"default","site-content-layout":"","ast-site-content-layout":"default","site-content-style":"default","site-sidebar-style":"default","ast-global-header-display":"","ast-banner-title-visibility":"","ast-main-header-display":"","ast-hfb-above-header-display":"","ast-hfb-below-header-display":"","ast-hfb-mobile-header-display":"","site-post-title":"","ast-breadcrumbs-content":"","ast-featured-img":"","footer-sml-layout":"","theme-transparent-header-meta":"","adv-header-id-meta":"","stick-header-meta":"","header-above-stick-meta":"","header-main-stick-meta":"","header-below-stick-meta":"","astra-migrate-meta-layouts":"default","ast-page-background-enabled":"default","ast-page-background-meta":{"desktop":{"background-color":"var(--ast-global-color-4)","background-image":"","background-repeat":"repeat","background-position":"center center","background-size":"auto","background-attachment":"scroll","background-type":"","background-media":"","overlay-type":"","overlay-color":"","overlay-opacity":"","overlay-gradient":""},"tablet":{"background-color":"","background-image":"","background-repeat":"repeat","background-position":"center center","background-size":"auto","background-attachment":"scroll","background-type":"","background-media":"","overlay-type":"","overlay-color":"","overlay-opacity":"","overlay-gradient":""},"mobile":{"background-color":"","background-image":"","background-repeat":"repeat","background-position":"center center","background-size":"auto","background-attachment":"scroll","background-type":"","background-media":"","overlay-type":"","overlay-color":"","overlay-opacity":"","overlay-gradient":""}},"ast-content-background-meta":{"desktop":{"background-color":"var(--ast-global-color-5)","background-image":"","background-repeat":"repeat","background-position":"center center","background-size":"auto","background-attachment":"scroll","background-type":"","background-media":"","overlay-type":"","overlay-color":"","overlay-opacity":"","overlay-gradient":""},"tablet":{"background-color":"var(--ast-global-color-5)","background-image":"","background-repeat":"repeat","background-position":"center center","background-size":"auto","background-attachment":"scroll","background-type":"","background-media":"","overlay-type":"","overlay-color":"","overlay-opacity":"","overlay-gradient":""},"mobile":{"background-color":"var(--ast-global-color-5)","background-image":"","background-repeat":"repeat","background-position":"center center","background-size":"auto","background-attachment":"scroll","background-type":"","background-media":"","overlay-type":"","overlay-color":"","overlay-opacity":"","overlay-gradient":""}},"footnotes":""},"categories":[8],"tags":[19431,19434,19433,1580],"class_list":["post-60472","post","type-post","status-publish","format-standard","has-post-thumbnail","hentry","category-noticias","tag-conflicto-israel-palestina","tag-estado-judio","tag-estado-palestino","tag-hamas"],"_links":{"self":[{"href":"https:\/\/losperiodistas.com.mx\/portal\/wp-json\/wp\/v2\/posts\/60472","targetHints":{"allow":["GET"]}}],"collection":[{"href":"https:\/\/losperiodistas.com.mx\/portal\/wp-json\/wp\/v2\/posts"}],"about":[{"href":"https:\/\/losperiodistas.com.mx\/portal\/wp-json\/wp\/v2\/types\/post"}],"author":[{"embeddable":true,"href":"https:\/\/losperiodistas.com.mx\/portal\/wp-json\/wp\/v2\/users\/1"}],"replies":[{"embeddable":true,"href":"https:\/\/losperiodistas.com.mx\/portal\/wp-json\/wp\/v2\/comments?post=60472"}],"version-history":[{"count":1,"href":"https:\/\/losperiodistas.com.mx\/portal\/wp-json\/wp\/v2\/posts\/60472\/revisions"}],"predecessor-version":[{"id":60474,"href":"https:\/\/losperiodistas.com.mx\/portal\/wp-json\/wp\/v2\/posts\/60472\/revisions\/60474"}],"wp:featuredmedia":[{"embeddable":true,"href":"https:\/\/losperiodistas.com.mx\/portal\/wp-json\/wp\/v2\/media\/60473"}],"wp:attachment":[{"href":"https:\/\/losperiodistas.com.mx\/portal\/wp-json\/wp\/v2\/media?parent=60472"}],"wp:term":[{"taxonomy":"category","embeddable":true,"href":"https:\/\/losperiodistas.com.mx\/portal\/wp-json\/wp\/v2\/categories?post=60472"},{"taxonomy":"post_tag","embeddable":true,"href":"https:\/\/losperiodistas.com.mx\/portal\/wp-json\/wp\/v2\/tags?post=60472"}],"curies":[{"name":"wp","href":"https:\/\/api.w.org\/{rel}","templated":true}]}}