{"id":60464,"date":"2023-10-08T08:06:38","date_gmt":"2023-10-08T13:06:38","guid":{"rendered":"http:\/\/losperiodistas.com.mx\/portal\/?p=60464"},"modified":"2023-10-08T08:06:40","modified_gmt":"2023-10-08T13:06:40","slug":"el-papa-que-callen-las-armas-terrorismo-y-guerra-no-conducen-a-ninguna-solucion-vatican-news","status":"publish","type":"post","link":"https:\/\/losperiodistas.com.mx\/portal\/el-papa-que-callen-las-armas-terrorismo-y-guerra-no-conducen-a-ninguna-solucion-vatican-news\/","title":{"rendered":"El Papa: Que callen las armas, terrorismo y guerra no conducen a ninguna soluci\u00f3n | Vatican News"},"content":{"rendered":"\n<p class=\"has-luminous-vivid-amber-background-color has-background has-medium-font-size\">En las palabras de Francisco despu\u00e9s del \u00c1ngelus dominical, su dolor por lo que est\u00e1 sucediendo en Israel. Su oraci\u00f3n es por las familias de las v\u00edctimas y por quienes est\u00e1n viviendo horas de terror y angustia. \u00ab\u00a1Que haya paz en Israel y Palestina!\u00bb, su llamamiento, porque \u00abtoda guerra es una derrota\u00bb. Dirigiendo su pensamiento a todos los pa\u00edses en conflicto, record\u00f3 a la \u00abtan martirizada\u00bb Ucrania \u201cque cada d\u00eda sufre tanto\u00bb.<\/p>\n\n\n\n<p><\/p>\n\n\n\n<figure class=\"wp-block-image size-large is-style-default\"><img fetchpriority=\"high\" decoding=\"async\" width=\"1024\" height=\"576\" src=\"https:\/\/losperiodistas.com.mx\/portal\/wp-content\/uploads\/2023\/10\/cq5dam.thumbnail.cropped.1500.844-1024x576.jpeg\" alt=\"\" class=\"wp-image-60465\" srcset=\"https:\/\/losperiodistas.com.mx\/portal\/wp-content\/uploads\/2023\/10\/cq5dam.thumbnail.cropped.1500.844-1024x576.jpeg 1024w, https:\/\/losperiodistas.com.mx\/portal\/wp-content\/uploads\/2023\/10\/cq5dam.thumbnail.cropped.1500.844-300x169.jpeg 300w, https:\/\/losperiodistas.com.mx\/portal\/wp-content\/uploads\/2023\/10\/cq5dam.thumbnail.cropped.1500.844-768x432.jpeg 768w, https:\/\/losperiodistas.com.mx\/portal\/wp-content\/uploads\/2023\/10\/cq5dam.thumbnail.cropped.1500.844.jpeg 1500w\" sizes=\"(max-width: 1024px) 100vw, 1024px\" \/><figcaption>Ataque a Israel\u00a0 (ANSA)<\/figcaption><\/figure>\n\n\n\n<p class=\"has-vivid-red-color has-text-color has-medium-font-size\"><strong>ANTONELLA PALERMO \/ VATICAN NEWS<\/strong><\/p>\n\n\n\n<blockquote class=\"wp-block-quote is-layout-flow wp-block-quote-is-layout-flow\"><p>\u201cLa guerra es una derrota: \u00a1toda guerra es una derrota! \u00a1Recemos por la paz en Israel y Palestina!\u201d<\/p><\/blockquote>\n\n\n\n<p>Despu\u00e9s de la oraci\u00f3n mariana de este segundo domingo de octubre, el Papa Francisco expres\u00f3 su aprensi\u00f3n y el dolor con el que sigue lo que est\u00e1 sucediendo en Israel donde, dice, \u00abla violencia ha estallado a\u00fan m\u00e1s ferozmente, causando centenares de muertos y heridos.<\/p>\n\n\n\n<blockquote class=\"wp-block-quote is-layout-flow wp-block-quote-is-layout-flow\"><p>\u201cExpreso mi cercan\u00eda a las familias de las v\u00edctimas, rezo por ellas y por todos los que est\u00e1n viviendo horas de terror y angustia. \u00a1Que los ataques y las armas se detengan, por favor! , y se comprenda que el terrorismo y la guerra no conducen a ninguna soluci\u00f3n, sino s\u00f3lo a la muerte y al sufrimiento de tantos inocentes.\u201d<\/p><\/blockquote>\n\n\n\n<h2 class=\"wp-block-heading\">Invoquemos la paz en los numerosos pa\u00edses marcados por los conflictos.<\/h2>\n\n\n\n<p>Tras el \u00c1ngelus, el Pont\u00edfice record\u00f3 tambi\u00e9n que este mes de octubre est\u00e1 dedicado no s\u00f3lo a las misiones, sino tambi\u00e9n al rezo del Rosario. Precisamente a Mar\u00eda nos pide que nos dirijamos, sin cesar:<\/p>\n\n\n\n<blockquote class=\"wp-block-quote is-layout-flow wp-block-quote-is-layout-flow\"><p>\u201cNo nos cansemos de invocar, por intercesi\u00f3n de Mar\u00eda, el don de la paz sobre los numerosos pa\u00edses del mundo marcados por guerras y conflictos; y sigamos recordando a la querida Ucrania, que cada d\u00eda tanto sufre, tan martirizada\u201d<\/p><\/blockquote>\n\n\n\n<h2 class=\"wp-block-heading\">Al menos 350 v\u00edctimas israel\u00edes<\/h2>\n\n\n\n<p>LEA TAMBI\u00c9N<a href=\"https:\/\/www.vaticannews.va\/es\/papa\/news\/2023-10\/papa-francisco-angelus-8-octubre-gratitud-luz-corazones.html\"><\/a>08\/10\/2023<\/p>\n\n\n\n<h2 class=\"wp-block-heading\"><a href=\"https:\/\/www.vaticannews.va\/es\/papa\/news\/2023-10\/papa-francisco-angelus-8-octubre-gratitud-luz-corazones.html\">\u00c1ngelus del Papa: Que la gratitud sea la luz que surja siempre de nuestro coraz\u00f3n<\/a><\/h2>\n\n\n\n<p>Las Fuerzas de Defensa de Israel (IDF) informaron que el n\u00famero de israel\u00edes muertos hasta el momento en el ataque lanzado ayer por Ham\u00e1s ha ascendido al menos a 350. El portavoz Daniel Hagar, citado por la BBC, que inform\u00f3 de la cifra, record\u00f3 que la prioridad ahora es liberar las comunidades donde a\u00fan se combate y controlar las brechas en la valla con la franja de Gaza. \u00abNuestros combatientes siguen atacando objetivos en nuestros territorios ocupados, hemos conseguido reemplazar a los combatientes en el campo de batalla con nuevos combatientes y hemos logrado proporcionar suministros a los que siguen combatiendo\u00bb. As\u00ed lo afirm\u00f3, citado por fuentes locales, el portavoz de las Brigadas al Qassam, ala militar de Ham\u00e1s, Abu Obaida. La polic\u00eda israel\u00ed, mientras tanto, est\u00e1 a la caza de un veh\u00edculo que se est\u00e1 dirigiendo hacia el nordeste desde Gaza y que se cree que lleva a bordo milicianos armados de Ham\u00e1s. El ala militar de Ham\u00e1s, las Brigadas al Qassam, han hecho saber que los rehenes israel\u00edes est\u00e1n retenidos en los t\u00faneles de la organizaci\u00f3n en la franja y en \u00abcasas seguras \u00ab. El ej\u00e9rcito tambi\u00e9n realiz\u00f3 disparos de advertencia contra \u00abun grupo de sospechosos en la zona\u00bb golpeada anteriormente en Har Dov, cerca de la frontera con L\u00edbano. As\u00ed lo afirm\u00f3 el portavoz militar israel\u00ed.<\/p>\n\n\n\n<h2 class=\"wp-block-heading\">La aprensi\u00f3n de los peregrinos en Tierra Santa<\/h2>\n\n\n\n<p>Los peregrinos que se encuentran estos d\u00edas en Tierra Santa experimentan toda la aprensi\u00f3n de esta escalada de violencia. Un p\u00e1rroco del V\u00e9neto, el padre Mirko Dalla Torre, se encuentra en la regi\u00f3n junto con 35 fieles de la comunidad de Sernaglia della Battaglia (Treviso). \u00abAqu\u00ed hay cierta confusi\u00f3n, o\u00edmos las sirenas y vimos los cohetes y el fuego antia\u00e9reo. No ha sido agradable. Ahora estamos en el hotel. Estamos todos bien\u00bb, es su testimonio desde Jerusal\u00e9n, recogido por la web de L&#8217;Azione, el semanario de la di\u00f3cesis de Vittorio Veneto. \u00abA\u00fan as\u00ed pudimos visitar el Santo Sepulcro. Estuvimos en el Muro de los Lamentos y nos mandaron dos veces a un t\u00fanel porque Ham\u00e1s estaba atacando Jerusal\u00e9n. Exist\u00eda la posibilidad de que cayeran misiles sobre el templo. O\u00edmos disparos y entonces el gu\u00eda nos hizo salir porque era demasiado peligroso quedarse. No se puede visitar la Explanada del Templo. En el Templo hab\u00eda un gran grupo de j\u00f3venes que coreaban contra Ham\u00e1s.<\/p>\n\n\n\n<p>Fuente: <a href=\"https:\/\/www.vaticannews.va\/es\/papa\/news\/2023-10\/papa-francisco-angelus-llamamiento-guerra-israel-tierra-santa.html\">https:\/\/www.vaticannews.va\/es\/papa\/news\/2023-10\/papa-francisco-angelus-llamamiento-guerra-israel-tierra-santa.html<\/a><\/p>\n","protected":false},"excerpt":{"rendered":"<p>En las palabras de Francisco despu\u00e9s del \u00c1ngelus dominical, su dolor por lo que est\u00e1 sucediendo en Israel. Su oraci\u00f3n [&hellip;]<\/p>\n","protected":false},"author":1,"featured_media":60465,"comment_status":"open","ping_status":"open","sticky":false,"template":"","format":"standard","meta":{"site-sidebar-layout":"default","site-content-layout":"","ast-site-content-layout":"default","site-content-style":"default","site-sidebar-style":"default","ast-global-header-display":"","ast-banner-title-visibility":"","ast-main-header-display":"","ast-hfb-above-header-display":"","ast-hfb-below-header-display":"","ast-hfb-mobile-header-display":"","site-post-title":"","ast-breadcrumbs-content":"","ast-featured-img":"","footer-sml-layout":"","theme-transparent-header-meta":"","adv-header-id-meta":"","stick-header-meta":"","header-above-stick-meta":"","header-main-stick-meta":"","header-below-stick-meta":"","astra-migrate-meta-layouts":"default","ast-page-background-enabled":"default","ast-page-background-meta":{"desktop":{"background-color":"var(--ast-global-color-4)","background-image":"","background-repeat":"repeat","background-position":"center center","background-size":"auto","background-attachment":"scroll","background-type":"","background-media":"","overlay-type":"","overlay-color":"","overlay-opacity":"","overlay-gradient":""},"tablet":{"background-color":"","background-image":"","background-repeat":"repeat","background-position":"center center","background-size":"auto","background-attachment":"scroll","background-type":"","background-media":"","overlay-type":"","overlay-color":"","overlay-opacity":"","overlay-gradient":""},"mobile":{"background-color":"","background-image":"","background-repeat":"repeat","background-position":"center center","background-size":"auto","background-attachment":"scroll","background-type":"","background-media":"","overlay-type":"","overlay-color":"","overlay-opacity":"","overlay-gradient":""}},"ast-content-background-meta":{"desktop":{"background-color":"var(--ast-global-color-5)","background-image":"","background-repeat":"repeat","background-position":"center center","background-size":"auto","background-attachment":"scroll","background-type":"","background-media":"","overlay-type":"","overlay-color":"","overlay-opacity":"","overlay-gradient":""},"tablet":{"background-color":"var(--ast-global-color-5)","background-image":"","background-repeat":"repeat","background-position":"center center","background-size":"auto","background-attachment":"scroll","background-type":"","background-media":"","overlay-type":"","overlay-color":"","overlay-opacity":"","overlay-gradient":""},"mobile":{"background-color":"var(--ast-global-color-5)","background-image":"","background-repeat":"repeat","background-position":"center center","background-size":"auto","background-attachment":"scroll","background-type":"","background-media":"","overlay-type":"","overlay-color":"","overlay-opacity":"","overlay-gradient":""}},"footnotes":""},"categories":[8],"tags":[1518,19429,1580],"class_list":["post-60464","post","type-post","status-publish","format-standard","has-post-thumbnail","hentry","category-noticias","tag-conflicto-palestino-israeli","tag-guerra-franja-de-gaza","tag-hamas"],"_links":{"self":[{"href":"https:\/\/losperiodistas.com.mx\/portal\/wp-json\/wp\/v2\/posts\/60464","targetHints":{"allow":["GET"]}}],"collection":[{"href":"https:\/\/losperiodistas.com.mx\/portal\/wp-json\/wp\/v2\/posts"}],"about":[{"href":"https:\/\/losperiodistas.com.mx\/portal\/wp-json\/wp\/v2\/types\/post"}],"author":[{"embeddable":true,"href":"https:\/\/losperiodistas.com.mx\/portal\/wp-json\/wp\/v2\/users\/1"}],"replies":[{"embeddable":true,"href":"https:\/\/losperiodistas.com.mx\/portal\/wp-json\/wp\/v2\/comments?post=60464"}],"version-history":[{"count":1,"href":"https:\/\/losperiodistas.com.mx\/portal\/wp-json\/wp\/v2\/posts\/60464\/revisions"}],"predecessor-version":[{"id":60466,"href":"https:\/\/losperiodistas.com.mx\/portal\/wp-json\/wp\/v2\/posts\/60464\/revisions\/60466"}],"wp:featuredmedia":[{"embeddable":true,"href":"https:\/\/losperiodistas.com.mx\/portal\/wp-json\/wp\/v2\/media\/60465"}],"wp:attachment":[{"href":"https:\/\/losperiodistas.com.mx\/portal\/wp-json\/wp\/v2\/media?parent=60464"}],"wp:term":[{"taxonomy":"category","embeddable":true,"href":"https:\/\/losperiodistas.com.mx\/portal\/wp-json\/wp\/v2\/categories?post=60464"},{"taxonomy":"post_tag","embeddable":true,"href":"https:\/\/losperiodistas.com.mx\/portal\/wp-json\/wp\/v2\/tags?post=60464"}],"curies":[{"name":"wp","href":"https:\/\/api.w.org\/{rel}","templated":true}]}}