{"id":6040,"date":"2021-03-23T05:59:19","date_gmt":"2021-03-23T11:59:19","guid":{"rendered":"http:\/\/losperiodistas.com.mx\/portal\/?p=6040"},"modified":"2021-03-23T05:59:20","modified_gmt":"2021-03-23T11:59:20","slug":"premio-municipal-natalia-serdan-post-mortem-a-agnes-torres","status":"publish","type":"post","link":"https:\/\/losperiodistas.com.mx\/portal\/premio-municipal-natalia-serdan-post-mortem-a-agnes-torres\/","title":{"rendered":"Premio Municipal Natalia Serd\u00e1n post mortem a Agnes Torres"},"content":{"rendered":"\n<p style=\"font-size:18px\"><em>Ayuntamiento de Puebla reconocer\u00e1 tres mujeres por su labor en favor a los derechos humanos<\/em><\/p>\n\n\n\n<figure class=\"wp-block-image size-large\"><img fetchpriority=\"high\" decoding=\"async\" width=\"680\" height=\"382\" src=\"https:\/\/losperiodistas.com.mx\/portal\/wp-content\/uploads\/2021\/03\/photo_2021-03-22_16-55-18.jpeg\" alt=\"\" class=\"wp-image-6041\" srcset=\"https:\/\/losperiodistas.com.mx\/portal\/wp-content\/uploads\/2021\/03\/photo_2021-03-22_16-55-18.jpeg 680w, https:\/\/losperiodistas.com.mx\/portal\/wp-content\/uploads\/2021\/03\/photo_2021-03-22_16-55-18-300x169.jpeg 300w\" sizes=\"(max-width: 680px) 100vw, 680px\" \/><\/figure>\n\n\n\n<p class=\"has-vivid-cyan-blue-color has-text-color has-medium-font-size\">REDACCI\u00d3N<\/p>\n\n\n\n<p>El Ayuntamiento de Puebla reconocer\u00e1 a tres mujeres por su trabajo en materia de derechos humanos y aportes a la ciencia a trav\u00e9s del Premio Municipal Natalia Serd\u00e1n y, por primera vez, uno de estos galardones ser\u00e1 entregado de manera post mortem.<\/p>\n\n\n\n<p>El 29 de marzo, en Sesi\u00f3n Solemne de Cabildo, se entregar\u00e1 el Premio Municipal Natalia Serd\u00e1n a tres mujeres destacables, entre ellas, Agnes Torres Hern\u00e1ndez, postulada por su hermana, Gisela Torres Hern\u00e1ndez, quien lo recibir\u00e1 de manera post mortem.<\/p>\n\n\n\n<p>Agnes Torres destac\u00f3 por su activismo a favor de la comunidad LGBT+, en particular por las personas transg\u00e9nero, colaborando con la organizaci\u00f3n Humana Naci\u00f3n Trans, la Red Democracia y Sexualidad (Demysex) y Er\u00f3sfera en Puebla.<\/p>\n\n\n\n<p>En diciembre de 2019, la Presidenta Municipal, Claudia Rivera Vivanco, devel\u00f3 una placa en su honor y en febrero de este a\u00f1o, 2021, el Congreso del Estado de Puebla aprob\u00f3 el dictamen conocido como \u201cLey Agnes\u201d, que permitir\u00e1 reconocer el derecho a la identidad de g\u00e9nero de la ciudadan\u00eda poblana.<\/p>\n\n\n\n<p>Entre las ganadoras tambi\u00e9n se encuentra la abogada, Rosalva Elena Z\u00e1rate Herrera, quien ingres\u00f3 al Tribunal Superior de Justicia en 1987 y se ha desempe\u00f1ado como secretaria de Estudio y Cuenta en la Primera Sala en Materia Penal del Tribunal Superior de Justicia del Estado desde 1994 hasta el a\u00f1o 2000.<\/p>\n\n\n\n<p>Tambi\u00e9n destaca su trabajo como la primera Jueza de Ejecuci\u00f3n de Sentencias en la capital poblana y su labor como docente en la Universidad Iberoamericana.<\/p>\n\n\n\n<p>De igual forma, ser\u00e1 galardonada la cient\u00edfica poblana, Lilia Meza Montes, quien destaca por ser la primera mujer en obtener un doctorado en la Benem\u00e9rita Universidad Aut\u00f3noma de Puebla (BUAP), graduada en f\u00edsica, y cuenta con una amplia trayectoria acad\u00e9mica en la que se ha distinguido como docente e investigadora de la misma casa de estudios.&nbsp;<\/p>\n\n\n\n<p>Integrante del Instituto de F\u00edsica \u201cIngeniero Luis Rivera Terrazas\u201d de la BUAP (IFUAP), ha publicado m\u00e1s de 30 investigaciones acad\u00e9micas y m\u00e1s de una centena de trabajos en congresos en el \u00e1rea de la F\u00edsica del Estado S\u00f3lido. Destaca, tambi\u00e9n, su labor como activista para generar espacios igualitarios para las mujeres en la ciencia.<\/p>\n\n\n\n<p>Las ganadoras fueron elegidas por votaci\u00f3n a trav\u00e9s del Consejo de Premiaci\u00f3n, el cual fue integrado por la Presidenta Municipal, Claudia Rivera Vivanco; el secretario del Ayuntamiento, Edgar Dami\u00e1n Romero Su\u00e1rez; el s\u00edndico Municipal, Gonzalo Castillo Ju\u00e1rez; Enrique Glockner Corte secretario de Bienestar; Vianeth Rojas Arenas, encargada de Despacho de la Secretar\u00eda para la Igualdad Sustantiva de G\u00e9nero; as\u00ed como las regidoras, Carmen Mar\u00eda Palma Ben\u00edtez, presidenta de la Comisi\u00f3n de Derechos Humanos e Igualdad de G\u00e9nero, y\u00a0 Mar\u00eda Isabel Cort\u00e9s Santiago, presidenta de la Comisi\u00f3n de Participaci\u00f3n Ciudadana.<\/p>\n\n\n\n<p>Fuente: <strong>\u00a0<\/strong><a href=\"http:\/\/bit.ly\/398cKPt\" target=\"_blank\" rel=\"noreferrer noopener\">http:\/\/bit.ly\/398cKPt<\/a><\/p>\n","protected":false},"excerpt":{"rendered":"<p>Ayuntamiento de Puebla reconocer\u00e1 tres mujeres por su labor en favor a los derechos humanos REDACCI\u00d3N El Ayuntamiento de Puebla [&hellip;]<\/p>\n","protected":false},"author":1,"featured_media":6041,"comment_status":"open","ping_status":"open","sticky":false,"template":"","format":"standard","meta":{"site-sidebar-layout":"default","site-content-layout":"","ast-site-content-layout":"default","site-content-style":"default","site-sidebar-style":"default","ast-global-header-display":"","ast-banner-title-visibility":"","ast-main-header-display":"","ast-hfb-above-header-display":"","ast-hfb-below-header-display":"","ast-hfb-mobile-header-display":"","site-post-title":"","ast-breadcrumbs-content":"","ast-featured-img":"","footer-sml-layout":"","theme-transparent-header-meta":"","adv-header-id-meta":"","stick-header-meta":"","header-above-stick-meta":"","header-main-stick-meta":"","header-below-stick-meta":"","astra-migrate-meta-layouts":"default","ast-page-background-enabled":"default","ast-page-background-meta":{"desktop":{"background-color":"var(--ast-global-color-4)","background-image":"","background-repeat":"repeat","background-position":"center center","background-size":"auto","background-attachment":"scroll","background-type":"","background-media":"","overlay-type":"","overlay-color":"","overlay-opacity":"","overlay-gradient":""},"tablet":{"background-color":"","background-image":"","background-repeat":"repeat","background-position":"center center","background-size":"auto","background-attachment":"scroll","background-type":"","background-media":"","overlay-type":"","overlay-color":"","overlay-opacity":"","overlay-gradient":""},"mobile":{"background-color":"","background-image":"","background-repeat":"repeat","background-position":"center center","background-size":"auto","background-attachment":"scroll","background-type":"","background-media":"","overlay-type":"","overlay-color":"","overlay-opacity":"","overlay-gradient":""}},"ast-content-background-meta":{"desktop":{"background-color":"var(--ast-global-color-5)","background-image":"","background-repeat":"repeat","background-position":"center center","background-size":"auto","background-attachment":"scroll","background-type":"","background-media":"","overlay-type":"","overlay-color":"","overlay-opacity":"","overlay-gradient":""},"tablet":{"background-color":"var(--ast-global-color-5)","background-image":"","background-repeat":"repeat","background-position":"center center","background-size":"auto","background-attachment":"scroll","background-type":"","background-media":"","overlay-type":"","overlay-color":"","overlay-opacity":"","overlay-gradient":""},"mobile":{"background-color":"var(--ast-global-color-5)","background-image":"","background-repeat":"repeat","background-position":"center center","background-size":"auto","background-attachment":"scroll","background-type":"","background-media":"","overlay-type":"","overlay-color":"","overlay-opacity":"","overlay-gradient":""}},"footnotes":""},"categories":[8],"tags":[632,634,635,633],"class_list":["post-6040","post","type-post","status-publish","format-standard","has-post-thumbnail","hentry","category-noticias","tag-agnes-torres-hernandez","tag-lilia-meza-montes","tag-premio-municipal-natalia-serdan","tag-rosalva-elena-zarate-herrera"],"_links":{"self":[{"href":"https:\/\/losperiodistas.com.mx\/portal\/wp-json\/wp\/v2\/posts\/6040","targetHints":{"allow":["GET"]}}],"collection":[{"href":"https:\/\/losperiodistas.com.mx\/portal\/wp-json\/wp\/v2\/posts"}],"about":[{"href":"https:\/\/losperiodistas.com.mx\/portal\/wp-json\/wp\/v2\/types\/post"}],"author":[{"embeddable":true,"href":"https:\/\/losperiodistas.com.mx\/portal\/wp-json\/wp\/v2\/users\/1"}],"replies":[{"embeddable":true,"href":"https:\/\/losperiodistas.com.mx\/portal\/wp-json\/wp\/v2\/comments?post=6040"}],"version-history":[{"count":1,"href":"https:\/\/losperiodistas.com.mx\/portal\/wp-json\/wp\/v2\/posts\/6040\/revisions"}],"predecessor-version":[{"id":6042,"href":"https:\/\/losperiodistas.com.mx\/portal\/wp-json\/wp\/v2\/posts\/6040\/revisions\/6042"}],"wp:featuredmedia":[{"embeddable":true,"href":"https:\/\/losperiodistas.com.mx\/portal\/wp-json\/wp\/v2\/media\/6041"}],"wp:attachment":[{"href":"https:\/\/losperiodistas.com.mx\/portal\/wp-json\/wp\/v2\/media?parent=6040"}],"wp:term":[{"taxonomy":"category","embeddable":true,"href":"https:\/\/losperiodistas.com.mx\/portal\/wp-json\/wp\/v2\/categories?post=6040"},{"taxonomy":"post_tag","embeddable":true,"href":"https:\/\/losperiodistas.com.mx\/portal\/wp-json\/wp\/v2\/tags?post=6040"}],"curies":[{"name":"wp","href":"https:\/\/api.w.org\/{rel}","templated":true}]}}