{"id":6033,"date":"2021-03-22T07:59:23","date_gmt":"2021-03-22T13:59:23","guid":{"rendered":"http:\/\/losperiodistas.com.mx\/portal\/?p=6033"},"modified":"2021-03-22T07:59:24","modified_gmt":"2021-03-22T13:59:24","slug":"el-aeropuerto-de-santa-lucia-se-saturara-en-5-anos-experto-el-economista","status":"publish","type":"post","link":"https:\/\/losperiodistas.com.mx\/portal\/el-aeropuerto-de-santa-lucia-se-saturara-en-5-anos-experto-el-economista\/","title":{"rendered":"El aeropuerto de Santa Luc\u00eda se saturar\u00e1 en 5 a\u00f1os: experto | El Economista"},"content":{"rendered":"\n<p style=\"font-size:18px\"><em>De acuerdo con proyecciones, pasados cinco a\u00f1os del inicio de las operaciones conjuntas entre el AIFA y el AICM, ambos aeropuertos ver\u00e1n rebasada su capacidad y no podr\u00e1n atender la demanda exponencial que tendr\u00e1 la aviaci\u00f3n en los pr\u00f3ximos a\u00f1os.<\/em><\/p>\n\n\n\n<figure class=\"wp-block-image size-large\"><img fetchpriority=\"high\" decoding=\"async\" width=\"1024\" height=\"572\" src=\"https:\/\/losperiodistas.com.mx\/portal\/wp-content\/uploads\/2021\/03\/Captura-de-Pantalla-2021-03-22-a-las-7.57.44-1024x572.jpg\" alt=\"\" class=\"wp-image-6034\" srcset=\"https:\/\/losperiodistas.com.mx\/portal\/wp-content\/uploads\/2021\/03\/Captura-de-Pantalla-2021-03-22-a-las-7.57.44-1024x572.jpg 1024w, https:\/\/losperiodistas.com.mx\/portal\/wp-content\/uploads\/2021\/03\/Captura-de-Pantalla-2021-03-22-a-las-7.57.44-300x168.jpg 300w, https:\/\/losperiodistas.com.mx\/portal\/wp-content\/uploads\/2021\/03\/Captura-de-Pantalla-2021-03-22-a-las-7.57.44-768x429.jpg 768w, https:\/\/losperiodistas.com.mx\/portal\/wp-content\/uploads\/2021\/03\/Captura-de-Pantalla-2021-03-22-a-las-7.57.44.jpg 1528w\" sizes=\"(max-width: 1024px) 100vw, 1024px\" \/><\/figure>\n\n\n\n<p class=\"has-vivid-cyan-blue-color has-text-color has-medium-font-size\">A21 \/ EL ECONOMISTA<\/p>\n\n\n\n<p>De acuerdo con proyecciones, pasados cinco a\u00f1os del inicio de las operaciones conjuntas entre el Aeropuerto Internacional Felipe \u00c1ngeles (AIFA) y el Aeropuerto Internacional de la Ciudad de M\u00e9xico (AICM), ambos aeropuertos ver\u00e1n rebasada su capacidad y no podr\u00e1n atender la demanda exponencial que tendr\u00e1 la aviaci\u00f3n en los pr\u00f3ximos a\u00f1os.<\/p>\n\n\n\n<p>De acuerdo con David Almaguer, presidente del Consejo Directivo de la Asociaci\u00f3n de Ingenieros en Aeron\u00e1utica, es posible que ambos aeropuertos operen conjuntamente, sin embargo, el aeropuerto construido en la Base A\u00e9rea de Santa Luc\u00eda no permitir\u00e1 operaciones simult\u00e1neas con la Ciudad de M\u00e9xico. \u201cNo se niega que s\u00ed se puede operar, pero su vida \u00fatil va a ser con un l\u00edmite de cinco a\u00f1os\u201d, dijo en entrevista con A21.<\/p>\n\n\n\n<p>El aeropuerto capitalino tendr\u00eda que llevar a cabo alrededor de 600 operaciones diarias para mantener niveles \u00f3ptimos de seguridad \u2013enfatiz\u00f3 Almaguer\u2013, sin embargo, actualmente se llevan a cabo m\u00e1s de 900 al d\u00eda, lo que coloca a las operaciones del Benito Ju\u00e1rez en un arco rojo y genera complicaciones. \u201cEstamos hablando de literalmente un 50% m\u00e1s del nivel \u00f3ptimo de operaciones\u201d, dijo. Estas proyecciones indican que, con el AIFA y el AICM funcionando a la par, para 2027 se alcanzar\u00edan las 1,200 operaciones, 600 en cada uno, \u201capenas cubriendo el margen m\u00ednimo de operaci\u00f3n entre ambos\u201d.<\/p>\n\n\n\n<p>Fuente: https:\/\/www.eleconomista.com.mx\/empresas\/El-AIFA-se-saturara-en-cinco-anos-experto-20210322-0009.html<\/p>\n","protected":false},"excerpt":{"rendered":"<p>De acuerdo con proyecciones, pasados cinco a\u00f1os del inicio de las operaciones conjuntas entre el AIFA y el AICM, ambos [&hellip;]<\/p>\n","protected":false},"author":1,"featured_media":6034,"comment_status":"open","ping_status":"open","sticky":false,"template":"","format":"standard","meta":{"site-sidebar-layout":"default","site-content-layout":"","ast-site-content-layout":"default","site-content-style":"default","site-sidebar-style":"default","ast-global-header-display":"","ast-banner-title-visibility":"","ast-main-header-display":"","ast-hfb-above-header-display":"","ast-hfb-below-header-display":"","ast-hfb-mobile-header-display":"","site-post-title":"","ast-breadcrumbs-content":"","ast-featured-img":"","footer-sml-layout":"","theme-transparent-header-meta":"","adv-header-id-meta":"","stick-header-meta":"","header-above-stick-meta":"","header-main-stick-meta":"","header-below-stick-meta":"","astra-migrate-meta-layouts":"default","ast-page-background-enabled":"default","ast-page-background-meta":{"desktop":{"background-color":"var(--ast-global-color-4)","background-image":"","background-repeat":"repeat","background-position":"center center","background-size":"auto","background-attachment":"scroll","background-type":"","background-media":"","overlay-type":"","overlay-color":"","overlay-opacity":"","overlay-gradient":""},"tablet":{"background-color":"","background-image":"","background-repeat":"repeat","background-position":"center center","background-size":"auto","background-attachment":"scroll","background-type":"","background-media":"","overlay-type":"","overlay-color":"","overlay-opacity":"","overlay-gradient":""},"mobile":{"background-color":"","background-image":"","background-repeat":"repeat","background-position":"center center","background-size":"auto","background-attachment":"scroll","background-type":"","background-media":"","overlay-type":"","overlay-color":"","overlay-opacity":"","overlay-gradient":""}},"ast-content-background-meta":{"desktop":{"background-color":"var(--ast-global-color-5)","background-image":"","background-repeat":"repeat","background-position":"center center","background-size":"auto","background-attachment":"scroll","background-type":"","background-media":"","overlay-type":"","overlay-color":"","overlay-opacity":"","overlay-gradient":""},"tablet":{"background-color":"var(--ast-global-color-5)","background-image":"","background-repeat":"repeat","background-position":"center center","background-size":"auto","background-attachment":"scroll","background-type":"","background-media":"","overlay-type":"","overlay-color":"","overlay-opacity":"","overlay-gradient":""},"mobile":{"background-color":"var(--ast-global-color-5)","background-image":"","background-repeat":"repeat","background-position":"center center","background-size":"auto","background-attachment":"scroll","background-type":"","background-media":"","overlay-type":"","overlay-color":"","overlay-opacity":"","overlay-gradient":""}},"footnotes":""},"categories":[8],"tags":[631],"class_list":["post-6033","post","type-post","status-publish","format-standard","has-post-thumbnail","hentry","category-noticias","tag-aeropuerto-felipe-angeles"],"_links":{"self":[{"href":"https:\/\/losperiodistas.com.mx\/portal\/wp-json\/wp\/v2\/posts\/6033","targetHints":{"allow":["GET"]}}],"collection":[{"href":"https:\/\/losperiodistas.com.mx\/portal\/wp-json\/wp\/v2\/posts"}],"about":[{"href":"https:\/\/losperiodistas.com.mx\/portal\/wp-json\/wp\/v2\/types\/post"}],"author":[{"embeddable":true,"href":"https:\/\/losperiodistas.com.mx\/portal\/wp-json\/wp\/v2\/users\/1"}],"replies":[{"embeddable":true,"href":"https:\/\/losperiodistas.com.mx\/portal\/wp-json\/wp\/v2\/comments?post=6033"}],"version-history":[{"count":1,"href":"https:\/\/losperiodistas.com.mx\/portal\/wp-json\/wp\/v2\/posts\/6033\/revisions"}],"predecessor-version":[{"id":6035,"href":"https:\/\/losperiodistas.com.mx\/portal\/wp-json\/wp\/v2\/posts\/6033\/revisions\/6035"}],"wp:featuredmedia":[{"embeddable":true,"href":"https:\/\/losperiodistas.com.mx\/portal\/wp-json\/wp\/v2\/media\/6034"}],"wp:attachment":[{"href":"https:\/\/losperiodistas.com.mx\/portal\/wp-json\/wp\/v2\/media?parent=6033"}],"wp:term":[{"taxonomy":"category","embeddable":true,"href":"https:\/\/losperiodistas.com.mx\/portal\/wp-json\/wp\/v2\/categories?post=6033"},{"taxonomy":"post_tag","embeddable":true,"href":"https:\/\/losperiodistas.com.mx\/portal\/wp-json\/wp\/v2\/tags?post=6033"}],"curies":[{"name":"wp","href":"https:\/\/api.w.org\/{rel}","templated":true}]}}