{"id":6023,"date":"2021-03-22T07:07:45","date_gmt":"2021-03-22T13:07:45","guid":{"rendered":"http:\/\/losperiodistas.com.mx\/portal\/?p=6023"},"modified":"2021-03-22T07:07:46","modified_gmt":"2021-03-22T13:07:46","slug":"papa-francisco-la-hermana-agua-no-es-una-mercancia-aleteia","status":"publish","type":"post","link":"https:\/\/losperiodistas.com.mx\/portal\/papa-francisco-la-hermana-agua-no-es-una-mercancia-aleteia\/","title":{"rendered":"Papa Francisco: La \u00abhermana agua\u00bb no es una mercanc\u00eda | Aleteia"},"content":{"rendered":"\n<p style=\"font-size:18px\"><em>D\u00eda Mundial del Agua. El papa Francisco contra especuladores del agua; vital para prevenir el coronavirus: Es \u00abuna fuente de vida y salud\u00bb.<\/em><\/p>\n\n\n\n<figure class=\"wp-block-image size-large\"><img fetchpriority=\"high\" decoding=\"async\" width=\"1024\" height=\"614\" src=\"https:\/\/losperiodistas.com.mx\/portal\/wp-content\/uploads\/2021\/03\/Captura-de-Pantalla-2021-03-22-a-las-7.05.30-1024x614.jpg\" alt=\"\" class=\"wp-image-6024\" srcset=\"https:\/\/losperiodistas.com.mx\/portal\/wp-content\/uploads\/2021\/03\/Captura-de-Pantalla-2021-03-22-a-las-7.05.30-1024x614.jpg 1024w, https:\/\/losperiodistas.com.mx\/portal\/wp-content\/uploads\/2021\/03\/Captura-de-Pantalla-2021-03-22-a-las-7.05.30-300x180.jpg 300w, https:\/\/losperiodistas.com.mx\/portal\/wp-content\/uploads\/2021\/03\/Captura-de-Pantalla-2021-03-22-a-las-7.05.30-768x460.jpg 768w, https:\/\/losperiodistas.com.mx\/portal\/wp-content\/uploads\/2021\/03\/Captura-de-Pantalla-2021-03-22-a-las-7.05.30.jpg 1248w\" sizes=\"(max-width: 1024px) 100vw, 1024px\" \/><\/figure>\n\n\n\n<p class=\"has-vivid-cyan-blue-color has-text-color has-medium-font-size\">ARY WALDIR RAMOS D\u00cdAZ \/ ALETEIA<\/p>\n\n\n\n<p>El papa Francisco pidi\u00f3 reflexionar sobre&nbsp;\u00abel valor\u00bb del agua; don \u00abmaravilloso e insustituible\u00bb de Dios. El D\u00eda Mundial del Agua se celebra cada&nbsp;22 de marzo. El Pont\u00edfice record\u00f3 la relevancia&nbsp;de este l\u00edquido esencial durante la alocuci\u00f3n del \u00c1ngelus de este domingo.<\/p>\n\n\n\n<p>\u00ab<strong>Para nosotros los creyentes, \u00abhermana agua\u00bb no es una mercanc\u00eda:<\/strong>&nbsp;es un s\u00edmbolo universal y una fuente de vida y salud. \u00a1Demasiados hermanos, muchos, muchos hermanos y hermanas tienen acceso a poca agua y quiz\u00e1s contaminada!\u00bb. En efecto,&nbsp;<strong>2 200 millones de personas viven sin acceso a agua potable<\/strong>, seg\u00fan datos de Naciones Unidas.<\/p>\n\n\n\n<p>\u00abEs necesario garantizar el agua potable y el saneamiento para todos. Agradezco y animo a quienes, con diferentes competencias y responsabilidades profesionales, trabajan por este objetivo tan importante\u00bb. El Pont\u00edfice apoy\u00f3 las iniciativas educativas y sociales que difunden \u00abla importancia del agua\u00bb.<\/p>\n\n\n\n<p>La Santa Sede asegura que en la batalla contra el COVID-19, el saneamiento del agua es esencial. Algo evidente \u00ab<strong>ya que sin la higiene adecuada, la vida de miles de millones de personas corre peligro\u00bb.&nbsp;<\/strong>As\u00ed lo advirti\u00f3&nbsp;el&nbsp;<strong>Dicasterio para el Servicio del Desarrollo Humano Integral (SDHI).<\/strong><\/p>\n\n\n\n<p><br><img decoding=\"async\" alt=\"POPE AUDIENCE JUNE 26; 2019\" width=\"150\" height=\"75\" src=\"https:\/\/wp.es.aleteia.org\/wp-content\/uploads\/sites\/7\/2019\/06\/web2-amj2619-gaj2619-antoine-mekary-am_9305.jpg?w=150&amp;h=75&amp;crop=1\"><br><br><em>Te puede interesar:<\/em><br><a href=\"https:\/\/es.aleteia.org\/2019\/06\/27\/el-papa-francisco-contra-el-derroche-de-alimentos-y-de-agua\/\"><strong>El Papa Francisco contra el derroche de alimentos y de agua<\/strong><\/a><br><\/p>\n\n\n\n<h3 class=\"wp-block-heading\">Obispo por el saneamiento del agua<\/h3>\n\n\n\n<p>El Dicasterio impuls\u00f3 desde 2020, el\u00bbProyecto WASH\u00bb (acceso al agua potable, al saneamiento y a la higiene) en centros sanitarios de la Iglesia. En esta iniciativa participan tambi\u00e9n numerosas congregaciones, obispos, Caritas Internationalis y Global Water 2020.<\/p>\n\n\n\n<p>En agosto de 2020, el Dicasterio envi\u00f3 una carta a todos los obispos del mundo inst\u00e1ndoles a ayudar a garantizar las condiciones adecuadas de agua.&nbsp;De esta manera, se subrayaba la importancia del saneamiento e higiene \u00aben todos los centros de salud de la Iglesia cat\u00f3lica\u00bb. El objetivo: valorar el agua en el tratamiento de los pacientes de forma segura, \u00ab<strong>prevenir la transmisi\u00f3n de la COVID-19\u2033<\/strong>&nbsp;y de otras enfermedades.<\/p>\n\n\n\n<p>La carta recordaba c\u00f3mo la Iglesia ha sido pionera en la atenci\u00f3n sanitaria en todo el mundo, sin distinci\u00f3n de ning\u00fan tipo.<\/p>\n\n\n\n<h3 class=\"wp-block-heading\">No tiene precio<\/h3>\n\n\n\n<p>La Santa Sede ha destacado la obra de la&nbsp;<strong>Orden Hospitalaria de los Hermanos de San Juan de Dios<\/strong>&nbsp;(Fatebenefratelli). Un servicio vinculado con el&nbsp;saneamiento del agua y la salud p\u00fablica; con 400 centros sociales y sanitarios en 52 pa\u00edses.<\/p>\n\n\n\n<p>\u00abEl agua, adem\u00e1s de ser un recurso insustituible de primera necesidad, es para nosotros uno de los medios m\u00e1s importantes y econ\u00f3micos para prevenir y mejorar la salud de las personas de todas las edades\u00bb, indic\u00f3 el&nbsp;hermano \u00c1ngel L\u00f3pez, director de la Oficina de Misiones y Cooperaci\u00f3n Internacional de la Curia General.<\/p>\n\n\n\n<p>Conferencias Episcopales, di\u00f3cesis, congregaciones y diversas organizaciones de C\u00e1ritas est\u00e1n llevando a cabo una evaluaci\u00f3n detallada en unas 150 instalaciones sanitarias en 22 pa\u00edses (desde peque\u00f1os dispensarios hasta hospitales).<\/p>\n\n\n\n<p>Tambi\u00e9n se est\u00e1n evaluando los recursos econ\u00f3micos y humanos que son necesarios para mejorar de forma sostenible las condiciones de agua, saneamiento e higiene y cumplir con las normas adecuadas en materia de infraestructura, equipamiento, mantenimiento y formaci\u00f3n.<\/p>\n\n\n\n<h3 class=\"wp-block-heading\">Mujeres cat\u00f3licas contra desperdicio de agua<\/h3>\n\n\n\n<p>La presidenta de la Uni\u00f3n Mundial de Organizaciones Femeninas Cat\u00f3licas (UMOFC), Mar\u00eda L\u00eda Zervino, afirma: \u00abEl llamamiento del Dicasterio es fundamental para las mujeres de la UMOFC, ya que muchas trabajan en todos los continentes atendiendo a familias desfavorecidas, a personas sin hogar y ancianos, colectivos m\u00e1s vulnerables al virus del COVID-19.<\/p>\n\n\n\n<p>Ellas son testigos de la falta de agua potable que ya exist\u00eda antes de la pandemia en las zonas de alto riesgo social. Si no se invierte para garantizar que el derecho humano al agua potable est\u00e9 tambi\u00e9n al alcance de los m\u00e1s necesitados, todos los esfuerzos para educar en materia de salud ser\u00e1n en vano\u00bb.<\/p>\n\n\n\n<p>El Dicasterio hace un llamamiento a las organizaciones interesadas a ponerse en contacto y sumarse a esta iniciativa. El proyecto est\u00e1 vinculado a otras iniciativas en curso del Dicasterio en relaci\u00f3n con el cuidado de las personas y del planeta, especialmente para una recuperaci\u00f3n post- COVID a la luz de la responsabilidad y la solidaridad con los m\u00e1s vulnerables\u00bb.<\/p>\n\n\n\n<p>Fuente: https:\/\/es.aleteia.org\/2021\/03\/22\/papa-francisco-la-hermana-agua-no-es-una-mercancia\/<\/p>\n","protected":false},"excerpt":{"rendered":"<p>D\u00eda Mundial del Agua. El papa Francisco contra especuladores del agua; vital para prevenir el coronavirus: Es \u00abuna fuente de [&hellip;]<\/p>\n","protected":false},"author":1,"featured_media":6024,"comment_status":"open","ping_status":"open","sticky":false,"template":"","format":"standard","meta":{"site-sidebar-layout":"default","site-content-layout":"","ast-site-content-layout":"default","site-content-style":"default","site-sidebar-style":"default","ast-global-header-display":"","ast-banner-title-visibility":"","ast-main-header-display":"","ast-hfb-above-header-display":"","ast-hfb-below-header-display":"","ast-hfb-mobile-header-display":"","site-post-title":"","ast-breadcrumbs-content":"","ast-featured-img":"","footer-sml-layout":"","theme-transparent-header-meta":"","adv-header-id-meta":"","stick-header-meta":"","header-above-stick-meta":"","header-main-stick-meta":"","header-below-stick-meta":"","astra-migrate-meta-layouts":"default","ast-page-background-enabled":"default","ast-page-background-meta":{"desktop":{"background-color":"var(--ast-global-color-4)","background-image":"","background-repeat":"repeat","background-position":"center center","background-size":"auto","background-attachment":"scroll","background-type":"","background-media":"","overlay-type":"","overlay-color":"","overlay-opacity":"","overlay-gradient":""},"tablet":{"background-color":"","background-image":"","background-repeat":"repeat","background-position":"center center","background-size":"auto","background-attachment":"scroll","background-type":"","background-media":"","overlay-type":"","overlay-color":"","overlay-opacity":"","overlay-gradient":""},"mobile":{"background-color":"","background-image":"","background-repeat":"repeat","background-position":"center center","background-size":"auto","background-attachment":"scroll","background-type":"","background-media":"","overlay-type":"","overlay-color":"","overlay-opacity":"","overlay-gradient":""}},"ast-content-background-meta":{"desktop":{"background-color":"var(--ast-global-color-5)","background-image":"","background-repeat":"repeat","background-position":"center center","background-size":"auto","background-attachment":"scroll","background-type":"","background-media":"","overlay-type":"","overlay-color":"","overlay-opacity":"","overlay-gradient":""},"tablet":{"background-color":"var(--ast-global-color-5)","background-image":"","background-repeat":"repeat","background-position":"center center","background-size":"auto","background-attachment":"scroll","background-type":"","background-media":"","overlay-type":"","overlay-color":"","overlay-opacity":"","overlay-gradient":""},"mobile":{"background-color":"var(--ast-global-color-5)","background-image":"","background-repeat":"repeat","background-position":"center center","background-size":"auto","background-attachment":"scroll","background-type":"","background-media":"","overlay-type":"","overlay-color":"","overlay-opacity":"","overlay-gradient":""}},"footnotes":""},"categories":[8],"tags":[626,627,628],"class_list":["post-6023","post","type-post","status-publish","format-standard","has-post-thumbnail","hentry","category-noticias","tag-dia-internacional-del-agua","tag-la-hermana-agua","tag-papa-francisco-dia-del-agua"],"_links":{"self":[{"href":"https:\/\/losperiodistas.com.mx\/portal\/wp-json\/wp\/v2\/posts\/6023","targetHints":{"allow":["GET"]}}],"collection":[{"href":"https:\/\/losperiodistas.com.mx\/portal\/wp-json\/wp\/v2\/posts"}],"about":[{"href":"https:\/\/losperiodistas.com.mx\/portal\/wp-json\/wp\/v2\/types\/post"}],"author":[{"embeddable":true,"href":"https:\/\/losperiodistas.com.mx\/portal\/wp-json\/wp\/v2\/users\/1"}],"replies":[{"embeddable":true,"href":"https:\/\/losperiodistas.com.mx\/portal\/wp-json\/wp\/v2\/comments?post=6023"}],"version-history":[{"count":1,"href":"https:\/\/losperiodistas.com.mx\/portal\/wp-json\/wp\/v2\/posts\/6023\/revisions"}],"predecessor-version":[{"id":6025,"href":"https:\/\/losperiodistas.com.mx\/portal\/wp-json\/wp\/v2\/posts\/6023\/revisions\/6025"}],"wp:featuredmedia":[{"embeddable":true,"href":"https:\/\/losperiodistas.com.mx\/portal\/wp-json\/wp\/v2\/media\/6024"}],"wp:attachment":[{"href":"https:\/\/losperiodistas.com.mx\/portal\/wp-json\/wp\/v2\/media?parent=6023"}],"wp:term":[{"taxonomy":"category","embeddable":true,"href":"https:\/\/losperiodistas.com.mx\/portal\/wp-json\/wp\/v2\/categories?post=6023"},{"taxonomy":"post_tag","embeddable":true,"href":"https:\/\/losperiodistas.com.mx\/portal\/wp-json\/wp\/v2\/tags?post=6023"}],"curies":[{"name":"wp","href":"https:\/\/api.w.org\/{rel}","templated":true}]}}