{"id":6020,"date":"2021-03-22T06:04:44","date_gmt":"2021-03-22T12:04:44","guid":{"rendered":"http:\/\/losperiodistas.com.mx\/portal\/?p=6020"},"modified":"2021-03-22T06:04:45","modified_gmt":"2021-03-22T12:04:45","slug":"exigen-transparencia-en-seleccion-de-candidaturas-bloque-de-izquierda-social-oem","status":"publish","type":"post","link":"https:\/\/losperiodistas.com.mx\/portal\/exigen-transparencia-en-seleccion-de-candidaturas-bloque-de-izquierda-social-oem\/","title":{"rendered":"Exigen transparencia en selecci\u00f3n de candidaturas: Bloque de Izquierda Social | OEM"},"content":{"rendered":"\n<p style=\"font-size:18px\"><em>David M\u00e9ndez M\u00e1rquez present\u00f3 un dec\u00e1logo de temas que consider\u00f3 deben integrar la agenda legislativa<\/em><\/p>\n\n\n\n<figure class=\"wp-block-image size-large\"><img fetchpriority=\"high\" decoding=\"async\" width=\"1024\" height=\"644\" src=\"https:\/\/losperiodistas.com.mx\/portal\/wp-content\/uploads\/2021\/03\/Captura-de-Pantalla-2021-03-22-a-las-6.01.43-1024x644.jpg\" alt=\"\" class=\"wp-image-6021\" srcset=\"https:\/\/losperiodistas.com.mx\/portal\/wp-content\/uploads\/2021\/03\/Captura-de-Pantalla-2021-03-22-a-las-6.01.43-1024x644.jpg 1024w, https:\/\/losperiodistas.com.mx\/portal\/wp-content\/uploads\/2021\/03\/Captura-de-Pantalla-2021-03-22-a-las-6.01.43-300x189.jpg 300w, https:\/\/losperiodistas.com.mx\/portal\/wp-content\/uploads\/2021\/03\/Captura-de-Pantalla-2021-03-22-a-las-6.01.43-768x483.jpg 768w, https:\/\/losperiodistas.com.mx\/portal\/wp-content\/uploads\/2021\/03\/Captura-de-Pantalla-2021-03-22-a-las-6.01.43.jpg 1492w\" sizes=\"(max-width: 1024px) 100vw, 1024px\" \/><\/figure>\n\n\n\n<p class=\"has-vivid-cyan-blue-color has-text-color has-medium-font-size\">BERENICE MART\u00cdNEZ \/ EL SOL DE PUEBLA<\/p>\n\n\n\n<p>El Bloque de Izquierda Social integrado por organizaciones sociales afines a Morena, que postul\u00f3 aspirantes en 108 municipios, 16 distritos locales y ocho federales del estado de Puebla, exigi\u00f3 transparencia y legalidad en el proceso de selecci\u00f3n de candidaturas.<\/p>\n\n\n\n<p>Los integrantes que aspiran a cargos de elecci\u00f3n iniciaron el an\u00e1lisis para emprender impugnaciones colectivas a fin de que el partido garantice legalidad en el proceso.<\/p>\n\n\n\n<p>El bloque conformado por David M\u00e9ndez M\u00e1rquez, aspirante a candidato de Morena a diputado local de Puebla, sus padres Jorge M\u00e9ndez Sp\u00edndola y la regidora Rosa M\u00e1rquez Cabrera, del Movimiento Nacional por la Esperanza, as\u00ed como el l\u00edder de Reconstruyamos M\u00e9xico, hizo un llamado a la militancia, simpatizantes, liderazgos, aspirantes y dirigentes del partido a reunirse para aterrizar el modelo de la Cuarta Transformaci\u00f3n en municipios.<\/p>\n\n\n\n<p>El exsecretario de Gobernaci\u00f3n present\u00f3 un dec\u00e1logo de temas que consider\u00f3 deben integrar la agenda legislativa local como la incorporaci\u00f3n de una nueva Ley del Agua que defina la pol\u00edtica h\u00eddrica de la entidad, Ley de Interculturalidad que atienda a migrantes y aspectos de la movilidad humana, Ley de Participaci\u00f3n Ciudadana que incluya la Ley de Consulta Ciudadana, iniciativa popular, refer\u00e9ndum, plebiscito y revocaci\u00f3n de mandato.<\/p>\n\n\n\n<p>Sugiri\u00f3 establecer la Ley Estatal de Presupuesto Participativo, crear el Instituto de Desarrollo y Planeaci\u00f3n Municipal, impulsar el desarrollo de las 32 nuevas regiones del estado a partir de la reforma a la Ley del Desarrollo Econ\u00f3mico e incorporar una fiscal\u00eda y un tribunal de justicia ambiental que detenga y sancione los \u201cproyectos de muerte\u201d.<\/p>\n\n\n\n<p>El aspirante a candidato a diputado local de Morena por el distrito 19 de Puebla capital asegur\u00f3 que existe riesgo de infiltraci\u00f3n de \u201cla derecha\u201d en el partido con candidatos impresentables que pretenden desplazar a la base que ha luchado durante mucho tiempo.<\/p>\n\n\n\n<p>A m\u00e1s tardar el 14 de marzo Morena deb\u00eda publicar la lista de registros aprobados que pasar\u00e1n a la encuesta y ocupar\u00e1n las candidaturas a diputaciones locales y ayuntamientos de Puebla, como lo estableci\u00f3 en la convocatoria que ajust\u00f3 por orden de la Sala Regional Ciudad de M\u00e9xico del Tribunal Electoral del Poder Judicial de la Federaci\u00f3n (TEPJF).<\/p>\n\n\n\n<p>Fuente: https:\/\/www.elsoldepuebla.com.mx\/local\/exigen-transparencia-en-seleccion-de-candidaturas-bloque-de-izquierda-social-david-mendez-marquez-grupo-morena-6502960.html<\/p>\n","protected":false},"excerpt":{"rendered":"<p>David M\u00e9ndez M\u00e1rquez present\u00f3 un dec\u00e1logo de temas que consider\u00f3 deben integrar la agenda legislativa BERENICE MART\u00cdNEZ \/ EL SOL [&hellip;]<\/p>\n","protected":false},"author":1,"featured_media":6021,"comment_status":"open","ping_status":"open","sticky":false,"template":"","format":"standard","meta":{"site-sidebar-layout":"default","site-content-layout":"","ast-site-content-layout":"default","site-content-style":"default","site-sidebar-style":"default","ast-global-header-display":"","ast-banner-title-visibility":"","ast-main-header-display":"","ast-hfb-above-header-display":"","ast-hfb-below-header-display":"","ast-hfb-mobile-header-display":"","site-post-title":"","ast-breadcrumbs-content":"","ast-featured-img":"","footer-sml-layout":"","theme-transparent-header-meta":"","adv-header-id-meta":"","stick-header-meta":"","header-above-stick-meta":"","header-main-stick-meta":"","header-below-stick-meta":"","astra-migrate-meta-layouts":"default","ast-page-background-enabled":"default","ast-page-background-meta":{"desktop":{"background-color":"var(--ast-global-color-4)","background-image":"","background-repeat":"repeat","background-position":"center center","background-size":"auto","background-attachment":"scroll","background-type":"","background-media":"","overlay-type":"","overlay-color":"","overlay-opacity":"","overlay-gradient":""},"tablet":{"background-color":"","background-image":"","background-repeat":"repeat","background-position":"center center","background-size":"auto","background-attachment":"scroll","background-type":"","background-media":"","overlay-type":"","overlay-color":"","overlay-opacity":"","overlay-gradient":""},"mobile":{"background-color":"","background-image":"","background-repeat":"repeat","background-position":"center center","background-size":"auto","background-attachment":"scroll","background-type":"","background-media":"","overlay-type":"","overlay-color":"","overlay-opacity":"","overlay-gradient":""}},"ast-content-background-meta":{"desktop":{"background-color":"var(--ast-global-color-5)","background-image":"","background-repeat":"repeat","background-position":"center center","background-size":"auto","background-attachment":"scroll","background-type":"","background-media":"","overlay-type":"","overlay-color":"","overlay-opacity":"","overlay-gradient":""},"tablet":{"background-color":"var(--ast-global-color-5)","background-image":"","background-repeat":"repeat","background-position":"center center","background-size":"auto","background-attachment":"scroll","background-type":"","background-media":"","overlay-type":"","overlay-color":"","overlay-opacity":"","overlay-gradient":""},"mobile":{"background-color":"var(--ast-global-color-5)","background-image":"","background-repeat":"repeat","background-position":"center center","background-size":"auto","background-attachment":"scroll","background-type":"","background-media":"","overlay-type":"","overlay-color":"","overlay-opacity":"","overlay-gradient":""}},"footnotes":""},"categories":[8],"tags":[624,625],"class_list":["post-6020","post","type-post","status-publish","format-standard","has-post-thumbnail","hentry","category-noticias","tag-bloque-de-izquierda-social-puebla","tag-david-mendez-marquez"],"_links":{"self":[{"href":"https:\/\/losperiodistas.com.mx\/portal\/wp-json\/wp\/v2\/posts\/6020","targetHints":{"allow":["GET"]}}],"collection":[{"href":"https:\/\/losperiodistas.com.mx\/portal\/wp-json\/wp\/v2\/posts"}],"about":[{"href":"https:\/\/losperiodistas.com.mx\/portal\/wp-json\/wp\/v2\/types\/post"}],"author":[{"embeddable":true,"href":"https:\/\/losperiodistas.com.mx\/portal\/wp-json\/wp\/v2\/users\/1"}],"replies":[{"embeddable":true,"href":"https:\/\/losperiodistas.com.mx\/portal\/wp-json\/wp\/v2\/comments?post=6020"}],"version-history":[{"count":1,"href":"https:\/\/losperiodistas.com.mx\/portal\/wp-json\/wp\/v2\/posts\/6020\/revisions"}],"predecessor-version":[{"id":6022,"href":"https:\/\/losperiodistas.com.mx\/portal\/wp-json\/wp\/v2\/posts\/6020\/revisions\/6022"}],"wp:featuredmedia":[{"embeddable":true,"href":"https:\/\/losperiodistas.com.mx\/portal\/wp-json\/wp\/v2\/media\/6021"}],"wp:attachment":[{"href":"https:\/\/losperiodistas.com.mx\/portal\/wp-json\/wp\/v2\/media?parent=6020"}],"wp:term":[{"taxonomy":"category","embeddable":true,"href":"https:\/\/losperiodistas.com.mx\/portal\/wp-json\/wp\/v2\/categories?post=6020"},{"taxonomy":"post_tag","embeddable":true,"href":"https:\/\/losperiodistas.com.mx\/portal\/wp-json\/wp\/v2\/tags?post=6020"}],"curies":[{"name":"wp","href":"https:\/\/api.w.org\/{rel}","templated":true}]}}