{"id":602,"date":"2020-10-28T07:43:17","date_gmt":"2020-10-28T13:43:17","guid":{"rendered":"http:\/\/losperiodistas.com.mx\/portal\/?p=602"},"modified":"2020-10-28T07:43:17","modified_gmt":"2020-10-28T13:43:17","slug":"ayuntamiento-acata-resolucion-judicial-por-conflicto-durante-la-administracion-de-luis-paredes","status":"publish","type":"post","link":"https:\/\/losperiodistas.com.mx\/portal\/ayuntamiento-acata-resolucion-judicial-por-conflicto-durante-la-administracion-de-luis-paredes\/","title":{"rendered":"Ayuntamiento acata resoluci\u00f3n judicial por conflicto durante la administraci\u00f3n de Luis Paredes"},"content":{"rendered":"\n<p><\/p>\n\n\n\n<p class=\"has-vivid-cyan-blue-color has-text-color has-medium-font-size\">REDACCI\u00d3N<\/p>\n\n\n\n<p><\/p>\n\n\n\n<p>Durante la trig\u00e9simo octava sesi\u00f3n Extraordinaria de Cabildo, presidida por Iv\u00e1n Camacho Mendoza, presidente de la Comisi\u00f3n de Gobernaci\u00f3n de Justicia, en representaci\u00f3n de Claudia Rivera Vivanco, se aprob\u00f3 el pago de indemnizaci\u00f3n por la afectaci\u00f3n a un particular en una expropiaci\u00f3n de predio en 2003.<\/p>\n\n\n\n<p>En atenci\u00f3n a la notificaci\u00f3n realizada por los Juzgados de Distrito respecto al amparo 520\/2015 el pasado 21 de octubre del 2020, pese a que los hechos no corresponden a la administraci\u00f3n actual, se acatar\u00e1 la resoluci\u00f3n de pagar la cantidad de 18 millones 270 mil pesos a la persona en cuesti\u00f3n.&nbsp;<\/p>\n\n\n\n<p>Castillo P\u00e9rez, inform\u00f3 a los miembros del cuerpo edilicio que la sentencia de amparo le fue otorgada al particular desde 2015, pero no se hab\u00eda realizado el pago por las anteriores administraciones. Por este motivo, en uso de sus funciones, desde 2018 se iniciaron las acciones correspondientes para la resoluci\u00f3n de este conflicto.<\/p>\n\n\n\n<p>\u201cEsta administraci\u00f3n no adquiri\u00f3 esas deudas, ni tampoco esos juicios. [\u2026] Este es el ejemplo, y la repercusi\u00f3n de cuando no se le respetan los derechos a la ciudadan\u00eda. La sindicatura, a trav\u00e9s de los informes diversos, ha exhibido y ha demostrado que se sigue en defensa del patrimonio municipal y de la ciudadan\u00eda\u201d, indic\u00f3 Gonzalo Castillo.<\/p>\n\n\n\n<p>A esta sesi\u00f3n extraordinaria asistieron 22 regidores, as\u00ed como la secretaria de Ayuntamiento, Liza Aceves L\u00f3pez.<\/p>\n\n\n\n<p>Fuente: <a rel=\"noreferrer noopener\" href=\"https:\/\/bit.ly\/3kBD34q\" target=\"_blank\">https:\/\/bit.ly\/3kBD34q<\/a><\/p>\n","protected":false},"excerpt":{"rendered":"<p>REDACCI\u00d3N Durante la trig\u00e9simo octava sesi\u00f3n Extraordinaria de Cabildo, presidida por Iv\u00e1n Camacho Mendoza, presidente de la Comisi\u00f3n de Gobernaci\u00f3n [&hellip;]<\/p>\n","protected":false},"author":1,"featured_media":603,"comment_status":"open","ping_status":"open","sticky":false,"template":"","format":"standard","meta":{"site-sidebar-layout":"default","site-content-layout":"","ast-site-content-layout":"default","site-content-style":"default","site-sidebar-style":"default","ast-global-header-display":"","ast-banner-title-visibility":"","ast-main-header-display":"","ast-hfb-above-header-display":"","ast-hfb-below-header-display":"","ast-hfb-mobile-header-display":"","site-post-title":"","ast-breadcrumbs-content":"","ast-featured-img":"","footer-sml-layout":"","theme-transparent-header-meta":"","adv-header-id-meta":"","stick-header-meta":"","header-above-stick-meta":"","header-main-stick-meta":"","header-below-stick-meta":"","astra-migrate-meta-layouts":"default","ast-page-background-enabled":"default","ast-page-background-meta":{"desktop":{"background-color":"var(--ast-global-color-4)","background-image":"","background-repeat":"repeat","background-position":"center center","background-size":"auto","background-attachment":"scroll","background-type":"","background-media":"","overlay-type":"","overlay-color":"","overlay-opacity":"","overlay-gradient":""},"tablet":{"background-color":"","background-image":"","background-repeat":"repeat","background-position":"center center","background-size":"auto","background-attachment":"scroll","background-type":"","background-media":"","overlay-type":"","overlay-color":"","overlay-opacity":"","overlay-gradient":""},"mobile":{"background-color":"","background-image":"","background-repeat":"repeat","background-position":"center center","background-size":"auto","background-attachment":"scroll","background-type":"","background-media":"","overlay-type":"","overlay-color":"","overlay-opacity":"","overlay-gradient":""}},"ast-content-background-meta":{"desktop":{"background-color":"var(--ast-global-color-5)","background-image":"","background-repeat":"repeat","background-position":"center center","background-size":"auto","background-attachment":"scroll","background-type":"","background-media":"","overlay-type":"","overlay-color":"","overlay-opacity":"","overlay-gradient":""},"tablet":{"background-color":"var(--ast-global-color-5)","background-image":"","background-repeat":"repeat","background-position":"center center","background-size":"auto","background-attachment":"scroll","background-type":"","background-media":"","overlay-type":"","overlay-color":"","overlay-opacity":"","overlay-gradient":""},"mobile":{"background-color":"var(--ast-global-color-5)","background-image":"","background-repeat":"repeat","background-position":"center center","background-size":"auto","background-attachment":"scroll","background-type":"","background-media":"","overlay-type":"","overlay-color":"","overlay-opacity":"","overlay-gradient":""}},"footnotes":""},"categories":[8],"tags":[],"class_list":["post-602","post","type-post","status-publish","format-standard","has-post-thumbnail","hentry","category-noticias"],"_links":{"self":[{"href":"https:\/\/losperiodistas.com.mx\/portal\/wp-json\/wp\/v2\/posts\/602","targetHints":{"allow":["GET"]}}],"collection":[{"href":"https:\/\/losperiodistas.com.mx\/portal\/wp-json\/wp\/v2\/posts"}],"about":[{"href":"https:\/\/losperiodistas.com.mx\/portal\/wp-json\/wp\/v2\/types\/post"}],"author":[{"embeddable":true,"href":"https:\/\/losperiodistas.com.mx\/portal\/wp-json\/wp\/v2\/users\/1"}],"replies":[{"embeddable":true,"href":"https:\/\/losperiodistas.com.mx\/portal\/wp-json\/wp\/v2\/comments?post=602"}],"version-history":[{"count":1,"href":"https:\/\/losperiodistas.com.mx\/portal\/wp-json\/wp\/v2\/posts\/602\/revisions"}],"predecessor-version":[{"id":604,"href":"https:\/\/losperiodistas.com.mx\/portal\/wp-json\/wp\/v2\/posts\/602\/revisions\/604"}],"wp:featuredmedia":[{"embeddable":true,"href":"https:\/\/losperiodistas.com.mx\/portal\/wp-json\/wp\/v2\/media\/603"}],"wp:attachment":[{"href":"https:\/\/losperiodistas.com.mx\/portal\/wp-json\/wp\/v2\/media?parent=602"}],"wp:term":[{"taxonomy":"category","embeddable":true,"href":"https:\/\/losperiodistas.com.mx\/portal\/wp-json\/wp\/v2\/categories?post=602"},{"taxonomy":"post_tag","embeddable":true,"href":"https:\/\/losperiodistas.com.mx\/portal\/wp-json\/wp\/v2\/tags?post=602"}],"curies":[{"name":"wp","href":"https:\/\/api.w.org\/{rel}","templated":true}]}}