{"id":60157,"date":"2023-10-03T11:30:10","date_gmt":"2023-10-03T16:30:10","guid":{"rendered":"http:\/\/losperiodistas.com.mx\/portal\/?p=60157"},"modified":"2023-10-03T11:30:12","modified_gmt":"2023-10-03T16:30:12","slug":"descubren-siete-relatos-ineditos-de-julio-cortazar-abc","status":"publish","type":"post","link":"https:\/\/losperiodistas.com.mx\/portal\/descubren-siete-relatos-ineditos-de-julio-cortazar-abc\/","title":{"rendered":"Descubren siete relatos in\u00e9ditos de Julio Cort\u00e1zar | ABC"},"content":{"rendered":"\n<h2 class=\"has-background has-medium-font-size wp-block-heading\" style=\"background-color:#a1f74b\">Las historias, que nunca han sido publicadas, forman parte del mecanuscrito original de &#8216;Historias de Cronopios y de Famas&#8217; fechado en Par\u00eds en 1952 que fue encontrado en una biblioteca privada<\/h2>\n\n\n\n<div class=\"wp-block-image is-style-default\"><figure class=\"aligncenter size-large\"><img fetchpriority=\"high\" decoding=\"async\" width=\"1024\" height=\"716\" src=\"https:\/\/losperiodistas.com.mx\/portal\/wp-content\/uploads\/2023\/10\/Captura-de-Pantalla-2023-10-03-a-las-10.20.08-1024x716.jpg\" alt=\"\" class=\"wp-image-60158\" srcset=\"https:\/\/losperiodistas.com.mx\/portal\/wp-content\/uploads\/2023\/10\/Captura-de-Pantalla-2023-10-03-a-las-10.20.08-1024x716.jpg 1024w, https:\/\/losperiodistas.com.mx\/portal\/wp-content\/uploads\/2023\/10\/Captura-de-Pantalla-2023-10-03-a-las-10.20.08-300x210.jpg 300w, https:\/\/losperiodistas.com.mx\/portal\/wp-content\/uploads\/2023\/10\/Captura-de-Pantalla-2023-10-03-a-las-10.20.08-768x537.jpg 768w, https:\/\/losperiodistas.com.mx\/portal\/wp-content\/uploads\/2023\/10\/Captura-de-Pantalla-2023-10-03-a-las-10.20.08.jpg 1522w\" sizes=\"(max-width: 1024px) 100vw, 1024px\" \/><figcaption>AFP<\/figcaption><\/figure><\/div>\n\n\n\n<p class=\"has-vivid-red-color has-text-color has-medium-font-size\"><strong>JUAN PEDRO QUI\u00d1ONERO \/ ABC<\/strong><\/p>\n\n\n\n<p>El pr\u00f3ximo d\u00eda 12 de este mes de octubre se subastar\u00e1n 46 textos mecanografiados de&nbsp;<a href=\"https:\/\/www.abc.es\/cultura\/cultural\/pedro-garcia-cuartango-paris-fiesta-20221024175807-nt.html\">Julio Cort\u00e1zar&nbsp;<\/a>(1914-1984), fechados en Par\u00eds en 1952, parcialmente in\u00e9ditos: un tesoro precioso que ayudar\u00e1 a reconstruir la matriz esencial de la obra de uno de los grandes maestros de la literaturas americanas escritas en espa\u00f1ol, junto a Borges, Neruda, Octavio Paz, Juan Carlos Onetti.<\/p>\n\n\n\n<p>Esos textos proceden de una biblioteca particular y han sido descubiertos tras el fallecimiento de su propietario. Estaban recogidos en el mecanuscrito original de las &#8216;Historias de cronopios y de famas&#8217; (1962), que incluye una decena de in\u00e9ditos. Las casas de subastas Zorrilla (Uruguay) e Hilario (Argentina) han valorado el mecanuscrito entre 15.000 y 20.000 euros. Una ganga.<\/p>\n\n\n\n<p class=\"has-cyan-bluish-gray-background-color has-background\">NOTICIA RELACIONADA | ILUMINACIONES<\/p>\n\n\n\n<h3 class=\"wp-block-heading\"><a href=\"https:\/\/www.abc.es\/abc\/abcnacional\/noticias\/202210\/21\/cultura\/cultural\/opinion-cuartango-paris.xml#vca=modulo-rel-uno&amp;vso=abc&amp;vmc=noticias-rel&amp;vli=cultura\">Par\u00eds era una fiesta<\/a> PEDRO GARC\u00cdA CUARTANGO<\/h3>\n\n\n\n<p>La casa de subastas Zorrilla se\u00f1ala que el documento fue encontrado en el fondo de un caj\u00f3n de libros no catalogados. Adem\u00e1s, aseguran que \u00abel original, en muy buen estado, se entrega conservado en una caja hecha &#8216;ad hoc&#8217; con materiales de conservaci\u00f3n patrimonial\u00bb.<\/p>\n\n\n\n<p>Mucho m\u00e1s all\u00e1 del valor monetario, esos relatos pueden tener su importancia para la historia literaria. Fueron escritos entre Buenos Aires y el primer a\u00f1o de estancia en Par\u00eds del joven C\u00f3rtazar. Son la matriz de su obra m\u00e1s subversiva, entre &#8216;Bestiario&#8217; (1951) y &#8216;El libro de Manuel&#8217; (1973), e incluye varias obras maestras, como &#8216;Las armas secretas&#8217; (1959), &#8216;El perseguidor&#8217; (1959), &#8216;<a href=\"https:\/\/www.abc.es\/cultura\/rayuela-julio-cortazar-fantasmas-gigante-infeliz-20230729150311-nt.html\">Rayuela<\/a>&#8216; (1963), &#8216;Todos los fuegos el fuego&#8217; (1966) o &#8217;62. Modelo para armar&#8217; (1968).<\/p>\n\n\n\n<p id=\"textjs_Intext\"><\/p>\n\n\n\n<h3 class=\"wp-block-heading\">Terminolog\u00eda propia<\/h3>\n\n\n\n<p>&#8216;El libro de Manuel&#8217; marc\u00f3 una nueva etapa en la obra y la vida c\u00edvica de Cort\u00e1zar: el joven &#8216;cronopio&#8217; se convirti\u00f3 en por momentos en &#8216;fama&#8217; defendiendo causas que en otro tiempo no siempre fueron suyas, con el estilo propio de los grandes hombres instalados en el pedestal de la gloria, muy alejados de una juventud ganada en otras causas menos pomposas.<\/p>\n\n\n\n<p>En la terminolog\u00eda literaria de&nbsp;<a href=\"https:\/\/www.abc.es\/cultura\/libros\/enrique-vilamatas-autoficcion-existe-redundancia-20220831173135-nt.html\">Cort\u00e1zar<\/a>, el &#8216;cronopio&#8217; es un libertario emparentado con dada\u00edstas y surrealistas, un poeta subversivo, un \u00abasocial que vive al margen de las cosas, contra el orden establecido\u00bb. Por el contrario, el &#8216;fama&#8217; es un personaje que encarna y defiende el Orden de las Cosas Dominantes, del banquero al comisario pol\u00edtico, pasando por todas las castas pol\u00edticas y burocr\u00e1ticas.<\/p>\n\n\n\n<p>Cort\u00e1zar naci\u00f3 por azar en la periferia de Bruselas, descubri\u00f3 la arquitectura fant\u00e1stica en su primera infancia, en Barcelona, en el Parque G\u00fcell, y abandon\u00f3 su incipiente carrera de joven profesor y traductor cuando descubri\u00f3, en Buenos Aires, a dos gigantescos &#8216;cronopios&#8217;, Ram\u00f3n G\u00f3mez de la Serna y Jean Cocteau.<\/p>\n\n\n\n<p>Tras su lectura de &#8216;Opio. Diario de una desintoxicaci\u00f3n&#8217;, de Cocteau, Cort\u00e1zar cont\u00f3 de este modo la importancia de esa revelaci\u00f3n: \u00abLa mayor\u00eda de mis cuentos nacieron de sue\u00f1os, pesadillas, escritos en un estado otro, intentado curar una obsesi\u00f3n\u00bb. Cocteau introdujo a Cortazar en el dada\u00edsmo, en el surrealismo, en la obra de Buster Keaton, Bu\u00f1uel, Chaplin, Picasso, Proust, Radiguet, Roussell, Mallarme, Strawinsky. Ah\u00ed es nada.<\/p>\n\n\n\n<p>Cort\u00e1zar descubri\u00f3 a Cocteau a trav\u00e9s de la traducci\u00f3n de Ram\u00f3n G\u00f3mez de la Serna, la otra semilla fundacional que el autor de &#8216;Rayuela&#8217; resumir\u00eda de este modo: \u00abEstar influido por Ram\u00f3n es mucho m\u00e1s que la influencia en s\u00ed, abre una inmensa pantalla por la que se mete una gran poes\u00eda, una aprehensi\u00f3n l\u00fadica del mundo [&#8230;] seguimos respirando el aire de Ram\u00f3n, su lecci\u00f3n inigualada de libertad y de imaginaci\u00f3n [&#8230;] cuando se ha vivido en la intimidad de un agitador semejante, nada de lo que se escriba podr\u00e1 situarse al margen de esa gran ventana sobre la libertad mental\u00bb.<\/p>\n\n\n\n<p>Pertrechado con tan fabuloso equipaje literario, huyendo del populismo peronista, Cort\u00e1zar se instal\u00f3 en Par\u00eds, contrajo matrimonio con Aurora Bernardez, realiz\u00f3 traducciones legendarias de Poe, Keats, Yourcenar, entre otros grandes cl\u00e1sicos, y trabaj\u00f3 como traductor en la Unesco, donde escribi\u00f3 &#8216;Rayuela&#8217;.<\/p>\n\n\n\n<p>Ese es el paisaje \u00edntimo del Cort\u00e1zar de los in\u00e9ditos que saldr\u00e1n a la venta p\u00fablica, internacional, dentro de unos d\u00edas.<\/p>\n\n\n\n<p>El Cort\u00e1zar posterior descubrir\u00eda la pol\u00edtica en el lecho de Ugn\u00e9 Karvelis. M\u00e1s tarde, con Carol Dunlop, seguir\u00eda viajando, sin volver nunca a la tierra de sus antiguos \u00abcronopios\u00bb. Quedar\u00edan muy atr\u00e1s las tertulias porte\u00f1as con Victoria Ocampo, sus primeras denuncias del \u00abcompromiso pol\u00edtico\u00bb (durante su primer viaje a La Habana). Nunca podr\u00eda salvar a Lezama Lima del ostracismo pol\u00edtico castrista.<\/p>\n\n\n\n<p>Su &#8216;Policl\u00ednica en la hora de los chacales&#8217; (1971) ilustr\u00f3 de alguna manera su amargura ante la evoluci\u00f3n del castrismo, sin ruptura intempestiva. Abriendo nuevas crisis y enfrentamientos personales. El antiguo &#8216;cronopio&#8217;, poeta subversivo, marginal heroico, dej\u00f3 paso a un amago de &#8216;fama&#8217;, participando en todo tipo de actividades pol\u00edticas para denunciar las tiran\u00edas americanas.<\/p>\n\n\n\n<h3 class=\"wp-block-heading\">Hombre p\u00fablico<\/h3>\n\n\n\n<p>El nuevo hombre p\u00fablico decidi\u00f3 nacionalizarse franc\u00e9s, cuando Fran\u00e7ois Mitterrand fue elegido presidente (1981). Se instal\u00f3 en el pedestal del gran hombre p\u00fablico defendiendo causas que \u00e9l consideraba justas.<\/p>\n\n\n\n<p>Cort\u00e1zar nunca fue un &#8216;fama&#8217; del tipo de Garc\u00eda M\u00e1rquez o Vargas Llosa. Pero nunca volvi\u00f3 a ser suya la imagen del &#8216;cronopio&#8217; que adoraba el &#8216;bebop&#8217; y cantaba la gloria de personajes fant\u00e1sticos y perdedores legendarios, como el protagonista de &#8216;El perseguidor&#8217;, dedicado a un Charlie Parker, ebrio, entonando una m\u00fasica inolvidable, de rodillas, ante la terraza de un bar de Saint-Germain-des-Pr\u00e9s.<\/p>\n\n\n\n<p>El universo de los in\u00e9ditos que subastar\u00e1n en Montevideo, es, justamente, ese universo l\u00edrico y \u00e9pico del primer Cort\u00e1zar. De ah\u00ed su condici\u00f3n de tesoro de imprescindible rescate para la historia literaria de la lengua espa\u00f1ola, escrita entre las Am\u00e9ricas y un Par\u00eds por donde sigue deambulando la figura de un &#8216;cronopio&#8217; inmortal.<\/p>\n\n\n\n<p>Fuente: <a href=\"https:\/\/www.abc.es\/cultura\/descubren-siete-relatos-ineditos-julio-cortazar-20231003122140-nt.html\">https:\/\/www.abc.es\/cultura\/descubren-siete-relatos-ineditos-julio-cortazar-20231003122140-nt.html<\/a><\/p>\n","protected":false},"excerpt":{"rendered":"<p>Las historias, que nunca han sido publicadas, forman parte del mecanuscrito original de &#8216;Historias de Cronopios y de Famas&#8217; fechado [&hellip;]<\/p>\n","protected":false},"author":1,"featured_media":60158,"comment_status":"open","ping_status":"open","sticky":false,"template":"","format":"standard","meta":{"site-sidebar-layout":"default","site-content-layout":"","ast-site-content-layout":"default","site-content-style":"default","site-sidebar-style":"default","ast-global-header-display":"","ast-banner-title-visibility":"","ast-main-header-display":"","ast-hfb-above-header-display":"","ast-hfb-below-header-display":"","ast-hfb-mobile-header-display":"","site-post-title":"","ast-breadcrumbs-content":"","ast-featured-img":"","footer-sml-layout":"","theme-transparent-header-meta":"","adv-header-id-meta":"","stick-header-meta":"","header-above-stick-meta":"","header-main-stick-meta":"","header-below-stick-meta":"","astra-migrate-meta-layouts":"default","ast-page-background-enabled":"default","ast-page-background-meta":{"desktop":{"background-color":"var(--ast-global-color-4)","background-image":"","background-repeat":"repeat","background-position":"center center","background-size":"auto","background-attachment":"scroll","background-type":"","background-media":"","overlay-type":"","overlay-color":"","overlay-opacity":"","overlay-gradient":""},"tablet":{"background-color":"","background-image":"","background-repeat":"repeat","background-position":"center center","background-size":"auto","background-attachment":"scroll","background-type":"","background-media":"","overlay-type":"","overlay-color":"","overlay-opacity":"","overlay-gradient":""},"mobile":{"background-color":"","background-image":"","background-repeat":"repeat","background-position":"center center","background-size":"auto","background-attachment":"scroll","background-type":"","background-media":"","overlay-type":"","overlay-color":"","overlay-opacity":"","overlay-gradient":""}},"ast-content-background-meta":{"desktop":{"background-color":"var(--ast-global-color-5)","background-image":"","background-repeat":"repeat","background-position":"center center","background-size":"auto","background-attachment":"scroll","background-type":"","background-media":"","overlay-type":"","overlay-color":"","overlay-opacity":"","overlay-gradient":""},"tablet":{"background-color":"var(--ast-global-color-5)","background-image":"","background-repeat":"repeat","background-position":"center center","background-size":"auto","background-attachment":"scroll","background-type":"","background-media":"","overlay-type":"","overlay-color":"","overlay-opacity":"","overlay-gradient":""},"mobile":{"background-color":"var(--ast-global-color-5)","background-image":"","background-repeat":"repeat","background-position":"center center","background-size":"auto","background-attachment":"scroll","background-type":"","background-media":"","overlay-type":"","overlay-color":"","overlay-opacity":"","overlay-gradient":""}},"footnotes":""},"categories":[8],"tags":[7828,19331,19332],"class_list":["post-60157","post","type-post","status-publish","format-standard","has-post-thumbnail","hentry","category-noticias","tag-julio-cortazar","tag-relatos-ineditos","tag-subasta-46-textos-cortazar"],"_links":{"self":[{"href":"https:\/\/losperiodistas.com.mx\/portal\/wp-json\/wp\/v2\/posts\/60157","targetHints":{"allow":["GET"]}}],"collection":[{"href":"https:\/\/losperiodistas.com.mx\/portal\/wp-json\/wp\/v2\/posts"}],"about":[{"href":"https:\/\/losperiodistas.com.mx\/portal\/wp-json\/wp\/v2\/types\/post"}],"author":[{"embeddable":true,"href":"https:\/\/losperiodistas.com.mx\/portal\/wp-json\/wp\/v2\/users\/1"}],"replies":[{"embeddable":true,"href":"https:\/\/losperiodistas.com.mx\/portal\/wp-json\/wp\/v2\/comments?post=60157"}],"version-history":[{"count":1,"href":"https:\/\/losperiodistas.com.mx\/portal\/wp-json\/wp\/v2\/posts\/60157\/revisions"}],"predecessor-version":[{"id":60159,"href":"https:\/\/losperiodistas.com.mx\/portal\/wp-json\/wp\/v2\/posts\/60157\/revisions\/60159"}],"wp:featuredmedia":[{"embeddable":true,"href":"https:\/\/losperiodistas.com.mx\/portal\/wp-json\/wp\/v2\/media\/60158"}],"wp:attachment":[{"href":"https:\/\/losperiodistas.com.mx\/portal\/wp-json\/wp\/v2\/media?parent=60157"}],"wp:term":[{"taxonomy":"category","embeddable":true,"href":"https:\/\/losperiodistas.com.mx\/portal\/wp-json\/wp\/v2\/categories?post=60157"},{"taxonomy":"post_tag","embeddable":true,"href":"https:\/\/losperiodistas.com.mx\/portal\/wp-json\/wp\/v2\/tags?post=60157"}],"curies":[{"name":"wp","href":"https:\/\/api.w.org\/{rel}","templated":true}]}}