{"id":60150,"date":"2023-10-03T11:03:49","date_gmt":"2023-10-03T16:03:49","guid":{"rendered":"http:\/\/losperiodistas.com.mx\/portal\/?p=60150"},"modified":"2023-10-03T11:03:51","modified_gmt":"2023-10-03T16:03:51","slug":"por-que-creemos-que-algo-sobrenatural-es-la-causa-de-los-eventos-naturales-acyv","status":"publish","type":"post","link":"https:\/\/losperiodistas.com.mx\/portal\/por-que-creemos-que-algo-sobrenatural-es-la-causa-de-los-eventos-naturales-acyv\/","title":{"rendered":"\u00bfPor qu\u00e9 creemos que algo sobrenatural es la causa de los eventos naturales? | ACyV"},"content":{"rendered":"\n<h2 class=\"has-background has-medium-font-size wp-block-heading\" style=\"background-color:#b242f1\">Expresiones como \u00abEl universo est\u00e1 hoy en mi contra\u00bb oscilan entre la inercia hereditaria y el desconocimiento que no ha dejado de rodearnos, porque, cuanto m\u00e1s sabemos, m\u00e1s nos queda por saber<\/h2>\n\n\n\n<div class=\"wp-block-image is-style-default\"><figure class=\"aligncenter size-large\"><img fetchpriority=\"high\" decoding=\"async\" width=\"1024\" height=\"768\" src=\"https:\/\/losperiodistas.com.mx\/portal\/wp-content\/uploads\/2023\/10\/f.elconfidencial.com_original_9cc_87e_0f2_9cc87e0f240fc64bec286e83524022af-1024x768.jpg\" alt=\"\" class=\"wp-image-60151\" srcset=\"https:\/\/losperiodistas.com.mx\/portal\/wp-content\/uploads\/2023\/10\/f.elconfidencial.com_original_9cc_87e_0f2_9cc87e0f240fc64bec286e83524022af-1024x768.jpg 1024w, https:\/\/losperiodistas.com.mx\/portal\/wp-content\/uploads\/2023\/10\/f.elconfidencial.com_original_9cc_87e_0f2_9cc87e0f240fc64bec286e83524022af-300x225.jpg 300w, https:\/\/losperiodistas.com.mx\/portal\/wp-content\/uploads\/2023\/10\/f.elconfidencial.com_original_9cc_87e_0f2_9cc87e0f240fc64bec286e83524022af-768x576.jpg 768w, https:\/\/losperiodistas.com.mx\/portal\/wp-content\/uploads\/2023\/10\/f.elconfidencial.com_original_9cc_87e_0f2_9cc87e0f240fc64bec286e83524022af.jpg 1200w\" sizes=\"(max-width: 1024px) 100vw, 1024px\" \/><figcaption>(iStock)<\/figcaption><\/figure><\/div>\n\n\n\n<p class=\"has-vivid-red-color has-text-color has-medium-font-size\"><strong>C. MAC\u00cdAS \/ ACyV<\/strong><\/p>\n\n\n\n<p class=\"has-drop-cap\">Lo sobrenatural forma parte de cultura humana desde el instante mismo de su invenci\u00f3n, puesto que por m\u00e1s que lo intentemos, la realidad nos resulta inabarcable en su totalidad. En todas las sociedades, desde que existen registros de la historia humana, la gente ha explicado todo tipo de fen\u00f3menos que a priori forman parte de esa parte desconocida de&nbsp;<strong>la realidad en el mundo mediante una intervenci\u00f3n divina,<\/strong>&nbsp;por ejemplo, como asuntos religiosos y m\u00edsticos.<\/p>\n\n\n\n<p>De esta forma, algunas civilizaciones antiguas creyeron que ten\u00edan que sacrificar a personas inocentes para complacer a los dioses y traer la lluvia cuando llegaban per\u00edodos de sequ\u00eda. Parece un asunto lejano, pero&nbsp;<strong>aunque ya hayamos entendido que no funciona as\u00ed, siguen habiendo muchos acontecimientos<\/strong>&nbsp;de la naturaleza que se quedan en el aire.<\/p>\n\n\n\n<div class=\"wp-block-image is-style-default\"><figure class=\"alignleft is-resized\"><img decoding=\"async\" src=\"https:\/\/images.ecestaticos.com\/quyQDpA_vQteN9M0BWIQYa2wwc8=\/0x0:2272x1505\/1200x900\/filters:fill(white):format(jpg)\/f.elconfidencial.com%2Foriginal%2F569%2Fab4%2F96b%2F569ab496b68909ff6270a24e9d81260c.jpg\" alt=\"Foto: Fuente: iStock\" width=\"-470\" height=\"-352\"\/><\/figure><\/div>\n\n\n\n<p>TE PUEDE INTERESAR<a href=\"https:\/\/www.elconfidencial.com\/alma-corazon-vida\/2022-02-23\/por-que-algunas-personas-creen-en-fenomenos-paranormales_3378175\/\">\u00bfPor qu\u00e9 algunas personas creen en fen\u00f3menos paranormales? Un nuevo estudio lo explica<\/a>ACyV<\/p>\n\n\n\n<p><\/p>\n\n\n\n<p><\/p>\n\n\n\n<p><\/p>\n\n\n\n<p><\/p>\n\n\n\n<p>Cient\u00edficos, fil\u00f3sofos y te\u00f3logos han hurgado en esta pregunta durante siglos.<strong>\u00a0\u00bfPor qu\u00e9 cuando no encontramos respuesta en nuestra raz\u00f3n le otorgamos esta a fuerzas inalcanzables?<\/strong>\u00a0Podr\u00edamos decir que por un af\u00e1n de la misma, es decir, por tener una respuesta. Sin embargo, los expertos no la tienen, o al menos no tienen una sola, sino muchas.<\/p>\n\n\n\n<h2 class=\"wp-block-heading\">El \u00abdios de los huecos\u00bb<\/h2>\n\n\n\n<p>Por un lado, est\u00e1<strong>&nbsp;la llamada hip\u00f3tesis del \u00abdios de los huecos\u00bb<\/strong>, desde la idea b\u00e1sica de que las personas tienden a inferir explicaciones sobrenaturales a fen\u00f3menos que no comprenden, especialmente si tienen agentes causales ambiguos o indefinidos, explicaciones que tienden a abandonar cuando la ciencia es capaz de explicarlos.<\/p>\n\n\n\n<figure class=\"wp-block-image size-large is-style-default\"><img decoding=\"async\" width=\"1024\" height=\"576\" src=\"https:\/\/losperiodistas.com.mx\/portal\/wp-content\/uploads\/2023\/10\/f.elconfidencial.com_original_c5e_b80_e04_c5eb80e046b818b9fdc22d27cc1e2492-1024x576.jpg\" alt=\"\" class=\"wp-image-60153\" srcset=\"https:\/\/losperiodistas.com.mx\/portal\/wp-content\/uploads\/2023\/10\/f.elconfidencial.com_original_c5e_b80_e04_c5eb80e046b818b9fdc22d27cc1e2492-1024x576.jpg 1024w, https:\/\/losperiodistas.com.mx\/portal\/wp-content\/uploads\/2023\/10\/f.elconfidencial.com_original_c5e_b80_e04_c5eb80e046b818b9fdc22d27cc1e2492-300x169.jpg 300w, https:\/\/losperiodistas.com.mx\/portal\/wp-content\/uploads\/2023\/10\/f.elconfidencial.com_original_c5e_b80_e04_c5eb80e046b818b9fdc22d27cc1e2492-768x432.jpg 768w, https:\/\/losperiodistas.com.mx\/portal\/wp-content\/uploads\/2023\/10\/f.elconfidencial.com_original_c5e_b80_e04_c5eb80e046b818b9fdc22d27cc1e2492.jpg 1200w\" sizes=\"(max-width: 1024px) 100vw, 1024px\" \/><figcaption>(iStock)<\/figcaption><\/figure>\n\n\n\n<p>Muchos investigadores han considerado siempre que las personas podr\u00edan ser m\u00e1s propensas a utilizar explicaciones sobrenaturales&nbsp;<strong>para incidentes clim\u00e1ticos o desastres naturales y no tanto para eventos sociales<\/strong>, como un robo o un asesinato; porque, al fin y al cabo, en los \u00faltimos suele haber una mano causante.<\/p>\n\n\n\n<p>Como explica Danica Dillion, especialista en psicolog\u00eda moral de la Universidad de Carolina del Norte, en Estados Unidos, a&nbsp;<em><a href=\"https:\/\/www.discovermagazine.com\/mind\/why-we-believe-that-the-supernatural-causes-natural-events\" target=\"_blank\" rel=\"noreferrer noopener\">Discover Magazine<\/a><\/em>&nbsp;\u00abla gente tiende a asignar responsabilidad a agentes intencionales cuando ocurren eventos, y es m\u00e1s probable que recurra a la intervenci\u00f3n divina&nbsp;<strong>cuando no hay nadie a quien culpar<\/strong>\u00ab. Dillion es coautora de un estudio para el que junto a otros compa\u00f1eros analiz\u00f3 textos etnogr\u00e1ficos de 114 sociedades hist\u00f3ricas en busca de patrones claros.<\/p>\n\n\n\n<h2 class=\"wp-block-heading\">A donde no llega la raz\u00f3n<\/h2>\n\n\n\n<p>Para ello, incluyeron en su radar escritos de grupos n\u00f3madas de cazadores-recolectores, de sociedades pesqueras y hort\u00edcolas y de grandes sociedades con ciudades. En todos los casos, encontraron que \u00abla mayor\u00eda de las explicaciones a eventos sobrenaturales se atribuyeron a las acciones de agentes sobrenaturales como&nbsp;<strong>dioses, esp\u00edritus ancestrales y practicantes de magia<\/strong>, incluso algunos se atribuyeron a fuerzas sobrenaturales como el karma y el mal de ojo\u00bb, en palabras de Dillion.<\/p>\n\n\n\n<figure class=\"wp-block-image size-large is-style-default\"><img decoding=\"async\" width=\"1024\" height=\"576\" src=\"https:\/\/losperiodistas.com.mx\/portal\/wp-content\/uploads\/2023\/10\/f.elconfidencial.com_original_a6c_ba4_e69_a6cba4e696afde76d00572bbc000e098-1024x576.jpg\" alt=\"\" class=\"wp-image-60152\" srcset=\"https:\/\/losperiodistas.com.mx\/portal\/wp-content\/uploads\/2023\/10\/f.elconfidencial.com_original_a6c_ba4_e69_a6cba4e696afde76d00572bbc000e098-1024x576.jpg 1024w, https:\/\/losperiodistas.com.mx\/portal\/wp-content\/uploads\/2023\/10\/f.elconfidencial.com_original_a6c_ba4_e69_a6cba4e696afde76d00572bbc000e098-300x169.jpg 300w, https:\/\/losperiodistas.com.mx\/portal\/wp-content\/uploads\/2023\/10\/f.elconfidencial.com_original_a6c_ba4_e69_a6cba4e696afde76d00572bbc000e098-768x432.jpg 768w, https:\/\/losperiodistas.com.mx\/portal\/wp-content\/uploads\/2023\/10\/f.elconfidencial.com_original_a6c_ba4_e69_a6cba4e696afde76d00572bbc000e098.jpg 1200w\" sizes=\"(max-width: 1024px) 100vw, 1024px\" \/><figcaption>(iStock)<\/figcaption><\/figure>\n\n\n\n<p>Se trata de resultados que coinciden con los de investigaciones previas, lo que permite generar una l\u00ednea de estudio propia en torno a la antropomorfizaci\u00f3n de los fen\u00f3menos y eventos naturales, donde podr\u00edamos encajar expresiones mismas de nuestro d\u00eda a d\u00eda, como<strong>&nbsp;\u00abel Universo est\u00e1 hoy en mi contra\u00bb&nbsp;<\/strong>que oscilan entre la inercia hereditaria y el desconocimiento que no ha dejado de rodearnos.<\/p>\n\n\n\n<p>En ese sentido, el psic\u00f3logo Jesse Bering explica en otra investigaci\u00f3n que debido a que los seres humanos prosperamos de forma colectiva, somos\u00a0<strong>sensibles a la detecci\u00f3n de los agentes en nuestros entornos,<\/strong>\u00a0\u00abprobablemente porque dedicamos gran parte de nuestra energ\u00eda y recursos a comprender las motivaciones de otras personas\u00bb.<\/p>\n\n\n\n<p>Fuente: <a href=\"https:\/\/www.elconfidencial.com\/alma-corazon-vida\/2023-10-03\/por-que-creemos-causa-sobrenatural-catastrofes_3743444\/\">https:\/\/www.elconfidencial.com\/alma-corazon-vida\/2023-10-03\/por-que-creemos-causa-sobrenatural-catastrofes_3743444\/<\/a><\/p>\n","protected":false},"excerpt":{"rendered":"<p>Expresiones como \u00abEl universo est\u00e1 hoy en mi contra\u00bb oscilan entre la inercia hereditaria y el desconocimiento que no ha [&hellip;]<\/p>\n","protected":false},"author":1,"featured_media":60151,"comment_status":"open","ping_status":"open","sticky":false,"template":"","format":"standard","meta":{"site-sidebar-layout":"default","site-content-layout":"","ast-site-content-layout":"default","site-content-style":"default","site-sidebar-style":"default","ast-global-header-display":"","ast-banner-title-visibility":"","ast-main-header-display":"","ast-hfb-above-header-display":"","ast-hfb-below-header-display":"","ast-hfb-mobile-header-display":"","site-post-title":"","ast-breadcrumbs-content":"","ast-featured-img":"","footer-sml-layout":"","theme-transparent-header-meta":"","adv-header-id-meta":"","stick-header-meta":"","header-above-stick-meta":"","header-main-stick-meta":"","header-below-stick-meta":"","astra-migrate-meta-layouts":"default","ast-page-background-enabled":"default","ast-page-background-meta":{"desktop":{"background-color":"var(--ast-global-color-4)","background-image":"","background-repeat":"repeat","background-position":"center center","background-size":"auto","background-attachment":"scroll","background-type":"","background-media":"","overlay-type":"","overlay-color":"","overlay-opacity":"","overlay-gradient":""},"tablet":{"background-color":"","background-image":"","background-repeat":"repeat","background-position":"center center","background-size":"auto","background-attachment":"scroll","background-type":"","background-media":"","overlay-type":"","overlay-color":"","overlay-opacity":"","overlay-gradient":""},"mobile":{"background-color":"","background-image":"","background-repeat":"repeat","background-position":"center center","background-size":"auto","background-attachment":"scroll","background-type":"","background-media":"","overlay-type":"","overlay-color":"","overlay-opacity":"","overlay-gradient":""}},"ast-content-background-meta":{"desktop":{"background-color":"var(--ast-global-color-5)","background-image":"","background-repeat":"repeat","background-position":"center center","background-size":"auto","background-attachment":"scroll","background-type":"","background-media":"","overlay-type":"","overlay-color":"","overlay-opacity":"","overlay-gradient":""},"tablet":{"background-color":"var(--ast-global-color-5)","background-image":"","background-repeat":"repeat","background-position":"center center","background-size":"auto","background-attachment":"scroll","background-type":"","background-media":"","overlay-type":"","overlay-color":"","overlay-opacity":"","overlay-gradient":""},"mobile":{"background-color":"var(--ast-global-color-5)","background-image":"","background-repeat":"repeat","background-position":"center center","background-size":"auto","background-attachment":"scroll","background-type":"","background-media":"","overlay-type":"","overlay-color":"","overlay-opacity":"","overlay-gradient":""}},"footnotes":""},"categories":[8],"tags":[19330,19329,19328],"class_list":["post-60150","post","type-post","status-publish","format-standard","has-post-thumbnail","hentry","category-noticias","tag-dios-de-los-huecos","tag-eventos-naturales","tag-sobrenatural"],"_links":{"self":[{"href":"https:\/\/losperiodistas.com.mx\/portal\/wp-json\/wp\/v2\/posts\/60150","targetHints":{"allow":["GET"]}}],"collection":[{"href":"https:\/\/losperiodistas.com.mx\/portal\/wp-json\/wp\/v2\/posts"}],"about":[{"href":"https:\/\/losperiodistas.com.mx\/portal\/wp-json\/wp\/v2\/types\/post"}],"author":[{"embeddable":true,"href":"https:\/\/losperiodistas.com.mx\/portal\/wp-json\/wp\/v2\/users\/1"}],"replies":[{"embeddable":true,"href":"https:\/\/losperiodistas.com.mx\/portal\/wp-json\/wp\/v2\/comments?post=60150"}],"version-history":[{"count":1,"href":"https:\/\/losperiodistas.com.mx\/portal\/wp-json\/wp\/v2\/posts\/60150\/revisions"}],"predecessor-version":[{"id":60154,"href":"https:\/\/losperiodistas.com.mx\/portal\/wp-json\/wp\/v2\/posts\/60150\/revisions\/60154"}],"wp:featuredmedia":[{"embeddable":true,"href":"https:\/\/losperiodistas.com.mx\/portal\/wp-json\/wp\/v2\/media\/60151"}],"wp:attachment":[{"href":"https:\/\/losperiodistas.com.mx\/portal\/wp-json\/wp\/v2\/media?parent=60150"}],"wp:term":[{"taxonomy":"category","embeddable":true,"href":"https:\/\/losperiodistas.com.mx\/portal\/wp-json\/wp\/v2\/categories?post=60150"},{"taxonomy":"post_tag","embeddable":true,"href":"https:\/\/losperiodistas.com.mx\/portal\/wp-json\/wp\/v2\/tags?post=60150"}],"curies":[{"name":"wp","href":"https:\/\/api.w.org\/{rel}","templated":true}]}}